{"id":305984,"date":"2025-08-08T21:44:17","date_gmt":"2025-08-08T21:44:17","guid":{"rendered":"https:\/\/www.europesays.com\/fr\/305984\/"},"modified":"2025-08-08T21:44:17","modified_gmt":"2025-08-08T21:44:17","slug":"donald-trump-confirme-quil-va-rencontrer-vladimir-poutine-tres-prochainement","status":"publish","type":"post","link":"https:\/\/www.europesays.com\/fr\/305984\/","title":{"rendered":"Donald Trump confirme qu&rsquo;il va rencontrer Vladimir Poutine \u00ab\u00a0tr\u00e8s prochainement\u00a0\u00bb"},"content":{"rendered":"<p>Le pr\u00e9sident am\u00e9ricain va rencontrer son homologue russe dans le cadre de sa m\u00e9diation pour mettre fin \u00e0 la guerre en Ukraine.<\/p>\n<p>Le pr\u00e9sident am\u00e9ricain Donald Trump a confirm\u00e9 vendredi 8 ao\u00fbt qu&rsquo;il rencontrera son homologue russe Vladimir Poutine \u00ab\u00a0tr\u00e8s prochainement\u00a0\u00bb dans un lieu qui a \u00e9t\u00e9 fix\u00e9, dans le cadre de sa m\u00e9diation <a href=\"https:\/\/www.bfmtv.com\/international\/amerique-nord\/etats-unis\/donald-trump\/presence-de-zelensky-date-indeterminee-ce-que-l-on-sait-de-la-possible-rencontre-entre-donald-trump-et-vladimir-poutine_AD-202508080267.html\" title=\"Pr\u00e9sence de Zelensky, date ind\u00e9termin\u00e9e\u2026 Ce que l&#039;on sait de la possible rencontre entre Donald Trump et Vladimir Poutine\" class=\"internal_link\" rel=\"nofollow noopener\" target=\"_blank\">pour mettre fin \u00e0 la guerre en Ukraine qui comprendra, selon lui, des \u00ab\u00a0\u00e9changes de territoires\u00a0\u00bb<\/a>.<\/p>\n<p>\u00ab\u00a0Je vais rencontrer le pr\u00e9sident Poutine tr\u00e8s prochainement\u00a0\u00bb, a-t-il affirm\u00e9 \u00e0 la Maison Blanche en pr\u00e9cisant qu&rsquo;il ferait l&rsquo;annonce du lieu du sommet plus tard dans la journ\u00e9e.<\/p>\n<p>Un \u00ab\u00a0\u00e9change de territoires\u00a0\u00bb dans le cadre d&rsquo;un futur accord<\/p>\n<p>Il a \u00e9galement indiqu\u00e9 qu'\u00a0\u00bbil y aura des \u00e9changes de territoires au b\u00e9n\u00e9fice de chacun,\u00a0\u00bb sans donner de pr\u00e9cisions, alors qu&rsquo;il a dit vouloir ne pas faire d&rsquo;ombre \u00e0 la signature vendredi d&rsquo;un <a href=\"https:\/\/www.bfmtv.com\/international\/amerique-nord\/etats-unis\/donald-trump\/donald-trump-affirme-que-l-armenie-et-l-azerbaidjan-s-engagent-a-cesser-definitivement-tout-conflit_AD-202508080496.html\" title=\"Donald Trump annonce que l&#039;Arm\u00e9nie et l&#039;Azerba\u00efdjan s&#039;engagent \u00e0 &quot;cesser d\u00e9finitivement&quot; tout conflit\" class=\"internal_link\" rel=\"nofollow noopener\" target=\"_blank\">accord de paix entre l&rsquo;Arm\u00e9nie et l&rsquo;Azerba\u00efdjan<\/a>.<\/p>\n<blockquote class=\"embed embed_quote\"><p>\u00ab\u00a0On parle d&rsquo;un territoire sur lequel les combats font rage depuis plus de trois ans et demi (&#8230;) c&rsquo;est compliqu\u00e9, c&rsquo;est vraiment pas facile, mais nous allons en r\u00e9cup\u00e9rer une partie\u00a0\u00bb, a-t-il ajout\u00e9 sans donner plus de d\u00e9tails.<\/p><\/blockquote>\n<p>Moscou r\u00e9clame que l&rsquo;Ukraine lui c\u00e8de quatre r\u00e9gions partiellement occup\u00e9es (celles de Donetsk, Lougansk, Zaporijjia et Kherson), en plus de la Crim\u00e9e annex\u00e9e en 2014, et qu&rsquo;elle renonce aux livraisons d&rsquo;armes occidentales et \u00e0 toute adh\u00e9sion \u00e0 l&rsquo;Otan.<\/p>\n<p>Des exigences inacceptables pour Kiev, qui veut le retrait des troupes russes de son territoire et des garanties de s\u00e9curit\u00e9 occidentales, dont la poursuite des livraisons d&rsquo;armes et le d\u00e9ploiement d&rsquo;un contingent europ\u00e9en, ce \u00e0 quoi s&rsquo;oppose la Russie.<\/p>\n<p>Parlant de la rencontre avec le pr\u00e9sident russe, \u00ab\u00a0cela aurait pu se faire plus t\u00f4t, mais je suppose qu&rsquo;il y a malheureusement des mesures de s\u00e9curit\u00e9 \u00e0 prendre\u00a0\u00bb, a dit Donald Trump.<\/p>\n<p>Des positions irr\u00e9conciliables<\/p>\n<p>Ces d\u00e9veloppements surviennent alors que le pr\u00e9sident am\u00e9ricain avait lanc\u00e9 <a href=\"https:\/\/www.bfmtv.com\/international\/amerique-nord\/etats-unis\/donald-trump\/guerre-en-ukraine-l-ultimatum-de-donald-trump-a-vladimir-poutine-pour-mettre-fin-au-conflit-expire-ce-vendredi_AV-202508080156.html\" title=\"Guerre en Ukraine: l&#039;ultimatum de Donald Trump \u00e0 Vladimir Poutine pour mettre fin au conflit expire ce vendredi\" class=\"internal_link\" rel=\"nofollow noopener\" target=\"_blank\">un ultimatum \u00e0 la Russie la semaine derni\u00e8re<\/a>, cens\u00e9 expirer vendredi, pour faire avancer les n\u00e9gociations avec Kiev, sous peine de nouvelles sanctions am\u00e9ricaines.<\/p>\n<p>L&rsquo;offensive russe \u00e0 grande \u00e9chelle contre l&rsquo;Ukraine, d\u00e9clench\u00e9e en f\u00e9vrier 2022, a fait a minima des dizaines de milliers de morts dans les deux pays et caus\u00e9 d&rsquo;immenses destructions.<\/p>\n<p>Mais apr\u00e8s plus de trois ans de combats, les positions ukrainienne et russe sont toujours irr\u00e9conciliables. La Russie est accus\u00e9e de bloquer les pourparlers en maintenant des demandes maximalistes, \u00e0 un moment o\u00f9 ses forces ont l&rsquo;avantage sur le front et continuent d&rsquo;y gagner du terrain.<\/p>\n<p>Le dernier cycle de n\u00e9gociations directes entre les deux bellig\u00e9rants \u00e0 Istanbul en juillet n&rsquo;avait d\u00e9bouch\u00e9 que sur un nouvel \u00e9change de prisonniers et de d\u00e9pouilles de soldats.<\/p>\n<p>Pour tenter de faire avancer les choses, l&rsquo;\u00e9missaire am\u00e9ricain Steve Witkoff a \u00e9t\u00e9 re\u00e7u au Kremlin par Vladimir Poutine, ce qui a permis une acc\u00e9l\u00e9ration au plan diplomatique marqu\u00e9e par l&rsquo;annonce jeudi par Moscou d&rsquo;un \u00ab\u00a0accord de principe\u00a0\u00bb pour un prochain sommet entre les dirigeants am\u00e9ricain et russe. Il s&rsquo;agirait du premier t\u00eate-\u00e0-t\u00eate entre les deux hommes depuis juin 2019 au Japon.<\/p>\n<p>Donald Trump \u00ab\u00a0tr\u00e8s d\u00e9\u00e7u\u00a0\u00bb de Vladimir Poutine<\/p>\n<p>Washington a menac\u00e9 de s&rsquo;en prendre aux pays qui commercent avec la Russie, comme l&rsquo;Inde et la Chine.<\/p>\n<p>Mais, jeudi, interrog\u00e9 sur le maintien ou non de son ultimatum adress\u00e9 \u00e0 la Russie, le pr\u00e9sident am\u00e9ricain a esquiv\u00e9: \u00ab\u00a0Cela va d\u00e9pendre de Poutine, on va voir ce qu&rsquo;il va dire\u00a0\u00bb.<\/p>\n<p><a href=\"https:\/\/www.bfmtv.com\/international\/europe\/ukraine\/video-je-suis-decu-l-ultimatum-impose-par-donald-trump-aupres-de-vladimir-poutine-pour-qu-il-accepte-un-cessez-le-feu-en-ukraine-atteint-sa-date-butoir-ce-vendredi_VN-202508080055.html\" title=\"&quot;Je suis d\u00e9\u00e7u&quot;: l&#039;ultimatum impos\u00e9 par Donald Trump aupr\u00e8s de Vladimir Poutine pour qu&#039;il accepte un cessez-le-feu en Ukraine atteint sa date butoir ce vendredi\" class=\"internal_link\" rel=\"nofollow noopener\" target=\"_blank\">\u00ab\u00a0Tr\u00e8s d\u00e9\u00e7u\u00a0\u00bb,<\/a> a-t-il encha\u00een\u00e9, semblant parler du chef de l&rsquo;\u00c9tat russe. En juillet, il s&rsquo;\u00e9tait d\u00e9j\u00e0 dit \u00ab\u00a0d\u00e9\u00e7u\u00a0\u00bb \u00e0 plusieurs reprises par Vladimir Poutine du fait de l&rsquo;absence d&rsquo;avanc\u00e9es dans les n\u00e9gociations entre Kiev et Moscou.<\/p>\n<p>Parall\u00e8lement, l&rsquo;arm\u00e9e russe poursuit ses attaques a\u00e9riennes meurtri\u00e8res sur l&rsquo;Ukraine et ses assauts sur le front, o\u00f9 ses soldats sont plus nombreux et mieux \u00e9quip\u00e9s. L&rsquo;Ukraine demande, de concert avec ses alli\u00e9s europ\u00e9ens, un cessez-le-feu de 30 jours, auquel se refusent les Russes.<\/p>\n","protected":false},"excerpt":{"rendered":"Le pr\u00e9sident am\u00e9ricain va rencontrer son homologue russe dans le cadre de sa m\u00e9diation pour mettre fin \u00e0&hellip;\n","protected":false},"author":2,"featured_media":305985,"comment_status":"","ping_status":"","sticky":false,"template":"","format":"standard","meta":{"footnotes":""},"categories":[1589],"tags":[11,73,1866,12,1864,1865,1863,308],"class_list":{"0":"post-305984","1":"post","2":"type-post","3":"status-publish","4":"format-standard","5":"has-post-thumbnail","7":"category-etats-unis","8":"tag-actualites","9":"tag-etats-unis","10":"tag-etats-unis-damerique","11":"tag-news","12":"tag-united-states","13":"tag-united-states-of-america","14":"tag-us","15":"tag-usa"},"share_on_mastodon":{"url":"https:\/\/pubeurope.com\/@fr\/114995335473108522","error":""},"_links":{"self":[{"href":"https:\/\/www.europesays.com\/fr\/wp-json\/wp\/v2\/posts\/305984","targetHints":{"allow":["GET"]}}],"collection":[{"href":"https:\/\/www.europesays.com\/fr\/wp-json\/wp\/v2\/posts"}],"about":[{"href":"https:\/\/www.europesays.com\/fr\/wp-json\/wp\/v2\/types\/post"}],"author":[{"embeddable":true,"href":"https:\/\/www.europesays.com\/fr\/wp-json\/wp\/v2\/users\/2"}],"replies":[{"embeddable":true,"href":"https:\/\/www.europesays.com\/fr\/wp-json\/wp\/v2\/comments?post=305984"}],"version-history":[{"count":0,"href":"https:\/\/www.europesays.com\/fr\/wp-json\/wp\/v2\/posts\/305984\/revisions"}],"wp:featuredmedia":[{"embeddable":true,"href":"https:\/\/www.europesays.com\/fr\/wp-json\/wp\/v2\/media\/305985"}],"wp:attachment":[{"href":"https:\/\/www.europesays.com\/fr\/wp-json\/wp\/v2\/media?parent=305984"}],"wp:term":[{"taxonomy":"category","embeddable":true,"href":"https:\/\/www.europesays.com\/fr\/wp-json\/wp\/v2\/categories?post=305984"},{"taxonomy":"post_tag","embeddable":true,"href":"https:\/\/www.europesays.com\/fr\/wp-json\/wp\/v2\/tags?post=305984"}],"curies":[{"name":"wp","href":"https:\/\/api.w.org\/{rel}","templated":true}]}}