{"id":305988,"date":"2025-08-08T21:46:20","date_gmt":"2025-08-08T21:46:20","guid":{"rendered":"https:\/\/www.europesays.com\/fr\/305988\/"},"modified":"2025-08-08T21:46:20","modified_gmt":"2025-08-08T21:46:20","slug":"hockey-sur-gazon-la-france-lance-son-championnat-deurope-par-une-defaite-contre-lallemagne","status":"publish","type":"post","link":"https:\/\/www.europesays.com\/fr\/305988\/","title":{"rendered":"Hockey sur gazon. La France lance son championnat d\u2019Europe par une d\u00e9faite contre l\u2019Allemagne ."},"content":{"rendered":"<p>L\u2019\u00e9quipe de France n\u2019a pas eu le dernier mot face au pays h\u00f4te. Les Bleus du hockey sur gazon ont \u00e9t\u00e9 battus par l\u2019Allemagne (3-2), vendredi 8\u00a0ao\u00fbt, \u00e0\u00a0M\u00f6nchengladbach, lors de la premi\u00e8re journ\u00e9e de la phase de groupes.<\/p>\n<p>Huit nations sont qualifi\u00e9es pour cette comp\u00e9tition\u00a0: outre la France, on retrouve <a href=\"https:\/\/rennes.maville.com\/sport\/detail_-jo-2024-hockey-sur-gazon.-les-pays-bas-realisent-le-double-en-or-_54135-6416564_actu.Htm\" target=\"_self\" rel=\"noopener\">les Pays-Bas<\/a> (sacr\u00e9s en 2021 et 2023, sept titres au total), l\u2019Allemagne, l\u2019Angleterre, la Belgique, l\u2019Espagne, ainsi que l\u2019Autriche et la Pologne. Les Bleus n\u2019ont jamais fini sur le podium en dix-neuf \u00e9ditions.<\/p>\n<p>Avant la Pologne et l\u2019Angleterre<\/p>\n<p>Pas de r\u00e9pit pour l\u2019\u00e9quipe de France qui disputera son deuxi\u00e8me match d\u00e8s le samedi 9\u00a0ao\u00fbt (20h15), contre la Pologne, avant d\u2019affronter l\u2019Angleterre mardi 12\u00a0ao\u00fbt (12h30).<\/p>\n<p><strong>Lire aussi\u00a0:<\/strong> <a href=\"https:\/\/laval.maville.com\/sport\/detail_-un-lavallois-en-coupe-d-europe-de-hockey-sur-gazon-a-nottingham-en-aout-2025-_52731-6928616_actu.Htm\" target=\"_self\" rel=\"noopener\">Un Lavallois en coupe d\u2019Europe de hockey sur gazon \u00e0 Nottingham en ao\u00fbt\u00a02025<\/a><\/p>\n<p>Rebond attendu pour esp\u00e9rer accrocher une des deux premi\u00e8res places de la poule.<\/p>\n<p>\u00a0<\/p>\n","protected":false},"excerpt":{"rendered":"L\u2019\u00e9quipe de France n\u2019a pas eu le dernier mot face au pays h\u00f4te. Les Bleus du hockey sur&hellip;\n","protected":false},"author":2,"featured_media":305989,"comment_status":"","ping_status":"","sticky":false,"template":"","format":"standard","meta":{"footnotes":""},"categories":[1587],"tags":[1111,11,672,3809,1465,3450,1804,1805,1803,1777,674,63,1801,1792,1922,12,1802,479,517,1470],"class_list":{"0":"post-305988","1":"post","2":"type-post","3":"status-publish","4":"format-standard","5":"has-post-thumbnail","7":"category-allemagne","8":"tag-actu","9":"tag-actualites","10":"tag-allemagne","11":"tag-ball","12":"tag-basket","13":"tag-brest","14":"tag-bundesrepublik-deutschland","15":"tag-de","16":"tag-deutschland","17":"tag-eu","18":"tag-europe","19":"tag-football","20":"tag-germany","21":"tag-handball","22":"tag-info","23":"tag-news","24":"tag-republique-federale-dallemagne","25":"tag-rugby","26":"tag-sport","27":"tag-volley"},"share_on_mastodon":{"url":"https:\/\/pubeurope.com\/@fr\/114995343516869001","error":""},"_links":{"self":[{"href":"https:\/\/www.europesays.com\/fr\/wp-json\/wp\/v2\/posts\/305988","targetHints":{"allow":["GET"]}}],"collection":[{"href":"https:\/\/www.europesays.com\/fr\/wp-json\/wp\/v2\/posts"}],"about":[{"href":"https:\/\/www.europesays.com\/fr\/wp-json\/wp\/v2\/types\/post"}],"author":[{"embeddable":true,"href":"https:\/\/www.europesays.com\/fr\/wp-json\/wp\/v2\/users\/2"}],"replies":[{"embeddable":true,"href":"https:\/\/www.europesays.com\/fr\/wp-json\/wp\/v2\/comments?post=305988"}],"version-history":[{"count":0,"href":"https:\/\/www.europesays.com\/fr\/wp-json\/wp\/v2\/posts\/305988\/revisions"}],"wp:featuredmedia":[{"embeddable":true,"href":"https:\/\/www.europesays.com\/fr\/wp-json\/wp\/v2\/media\/305989"}],"wp:attachment":[{"href":"https:\/\/www.europesays.com\/fr\/wp-json\/wp\/v2\/media?parent=305988"}],"wp:term":[{"taxonomy":"category","embeddable":true,"href":"https:\/\/www.europesays.com\/fr\/wp-json\/wp\/v2\/categories?post=305988"},{"taxonomy":"post_tag","embeddable":true,"href":"https:\/\/www.europesays.com\/fr\/wp-json\/wp\/v2\/tags?post=305988"}],"curies":[{"name":"wp","href":"https:\/\/api.w.org\/{rel}","templated":true}]}}