{"id":305994,"date":"2025-08-08T21:49:11","date_gmt":"2025-08-08T21:49:11","guid":{"rendered":"https:\/\/www.europesays.com\/fr\/305994\/"},"modified":"2025-08-08T21:49:11","modified_gmt":"2025-08-08T21:49:11","slug":"un-incendie-en-cours-a-la-mosquee-cathedrale-de-cordoue","status":"publish","type":"post","link":"https:\/\/www.europesays.com\/fr\/305994\/","title":{"rendered":"un incendie en cours \u00e0 la mosqu\u00e9e-cath\u00e9drale de Cordoue"},"content":{"rendered":"<p class=\"article-p mdl\">Un incendie s&rsquo;est d\u00e9clar\u00e9 vendredi 8 ao\u00fbt dans la c\u00e9l\u00e8bre mosqu\u00e9e-cath\u00e9drale de Cordoue. Selon derni\u00e8res informations, \u00ab\u00a0l&rsquo;incendie est contr\u00f4l\u00e9 \u00e0 ce stade mais il n&rsquo;est pas \u00e9teint\u00a0\u00bb, ont expliqu\u00e9 les pompiers joints par l&rsquo;AFP.<br \/>Selon le quotidien ABC, une machine \u00ab\u00a0balayeuse\u00a0\u00bb serait \u00e0 l&rsquo;origine de l&rsquo;incendie lorsqu&rsquo;elle aurait pris feu aux alentours de 21h.\u00a0<\/p>\n<p class=\"article-p mdl\">Des vid\u00e9os diffus\u00e9es sur les r\u00e9seaux sociaux <strong>montrent des flammes oranges et de la fum\u00e9e s&rsquo;\u00e9chappant des hauts murs du monument. <\/strong>La mosqu\u00e9e-cath\u00e9drale de Cordoue, inscrite au\u00a0<a class=\"link\" href=\"https:\/\/www.rtl.fr\/actu\/international\/diaporama-patrimoine-mondial-de-l-unesco-les-20-nouveaux-sites-retenus-7793869138\" target=\"_blank\" rel=\"noopener\">patrimoine mondial de l&rsquo;UNESCO<\/a>, est un joyau architectural \u00e9difi\u00e9 par les \u00e9mirs et califes omeyyades entre les VIIIe et Xe si\u00e8cles.<\/p>\n<p class=\"article-p mdl\">Sa <strong>construction a commenc\u00e9 au VIIIe si\u00e8cle sous l&rsquo;\u00e9mirat d&rsquo;Abderram\u00e1n Ier <\/strong>sur le site d&rsquo;une basilique chr\u00e9tienne, puis elle a \u00e9t\u00e9 agrandie en plusieurs phases au cours des quatre si\u00e8cles suivants. <strong>Apr\u00e8s la reconqu\u00eate chr\u00e9tienne en 1236, elle a \u00e9t\u00e9 consacr\u00e9e cath\u00e9drale <\/strong>et des \u00e9l\u00e9ments architecturaux catholiques ont \u00e9t\u00e9 ajout\u00e9s, dont une vaste chapelle centrale au XVIe si\u00e8cle.<\/p>\n<p class=\"article-p mdl\">L&rsquo;\u00e9difice a accueilli<strong> plus de 2 millions de visiteurs en 2024<\/strong>, selon son site internet.<\/p>\n<blockquote class=\"twitter-tweet\" data-media-max-width=\"560\">\n<p lang=\"es\" dir=\"ltr\">\ud83d\udd34 Se declara un incendio en la Mezquita de C\u00f3rdoba. El fuego est\u00e1 localizado en estos momentos a la altura de la Puerta de San Jos\u00e9, junto a la calle del Magistral Gonz\u00e1lez Franc\u00e9s, que han desalojado los servicios de emergencias <a href=\"https:\/\/t.co\/ZoR2rl1S7p\">https:\/\/t.co\/ZoR2rl1S7p<\/a> <a href=\"https:\/\/t.co\/37AlduC1Z4\">pic.twitter.com\/37AlduC1Z4<\/a><\/p>\n<p>\u2014 EL PA\u00cdS (@el_pais) <a href=\"https:\/\/twitter.com\/el_pais\/status\/1953909655349944773?ref_src=twsrc%5Etfw\" target=\"_blank\" rel=\"noopener\">August 8, 2025<\/a><\/p><\/blockquote>\n<p>    La r\u00e9daction vous recommande<\/p>\n<p class=\"s-newsletter__title\">\n                L\u2019actualit\u00e9 par la r\u00e9daction de RTL dans votre bo\u00eete mail.\n            <\/p>\n<p class=\"s-newsletter__subtitle\">\n                Gr\u00e2ce \u00e0 votre compte RTL abonnez-vous \u00e0 la newsletter RTL info pour suivre toute l&rsquo;actualit\u00e9 au quotidien\n            <\/p>\n<p>\n                                    Lire la suite\n                                <\/p>\n<p>                            <script async src=\"https:\/\/platform.twitter.com\/widgets.js\" charset=\"utf-8\"><\/script><\/p>\n","protected":false},"excerpt":{"rendered":"Un incendie s&rsquo;est d\u00e9clar\u00e9 vendredi 8 ao\u00fbt dans la c\u00e9l\u00e8bre mosqu\u00e9e-cath\u00e9drale de Cordoue. Selon derni\u00e8res informations, \u00ab\u00a0l&rsquo;incendie est&hellip;\n","protected":false},"author":2,"featured_media":305995,"comment_status":"","ping_status":"","sticky":false,"template":"","format":"standard","meta":{"footnotes":""},"categories":[2],"tags":[11,13601,123,107,1011,27,1310,14577,12,25],"class_list":{"0":"post-305994","1":"post","2":"type-post","3":"status-publish","4":"format-standard","5":"has-post-thumbnail","7":"category-actualites","8":"tag-actualites","9":"tag-cathedrale","10":"tag-espagne","11":"tag-fil-info","12":"tag-fr","13":"tag-france","14":"tag-incendie","15":"tag-mosquee","16":"tag-news","17":"tag-republique-francaise"},"share_on_mastodon":{"url":"https:\/\/pubeurope.com\/@fr\/114995354913112282","error":""},"_links":{"self":[{"href":"https:\/\/www.europesays.com\/fr\/wp-json\/wp\/v2\/posts\/305994","targetHints":{"allow":["GET"]}}],"collection":[{"href":"https:\/\/www.europesays.com\/fr\/wp-json\/wp\/v2\/posts"}],"about":[{"href":"https:\/\/www.europesays.com\/fr\/wp-json\/wp\/v2\/types\/post"}],"author":[{"embeddable":true,"href":"https:\/\/www.europesays.com\/fr\/wp-json\/wp\/v2\/users\/2"}],"replies":[{"embeddable":true,"href":"https:\/\/www.europesays.com\/fr\/wp-json\/wp\/v2\/comments?post=305994"}],"version-history":[{"count":0,"href":"https:\/\/www.europesays.com\/fr\/wp-json\/wp\/v2\/posts\/305994\/revisions"}],"wp:featuredmedia":[{"embeddable":true,"href":"https:\/\/www.europesays.com\/fr\/wp-json\/wp\/v2\/media\/305995"}],"wp:attachment":[{"href":"https:\/\/www.europesays.com\/fr\/wp-json\/wp\/v2\/media?parent=305994"}],"wp:term":[{"taxonomy":"category","embeddable":true,"href":"https:\/\/www.europesays.com\/fr\/wp-json\/wp\/v2\/categories?post=305994"},{"taxonomy":"post_tag","embeddable":true,"href":"https:\/\/www.europesays.com\/fr\/wp-json\/wp\/v2\/tags?post=305994"}],"curies":[{"name":"wp","href":"https:\/\/api.w.org\/{rel}","templated":true}]}}