{"id":306000,"date":"2025-08-08T21:54:12","date_gmt":"2025-08-08T21:54:12","guid":{"rendered":"https:\/\/www.europesays.com\/fr\/306000\/"},"modified":"2025-08-08T21:54:12","modified_gmt":"2025-08-08T21:54:12","slug":"super-xiii-robin-brochon-signe-chez-le-champion-de-super-xiii-rugby-a-xiii","status":"publish","type":"post","link":"https:\/\/www.europesays.com\/fr\/306000\/","title":{"rendered":"Super XIII &#8211; Robin Brochon signe chez le champion de Super XIII &#8211; Rugby \u00e0 XIII"},"content":{"rendered":"<p style=\"text-align: justify;\"><strong>\u00c0 la recherche d\u2019un meneur de jeu pour remplacer Tony Gigot, les dirigeants d\u2019Albi Rugby League ont jet\u00e9 leur d\u00e9volu sur Robin Brochon.<\/strong><\/p>\n<p style=\"text-align: justify;\">Le natif de Saint-Martin-de-Crau o\u00f9 il a \u00e9t\u00e9 form\u00e9 avant de prendre la direction des Dragons Catalans puis du Toulouse Olympique a d\u00e9cid\u00e9 de donner un nouveau virage \u00e0 sa carri\u00e8re en s\u2019engageant sous les couleurs des Tigers d\u2019Albi.<\/p>\n<p style=\"text-align: justify;\">Capable d\u2019\u00e9voluer indiff\u00e9remment \u00e0 la charni\u00e8re ou \u00e0 l\u2019arri\u00e8re, il avait d\u00e9cid\u00e9 de s\u2019engager avec le Toulouse Olympique d\u2019abord en Super XIII puis avec l\u2019\u00e9quipe professionnelle apr\u00e8s trois ans sous les couleurs des Dragons. Avec le club catalan, il n\u2019avait seulement disput\u00e9 que trois rencontres de Super League mais avait \u00e9volu\u00e9 le reste du temps avec Saint-Est\u00e8ve XIII Catalan avec qui il aura remport\u00e9 le titre de champion de France en 2019.<\/p>\n<p style=\"text-align: justify;\">Tr\u00e8s bon buteur, il aura disput\u00e9 deux saisons pleines en Championship avec le TO en 2023 et 2024. Align\u00e9 \u00e0 34 reprises par Sylvain Houl\u00e8s jusque-l\u00e0, cette saison, il n\u2019aura \u00e9t\u00e9 appel\u00e9 qu\u2019une seule fois lors de la d\u00e9faite de son \u00e9quipe sur la pelouse de Widnes.<\/p>\n<p style=\"text-align: justify;\">Ce sera donc un nouveau challenge \u00e0 relever dans un championnat qu\u2019il connait bien pour le joueur qui f\u00eatera en septembre prochain ses 25 ans.<\/p>\n<blockquote class=\"instagram-media\" data-instgrm-captioned=\"\" data-instgrm-permalink=\"https:\/\/www.instagram.com\/reel\/DNBCPFKM6zO\/?utm_source=ig_embed&amp;utm_campaign=loading\" data-instgrm-version=\"14\" style=\" background:#FFF; border:0; border-radius:3px; box-shadow:0 0 1px 0 rgba(0,0,0,0.5),0 1px 10px 0 rgba(0,0,0,0.15); margin: 1px; max-width:500px; min-width:326px; padding:0; width:99.375%; width:-webkit-calc(100% - 2px); width:calc(100% - 2px);\">\n<\/blockquote>\n<p>        <script async src=\"\/\/www.instagram.com\/embed.js\"><\/script><\/p>\n","protected":false},"excerpt":{"rendered":"\u00c0 la recherche d\u2019un meneur de jeu pour remplacer Tony Gigot, les dirigeants d\u2019Albi Rugby League ont jet\u00e9&hellip;\n","protected":false},"author":2,"featured_media":306001,"comment_status":"","ping_status":"","sticky":false,"template":"","format":"standard","meta":{"footnotes":""},"categories":[1416],"tags":[39267,1011,27,7099,44600,479,2228,1468,2229,60,2231,3250],"class_list":{"0":"post-306000","1":"post","2":"type-post","3":"status-publish","4":"format-standard","5":"has-post-thumbnail","7":"category-rugby","8":"tag-albi-rugby-league","9":"tag-fr","10":"tag-france","11":"tag-recrutement","12":"tag-robin-brochon","13":"tag-rugby","14":"tag-rugby-a-xiii","15":"tag-rugby-football","16":"tag-rugby-league","17":"tag-sports","18":"tag-super-xiii","19":"tag-toulouse-olympique-xiii"},"share_on_mastodon":{"url":"https:\/\/pubeurope.com\/@fr\/114995374561328087","error":""},"_links":{"self":[{"href":"https:\/\/www.europesays.com\/fr\/wp-json\/wp\/v2\/posts\/306000","targetHints":{"allow":["GET"]}}],"collection":[{"href":"https:\/\/www.europesays.com\/fr\/wp-json\/wp\/v2\/posts"}],"about":[{"href":"https:\/\/www.europesays.com\/fr\/wp-json\/wp\/v2\/types\/post"}],"author":[{"embeddable":true,"href":"https:\/\/www.europesays.com\/fr\/wp-json\/wp\/v2\/users\/2"}],"replies":[{"embeddable":true,"href":"https:\/\/www.europesays.com\/fr\/wp-json\/wp\/v2\/comments?post=306000"}],"version-history":[{"count":0,"href":"https:\/\/www.europesays.com\/fr\/wp-json\/wp\/v2\/posts\/306000\/revisions"}],"wp:featuredmedia":[{"embeddable":true,"href":"https:\/\/www.europesays.com\/fr\/wp-json\/wp\/v2\/media\/306001"}],"wp:attachment":[{"href":"https:\/\/www.europesays.com\/fr\/wp-json\/wp\/v2\/media?parent=306000"}],"wp:term":[{"taxonomy":"category","embeddable":true,"href":"https:\/\/www.europesays.com\/fr\/wp-json\/wp\/v2\/categories?post=306000"},{"taxonomy":"post_tag","embeddable":true,"href":"https:\/\/www.europesays.com\/fr\/wp-json\/wp\/v2\/tags?post=306000"}],"curies":[{"name":"wp","href":"https:\/\/api.w.org\/{rel}","templated":true}]}}