{"id":306008,"date":"2025-08-08T21:58:16","date_gmt":"2025-08-08T21:58:16","guid":{"rendered":"https:\/\/www.europesays.com\/fr\/306008\/"},"modified":"2025-08-08T21:58:16","modified_gmt":"2025-08-08T21:58:16","slug":"le-geste-qui-a-profondement-marque-le-patron-de-lecurie","status":"publish","type":"post","link":"https:\/\/www.europesays.com\/fr\/306008\/","title":{"rendered":"le geste qui a profond\u00e9ment marqu\u00e9 le patron de l&rsquo;\u00e9curie"},"content":{"rendered":"<p>James Vowles a racont\u00e9 une anecdote touchante sur l\u2019attitude de Schumacher envers les autres. Le champion allemand avait pris le soin de faire livrer des fleurs \u00e0 la compagne de Vowles \u00e0 l\u2019occasion de son anniversaire. Ce geste attentionn\u00e9 a fortement \u00e9mu Vowles au point de le \u201cfaire rougir\u201d, soulignant le caract\u00e8re profond\u00e9ment empathique de Schumacher.<\/p>\n<blockquote>\n<p>\u201cJe savais quand c&rsquo;\u00e9tait l&rsquo;anniversaire de ma partenaire et il lui a fait envoyer des fleurs \u00e0 la maison. Cela m&rsquo;a fait honte parce que je n&rsquo;avais pas fait grand-chose. Il a montr\u00e9 un r\u00e9el int\u00e9r\u00eat pour qui vous \u00eates, qui est votre famille et ce qui vous motive. Avec chaque personne de l&rsquo;\u00e9quipe. C&rsquo;est quelque chose de difficile \u00e0 faire. Il ne le faisait pas parce qu&rsquo;il voulait lui-m\u00eame en tirer quelque chose. Il le faisait parce qu&rsquo;il se souciait vraiment des gens. C&rsquo;est Michael. Le Michael que vous avez vu dans les m\u00e9dias \u00e9tait tr\u00e8s diff\u00e9rent du Michael derri\u00e8re les projecteurs. C&rsquo;\u00e9tait sa fa\u00e7on de faire les choses. Il a port\u00e9 tout le monde sur la remorque.\u201d D\u00e9clare le patron de Williams, source : <a href=\"http:\/\/motorsport.com\" rel=\"nofollow noopener\" target=\"_blank\">motorsport.com<\/a>\u00a0<\/p>\n<\/blockquote>\n<p><b>Un souvenir m\u00e9morable au Paul Ricard<\/b><\/p>\n<p>Au-del\u00e0 des anecdotes en dehors des circuits, Vowles garde aussi un souvenir imp\u00e9rissable d\u2019un moment partag\u00e9 sur la piste avec Schumacher. Les deux hommes ont particip\u00e9 \u00e0 de v\u00e9ritables courses moto sur le circuit Paul Ricard, dans une ambiance totalement d\u00e9contract\u00e9e. Loin de la pression et des enjeux de la F1, ils se sont affront\u00e9s pour le simple plaisir de rouler, encha\u00eenant les tours dans un esprit bon enfant.<\/p>\n<blockquote>\n<p>\u201cJe suis all\u00e9 courir \u00e0 moto avec lui (de vraies courses) \u00e0 Paul Ricard et nous nous sommes amus\u00e9s comme jamais auparavant. Nous avons ri ensemble pendant longtemps.\u201d Exprime James Vowles, source : <a href=\"http:\/\/motorsport.com\" rel=\"nofollow noopener\" target=\"_blank\">motorsport.com<\/a>\u00a0<\/p>\n<\/blockquote>\n<p><b>Une qualit\u00e9 rare dans un monde de performance<\/b><\/p>\n<p>Cet \u00e9pisode illustre une facette souvent oubli\u00e9e de Schumacher : son humanit\u00e9. Au-del\u00e0 des circuits et des podiums, il savait cr\u00e9er des connexions fortes, sinc\u00e8res, ancr\u00e9es dans le respect de chacun. Pour Vowles, cette m\u00e9moire reste pr\u00e9cieuse, et le contraste saisissant entre Ceinture de champion et petit geste du quotidien rend cette anecdote particuli\u00e8rement marquante.<\/p>\n<p>    Partagez cette info avec vos amis et vos proches en cliquant ici  <\/p>\n<p> Podcasts \u00e0 la une MEN LIFE <\/p>\n<p>    Williams : Schumacher, le champion au grand c\u0153ur qui a marqu\u00e9 Vowles \u00e0 jamais<\/p>\n<p>Michael Schumacher n\u2019a pas seulement brill\u00e9 par ses exploits en piste. James Vowles, patron de Williams, se souvient d\u2019un geste simple et attentionn\u00e9 du septuple champion du monde, qui r\u00e9v\u00e8le toute son humanit\u00e9 et laisse une empreinte ind\u00e9l\u00e9bile.<\/p>\n<p>R\u00e9dacteur<\/p>\n<p><img decoding=\"async\" width=\"76\" height=\"76\" loading=\"lazy\" src=\"https:\/\/www.europesays.com\/fr\/wp-content\/uploads\/2025\/04\/avatar-sport-am.png\" alt=\"Victor Teyssier\"\/><\/p>\n","protected":false},"excerpt":{"rendered":"James Vowles a racont\u00e9 une anecdote touchante sur l\u2019attitude de Schumacher envers les autres. Le champion allemand avait&hellip;\n","protected":false},"author":2,"featured_media":306009,"comment_status":"","ping_status":"","sticky":false,"template":"","format":"standard","meta":{"footnotes":""},"categories":[1412],"tags":[1451,1452,1453,1454,1455,1011,27,60],"class_list":{"0":"post-306008","1":"post","2":"type-post","3":"status-publish","4":"format-standard","5":"has-post-thumbnail","7":"category-f1","8":"tag-f1","9":"tag-formula-1","10":"tag-formula1","11":"tag-formule-1","12":"tag-formule1","13":"tag-fr","14":"tag-france","15":"tag-sports"},"share_on_mastodon":{"url":"https:\/\/pubeurope.com\/@fr\/114995390329543710","error":""},"_links":{"self":[{"href":"https:\/\/www.europesays.com\/fr\/wp-json\/wp\/v2\/posts\/306008","targetHints":{"allow":["GET"]}}],"collection":[{"href":"https:\/\/www.europesays.com\/fr\/wp-json\/wp\/v2\/posts"}],"about":[{"href":"https:\/\/www.europesays.com\/fr\/wp-json\/wp\/v2\/types\/post"}],"author":[{"embeddable":true,"href":"https:\/\/www.europesays.com\/fr\/wp-json\/wp\/v2\/users\/2"}],"replies":[{"embeddable":true,"href":"https:\/\/www.europesays.com\/fr\/wp-json\/wp\/v2\/comments?post=306008"}],"version-history":[{"count":0,"href":"https:\/\/www.europesays.com\/fr\/wp-json\/wp\/v2\/posts\/306008\/revisions"}],"wp:featuredmedia":[{"embeddable":true,"href":"https:\/\/www.europesays.com\/fr\/wp-json\/wp\/v2\/media\/306009"}],"wp:attachment":[{"href":"https:\/\/www.europesays.com\/fr\/wp-json\/wp\/v2\/media?parent=306008"}],"wp:term":[{"taxonomy":"category","embeddable":true,"href":"https:\/\/www.europesays.com\/fr\/wp-json\/wp\/v2\/categories?post=306008"},{"taxonomy":"post_tag","embeddable":true,"href":"https:\/\/www.europesays.com\/fr\/wp-json\/wp\/v2\/tags?post=306008"}],"curies":[{"name":"wp","href":"https:\/\/api.w.org\/{rel}","templated":true}]}}