{"id":306016,"date":"2025-08-08T22:02:21","date_gmt":"2025-08-08T22:02:21","guid":{"rendered":"https:\/\/www.europesays.com\/fr\/306016\/"},"modified":"2025-08-08T22:02:21","modified_gmt":"2025-08-08T22:02:21","slug":"saint-claude-des-oeuvres-dune-peintresse-oubliee-completent-les-collections-du-musee","status":"publish","type":"post","link":"https:\/\/www.europesays.com\/fr\/306016\/","title":{"rendered":"Saint-Claude. Des \u0153uvres d\u2019une \u00ab\u00a0peintresse oubli\u00e9e\u00a0\u00bb compl\u00e8tent les collections du mus\u00e9e"},"content":{"rendered":"<blockquote class=\"question\"><p>Parlez-nous de cette peintre, Marie Nivouli\u00e8s\u2026<\/p><\/blockquote>\n<p>\u00ab\u00a0C\u2019est une \u201cpeintresse oubli\u00e9e\u201d, comme l\u2019appelait celui qui nous a l\u00e9gu\u00e9 ses tableaux. Elle fait partie de ces femmes invisibilis\u00e9es par l\u2019Histoire et a \u00e9t\u00e9 parmi les premi\u00e8res \u00e0 entrer \u00e0 l\u2019\u00e9cole des Beaux-Arts de Paris, au d\u00e9but du XXe \u00a0si\u00e8cle. Vers 1920, il leur a \u00e9t\u00e9 propos\u00e9 de partir en r\u00e9sidence dans les colonies fran\u00e7aises, en Afrique du nord et en Asie.<\/p>\n<p>En 2024, Marie Nivouli\u00e8s faisait partie des 17 artistes dont le travail a \u00e9t\u00e9 pr\u00e9sent\u00e9 lors de l\u2019exposition <a href=\"https:\/\/www.leprogres.fr\/culture-loisirs\/2024\/10\/31\/une-exposition-en-l-honneur-des-1res-femmes-eleves-aux-beaux-arts\" target=\"_blank\" rel=\"noopener\">L\u2019Orient des artistes voyageuses<\/a> , au\u00a0mus\u00e9e de l\u2019Abbaye.\u00a0\u00bb<\/p>\n<blockquote class=\"question\"><p>\u00c0 qui devez-vous ce geste\u00a0?<\/p><\/blockquote>\n<p>\u00ab\u00a0\u00c0 Christian Bryon, qui adorait l\u2019art, le patrimoine, les livres. Il s\u2019est pris de passion pour Marie Nivouli\u00e8s, son a\u00efeul, et s\u2019est mis \u00e0 \u00e9crire un livre sur elle. Un jour, il&#8230;<\/p>\n","protected":false},"excerpt":{"rendered":"Parlez-nous de cette peintre, Marie Nivouli\u00e8s\u2026 \u00ab\u00a0C\u2019est une \u201cpeintresse oubli\u00e9e\u201d, comme l\u2019appelait celui qui nous a l\u00e9gu\u00e9 ses&hellip;\n","protected":false},"author":2,"featured_media":306017,"comment_status":"","ping_status":"","sticky":false,"template":"","format":"standard","meta":{"footnotes":""},"categories":[1358],"tags":[1348,1384,1385,1687,1386,58,2274,59,2271,1011,27,1826,2661,2272,2273],"class_list":{"0":"post-306016","1":"post","2":"type-post","3":"status-publish","4":"format-standard","5":"has-post-thumbnail","7":"category-arts-et-design","8":"tag-arts","9":"tag-arts-and-design","10":"tag-arts-et-design","11":"tag-culture-loisirs","12":"tag-design","13":"tag-divertissement","14":"tag-edition-jura-sud","15":"tag-entertainment","16":"tag-exposition-arts-plastiques","17":"tag-fr","18":"tag-france","19":"tag-jura","20":"tag-patrimoine-culturel","21":"tag-saint-claude","22":"tag-saint-claude-bassin"},"share_on_mastodon":{"url":"https:\/\/pubeurope.com\/@fr\/114995405969458105","error":""},"_links":{"self":[{"href":"https:\/\/www.europesays.com\/fr\/wp-json\/wp\/v2\/posts\/306016","targetHints":{"allow":["GET"]}}],"collection":[{"href":"https:\/\/www.europesays.com\/fr\/wp-json\/wp\/v2\/posts"}],"about":[{"href":"https:\/\/www.europesays.com\/fr\/wp-json\/wp\/v2\/types\/post"}],"author":[{"embeddable":true,"href":"https:\/\/www.europesays.com\/fr\/wp-json\/wp\/v2\/users\/2"}],"replies":[{"embeddable":true,"href":"https:\/\/www.europesays.com\/fr\/wp-json\/wp\/v2\/comments?post=306016"}],"version-history":[{"count":0,"href":"https:\/\/www.europesays.com\/fr\/wp-json\/wp\/v2\/posts\/306016\/revisions"}],"wp:featuredmedia":[{"embeddable":true,"href":"https:\/\/www.europesays.com\/fr\/wp-json\/wp\/v2\/media\/306017"}],"wp:attachment":[{"href":"https:\/\/www.europesays.com\/fr\/wp-json\/wp\/v2\/media?parent=306016"}],"wp:term":[{"taxonomy":"category","embeddable":true,"href":"https:\/\/www.europesays.com\/fr\/wp-json\/wp\/v2\/categories?post=306016"},{"taxonomy":"post_tag","embeddable":true,"href":"https:\/\/www.europesays.com\/fr\/wp-json\/wp\/v2\/tags?post=306016"}],"curies":[{"name":"wp","href":"https:\/\/api.w.org\/{rel}","templated":true}]}}