{"id":306020,"date":"2025-08-08T22:04:10","date_gmt":"2025-08-08T22:04:10","guid":{"rendered":"https:\/\/www.europesays.com\/fr\/306020\/"},"modified":"2025-08-08T22:04:10","modified_gmt":"2025-08-08T22:04:10","slug":"camille-combal-un-tres-celebre-animateur-vire-sans-menagement-il-lui-apporte-son-soutien","status":"publish","type":"post","link":"https:\/\/www.europesays.com\/fr\/306020\/","title":{"rendered":"Camille Combal : un tr\u00e8s c\u00e9l\u00e8bre animateur vir\u00e9 sans m\u00e9nagement, il lui apporte son soutien"},"content":{"rendered":"<p>      R\u00e9sum\u00e9<\/p>\n<p>Camille Combal a publiquement soutenu Stephen Colbert, \u00e9vinc\u00e9 de son Late Show, dans un contexte tendu marqu\u00e9 par les critiques et menaces de Donald Trump envers plusieurs animateurs am\u00e9ricains.<\/p>\n<p>        Sommaire<\/p>\n<p>Il peut compter sur des soutiens outre-Atlantique. Si Stephen Colbert se fait soutenir directement des \u00c9tats-Unis, l\u2019embl\u00e9matique animateur du <strong>Late Show<\/strong> sur CBS depuis 2015 peut \u00e9galement compter sur <a href=\"https:\/\/www.public.fr\/tag\/camille-combal\" target=\"_blank\" rel=\"noopener\">Camille Combal<\/a>.<\/p>\n<p>L\u2019animateur fran\u00e7ais a en effet partag\u00e9 <strong>un clich\u00e9 sur son compte Instagram<\/strong> pour soutenir publiquement l\u2019animateur qui quittera son poste de mani\u00e8re forc\u00e9e. Alors que son \u00e9mission est l\u2019une des plus regard\u00e9es en fin de soir\u00e9e, des menaces de suppression planaient au-dessus de sa t\u00eate.\u00a0<\/p>\n<p>Camille Combal soutient Stephen Colbert<\/p>\n<p>En effet, <a href=\"https:\/\/www.public.fr\/tag\/donald-trump\" target=\"_blank\" rel=\"noopener\">Donald Trump<\/a> s\u2019en est pris \u00e0 plusieurs animateurs vedettes, dont Stephen Colbert, <a href=\"https:\/\/www.public.fr\/jimmy-kimmel-son-cachet-pour-presenter-les-oscars-revele\" target=\"_blank\" rel=\"noopener\">Jimmy Kimmel<\/a> et <a href=\"https:\/\/www.public.fr\/tag\/jimmy-fallon\" target=\"_blank\" rel=\"noopener\">Jimmy Fallon<\/a>, qu\u2019il accuse d\u2019\u00eatre trop critiques envers lui et d\u2019avoir perdu leur influence. Des propos qui faisaient grand bruit et <strong>alimentaient les rumeurs d\u2019une possible \u00e9viction anticip\u00e9e.<\/strong> Stephen Colbert est le premier \u00e0 en faire les frais.<\/p>\n<p>L\u2019animateur soutenu par <a href=\"https:\/\/vsd.fr\/tag\/camille-combal\/\" target=\"_blank\" rel=\"noopener\">Camille Combal<\/a> sur Instagram, <strong>pr\u00e9sentera sa derni\u00e8re \u00e9mission en mai 2026<\/strong>. En effet, l&rsquo;ancien chroniqueur de Cyril Hanouna qui ne cesse de cartonner France, connu pour son humour et sa popularit\u00e9 aupr\u00e8s du grand public, a tenu \u00e0 afficher publiquement sa solidarit\u00e9 envers son homologue am\u00e9ricain.\u00a0<\/p>\n<p>De quelle mani\u00e8re ? En partageant le panneau publicitaire pos\u00e9 par Jimmy Kimmel pour faire la promotion du <strong>Jimmy Kimmel Live !<\/strong>. L\u2019autre animateur am\u00e9ricain, peu appr\u00e9ci\u00e9 de Donald Trump, a en effet pos\u00e9 un panneau publicitaire dan lequel il affiche, lui aussi, son soutien \u00e0 son homologue bient\u00f4t \u00e9vinc\u00e9 : <strong>\u00ab\u00a0Je vote Stephen\u00a0\u00bb<\/strong>, peut-on lire sur ledit panneau. Une fa\u00e7on claire de soutenir son confr\u00e8re.<\/p>\n<p><img loading=\"lazy\" decoding=\"async\" width=\"474\" height=\"1024\" src=\"https:\/\/www.europesays.com\/fr\/wp-content\/uploads\/2025\/08\/WhatsApp-Image-2025-08-08-at-16.21.33-474x1024.jpeg\" alt=\"Camille Combal : un tr\u00e8s c\u00e9l\u00e8bre animateur vir\u00e9 sans m\u00e9nagement, il lui apporte son soutien\"  \/><\/p>\n<p>Jimmy Kimmel, lui aussi dans le viseur de Donald Trump ? <\/p>\n<p>En esp\u00e9rant que ce geste ne lui porte pas pr\u00e9judice. Comme \u00e9voqu\u00e9, en plus de Stephen Colbert, <strong>Jimmy Kimmel se trouve lui aussi dans le viseur de Donald Trump<\/strong>. Le Pr\u00e9sident des \u00c9tats-Unis prenait d\u2019ailleurs la parole le 29 juillet dernier, apr\u00e8s avoir appris que Stephen Colbert ferait ses adieux forc\u00e9s en mai 2026.<\/p>\n<p>\u00ab\u00a0Tout le monde dit que je suis le seul responsable du licenciement de Stephen Colbert de CBS. Ce n\u2019est pas vrai\u00a0!\u00a0\u00bb, a-t-il \u00e9crit dans un premier temps, avant d\u2019assurer que la raison ayant conduit l\u2019arr\u00eat du Late Show est un manque total de TALENT, et le fait que cette insuffisance co\u00fbtait 50\u00a0millions de dollars par an \u00e0 CBS en perte\u00a0\u00bb.<\/p>\n<p>Le pr\u00e9sident des \u00c9tats-Unis a ensuite poursuivi : \u00ab\u00a0Le prochain sera Jimmy Kimmel, encore moins talentueux, puis Jimmy Fallon, faible et tr\u00e8s peu s\u00fbr de lui.\u00a0La seule vraie question est\u00a0: qui sera le premier \u00e0 partir\u00a0?\u00a0\u00bb. En esp\u00e9rant que Camille Combal n\u2019ait pas besoin d\u2019afficher \u00e0 nouveau son soutien et que Jimmy Kimmel puisse garder sa place.\u00a0<\/p>\n<p>      Mentionn\u00e9s dans cet article<\/p>\n<p>      Sur le m\u00eame sujet<\/p>\n","protected":false},"excerpt":{"rendered":"R\u00e9sum\u00e9 Camille Combal a publiquement soutenu Stephen Colbert, \u00e9vinc\u00e9 de son Late Show, dans un contexte tendu marqu\u00e9&hellip;\n","protected":false},"author":2,"featured_media":306021,"comment_status":"","ping_status":"","sticky":false,"template":"","format":"standard","meta":{"footnotes":""},"categories":[1356],"tags":[193,58,75,59,1011,27,39996,39997,44653,39602,252,1364],"class_list":{"0":"post-306020","1":"post","2":"type-post","3":"status-publish","4":"format-standard","5":"has-post-thumbnail","7":"category-television","8":"tag-camille-combal","9":"tag-divertissement","10":"tag-donald-trump","11":"tag-entertainment","12":"tag-fr","13":"tag-france","14":"tag-jimmy-fallon","15":"tag-jimmy-kimmel","16":"tag-late-show-with-david-letterman","17":"tag-stephen-colbert","18":"tag-television","19":"tag-tv"},"share_on_mastodon":{"url":"https:\/\/pubeurope.com\/@fr\/114995414425123509","error":""},"_links":{"self":[{"href":"https:\/\/www.europesays.com\/fr\/wp-json\/wp\/v2\/posts\/306020","targetHints":{"allow":["GET"]}}],"collection":[{"href":"https:\/\/www.europesays.com\/fr\/wp-json\/wp\/v2\/posts"}],"about":[{"href":"https:\/\/www.europesays.com\/fr\/wp-json\/wp\/v2\/types\/post"}],"author":[{"embeddable":true,"href":"https:\/\/www.europesays.com\/fr\/wp-json\/wp\/v2\/users\/2"}],"replies":[{"embeddable":true,"href":"https:\/\/www.europesays.com\/fr\/wp-json\/wp\/v2\/comments?post=306020"}],"version-history":[{"count":0,"href":"https:\/\/www.europesays.com\/fr\/wp-json\/wp\/v2\/posts\/306020\/revisions"}],"wp:featuredmedia":[{"embeddable":true,"href":"https:\/\/www.europesays.com\/fr\/wp-json\/wp\/v2\/media\/306021"}],"wp:attachment":[{"href":"https:\/\/www.europesays.com\/fr\/wp-json\/wp\/v2\/media?parent=306020"}],"wp:term":[{"taxonomy":"category","embeddable":true,"href":"https:\/\/www.europesays.com\/fr\/wp-json\/wp\/v2\/categories?post=306020"},{"taxonomy":"post_tag","embeddable":true,"href":"https:\/\/www.europesays.com\/fr\/wp-json\/wp\/v2\/tags?post=306020"}],"curies":[{"name":"wp","href":"https:\/\/api.w.org\/{rel}","templated":true}]}}