{"id":306025,"date":"2025-08-08T22:07:13","date_gmt":"2025-08-08T22:07:13","guid":{"rendered":"https:\/\/www.europesays.com\/fr\/306025\/"},"modified":"2025-08-08T22:07:13","modified_gmt":"2025-08-08T22:07:13","slug":"lalerte-est-lancee-sur-les-risques-de-propagation","status":"publish","type":"post","link":"https:\/\/www.europesays.com\/fr\/306025\/","title":{"rendered":"l&rsquo;alerte est lanc\u00e9e sur les risques de propagation"},"content":{"rendered":"<p>Le chikungunya est en Bourgogne, c&rsquo;est officiel. Et la victime ne l&rsquo;a pas ramen\u00e9 d&rsquo;un voyage, elle a \u00e9t\u00e9 infect\u00e9e, \u00e0 Dijon ou proche r\u00e9gion. Un deuxi\u00e8me cas est pour l&rsquo;instant suspect\u00e9 \u00ab Il concerne une personne domicili\u00e9e \u00e0 Dijon \u00e9galement, d\u00e9clar\u00e9e le 5 ao\u00fbt, et reste \u00e0 ce jour dans l&rsquo;attente de confirmation par le Centre national de r\u00e9f\u00e9rence des arboviroses\u00a0\u00bb indique ce vendredi 8 ao\u00fbt l&rsquo;Agence r\u00e9gionale de sant\u00e9 (ARS) Bourgogne \/ Franche-Comt\u00e9.<\/p>\n<p>C&rsquo;est donc le premier cas autochtone (c&rsquo;est-\u00e0-dire contract\u00e9 sur place) de chikungunya signal\u00e9 en Bourgogne \/ Franche-Comt\u00e9.<\/p>\n<p>\u00ab Des mesures pr\u00e9ventives imm\u00e9diates\u00a0\u00bb<\/p>\n<p>Une d\u00e9couverte qui mobilise les services sanitaires contre le risque de propagation : \u00ab des mesures pr\u00e9ventives imm\u00e9diates sont d\u00e9ploy\u00e9es \u00e0 Dijon, sur des p\u00e9rim\u00e8tres cibl\u00e9s autour des lieux de passage des personnes malades, zones potentielles de transmission.\u00a0\u00bb<\/p>\n<p>D&rsquo;autres personnes d\u00e9j\u00e0 contamin\u00e9es depuis le 1er mai<\/p>\n<p>Alors est-ce bien un moustique-tigre qui est l&rsquo;auteur de la contamination \u00a0? Forcement (lire ci-dessous), mais \u00ab\u00a0depuis le 1er mai 2025, Sant\u00e9 publique France a recens\u00e9 35 cas import\u00e9s de chikungunya dans la r\u00e9gion, dont un dans le p\u00e9rim\u00e8tre des deux cas en cours. Les cas import\u00e9s concernent des personnes qui ont voyag\u00e9 dans des zones contamin\u00e9es.\u00a0\u00bb Les moustiques-tigres de la r\u00e9gion relaient donc potentiellement le virus.<\/p>\n","protected":false},"excerpt":{"rendered":"Le chikungunya est en Bourgogne, c&rsquo;est officiel. Et la victime ne l&rsquo;a pas ramen\u00e9 d&rsquo;un voyage, elle a&hellip;\n","protected":false},"author":2,"featured_media":306026,"comment_status":"","ping_status":"","sticky":false,"template":"","format":"standard","meta":{"footnotes":""},"categories":[10],"tags":[107,1011,27,72,71,6003],"class_list":{"0":"post-306025","1":"post","2":"type-post","3":"status-publish","4":"format-standard","5":"has-post-thumbnail","7":"category-sante","8":"tag-fil-info","9":"tag-fr","10":"tag-france","11":"tag-health","12":"tag-sante","13":"tag-saone-et-loire"},"share_on_mastodon":{"url":"https:\/\/pubeurope.com\/@fr\/114995425808998563","error":""},"_links":{"self":[{"href":"https:\/\/www.europesays.com\/fr\/wp-json\/wp\/v2\/posts\/306025","targetHints":{"allow":["GET"]}}],"collection":[{"href":"https:\/\/www.europesays.com\/fr\/wp-json\/wp\/v2\/posts"}],"about":[{"href":"https:\/\/www.europesays.com\/fr\/wp-json\/wp\/v2\/types\/post"}],"author":[{"embeddable":true,"href":"https:\/\/www.europesays.com\/fr\/wp-json\/wp\/v2\/users\/2"}],"replies":[{"embeddable":true,"href":"https:\/\/www.europesays.com\/fr\/wp-json\/wp\/v2\/comments?post=306025"}],"version-history":[{"count":0,"href":"https:\/\/www.europesays.com\/fr\/wp-json\/wp\/v2\/posts\/306025\/revisions"}],"wp:featuredmedia":[{"embeddable":true,"href":"https:\/\/www.europesays.com\/fr\/wp-json\/wp\/v2\/media\/306026"}],"wp:attachment":[{"href":"https:\/\/www.europesays.com\/fr\/wp-json\/wp\/v2\/media?parent=306025"}],"wp:term":[{"taxonomy":"category","embeddable":true,"href":"https:\/\/www.europesays.com\/fr\/wp-json\/wp\/v2\/categories?post=306025"},{"taxonomy":"post_tag","embeddable":true,"href":"https:\/\/www.europesays.com\/fr\/wp-json\/wp\/v2\/tags?post=306025"}],"curies":[{"name":"wp","href":"https:\/\/api.w.org\/{rel}","templated":true}]}}