{"id":306029,"date":"2025-08-08T22:09:12","date_gmt":"2025-08-08T22:09:12","guid":{"rendered":"https:\/\/www.europesays.com\/fr\/306029\/"},"modified":"2025-08-08T22:09:12","modified_gmt":"2025-08-08T22:09:12","slug":"on-fera-les-comptes-apres-la-fellation-mimee-sur-scene-patrick-sebastien-brandit-les-menaces","status":"publish","type":"post","link":"https:\/\/www.europesays.com\/fr\/306029\/","title":{"rendered":"\u201cOn fera les comptes\u201d : apr\u00e8s la fellation mim\u00e9e sur sc\u00e8ne, Patrick S\u00e9bastien brandit les menaces"},"content":{"rendered":"<p data-start=\"307\" data-end=\"761\">Le 22 juillet dernier, <a href=\"https:\/\/www.closermag.fr\/people\/patrick-sebastien-en-plein-acte-sexuel-sur-scene-la-soiree-au-cap-dagde-derape-devant-des-enfants-3567857\" rel=\"nofollow noopener\" target=\"_blank\"><br \/>\nPatrick S\u00e9bastien<\/a> assurait un concert au camping naturiste du<br \/>\nCap d\u2019Agde. Un show qui devait \u00eatre festif, comme \u00e0 son habitude\u2026<br \/>\njusqu\u2019\u00e0 ce qu\u2019une spectatrice monte sur sc\u00e8ne et mime une fellation<br \/>\nface au chanteur. Sur une <a href=\"https:\/\/www.closermag.fr\/people\/une-boite-de-nuit-libertine-patrick-sebastien-mime-une-fellation-en-public-les-spectateurs-outres-3567869\" rel=\"nofollow noopener\" target=\"_blank\"><br \/>\nvid\u00e9o<\/a> devenue virale, on voit l\u2019ex-animateur hilare<br \/>\n<strong>reboutonner son pantalon<\/strong>, l\u2019air de rien. La sc\u00e8ne,<br \/>\nchoquante pour une partie du public, dont plusieurs familles et<br \/>\nenfants, a provoqu\u00e9 une vive pol\u00e9mique.<\/p>\n<p data-start=\"763\" data-end=\"1133\">Le 29 juillet, Mediapart a r\u00e9v\u00e9l\u00e9 les d\u00e9tails de<br \/>\nl\u2019incident, mettant le feu aux poudres. Depuis, les r\u00e9actions<br \/>\ns\u2019encha\u00eenent, et plusieurs festivals ont <a href=\"https:\/\/www.closermag.fr\/people\/patrick-sebastien-mimant-un-acte-sexuel-sur-scene-le-couperet-est-tombe-apres-laffaire-3569005\" rel=\"nofollow noopener\" target=\"_blank\"><br \/>\nannul\u00e9<\/a> les prochaines dates de l\u2019artiste. Pourtant, Patrick<br \/>\nS\u00e9bastien ne s\u2019est pas exprim\u00e9 publiquement&#8230; jusqu\u2019\u00e0<br \/>\n<strong>cette r\u00e9ponse cinglante<\/strong> dans France Dimanche.<\/p>\n<p>Patrick S\u00e9bastien pas du tout<br \/>\ninquiet<\/p>\n<p data-start=\"1167\" data-end=\"1513\">Sollicit\u00e9 par nos confr\u00e8res,<br \/>\nau c\u0153ur du scandale, <a href=\"https:\/\/www.closermag.fr\/people\/patrick-sebastien-son-acte-sexuel-mime-sur-scene-il-nen-a-pas-grande-chose-a-faire-et-voici-la-preuve-3568976\" rel=\"nofollow noopener\" target=\"_blank\"><br \/>\nl&rsquo;ex-animateur du Plus Grand Cabaret du monde<\/a> a<br \/>\nr\u00e9pondu sans filtre : \u00ab\u00a0Aucun commentaire. Je laisse les<br \/>\njournalistes continuer \u00e0 se r\u00e9galer de mensonges en diffamation<br \/>\nsans savoir vraiment. <strong>On fera les comptes apr\u00e8s.<\/strong><br \/>\nD\u00e9sol\u00e9. Merci.\u00a0\u00bb Un message bref, mais lourd de sous-entendus,<br \/>\nqui ressemble \u00e0 une menace \u00e0 peine voil\u00e9e.<\/p>\n<p data-start=\"468\" data-end=\"1033\">De son c\u00f4t\u00e9, son avocat, Ma\u00eetre<br \/>\nRobin Binsard, a confirm\u00e9 que <strong>l\u2019acte \u00e9tait \u00ab\u00a0mim\u00e9\u00a0\u00bb<br \/>\net non pr\u00e9vu par la production.<\/strong> Il d\u00e9ment toute mise en<br \/>\nsc\u00e8ne volontaire et parle d\u2019une \u00ab\u00a0irruption non souhait\u00e9e\u00a0\u00bb.<br \/>\nDes explications qui n\u2019ont pas calm\u00e9 la direction du centre<br \/>\nnaturiste. Le pr\u00e9sident Richard Oltra a parl\u00e9 de<br \/>\n\u00ab\u00a0trahison\u00a0\u00bb de la part de la production, qu\u2019il accuse<br \/>\nd\u2019avoir ignor\u00e9 un mail informant de la pr\u00e9sence de familles. Du<br \/>\nc\u00f4t\u00e9 du camping, Mario Giovagnoli a d\u00e9nonc\u00e9 un geste qu\u2019il juge<br \/>\n\u00ab\u00a0tr\u00e8s malvenu\u00a0\u00bb, tout en regrettant les <a href=\"https:\/\/www.closermag.fr\/people\/patrick-sebastien-mimant-une-fellation-cette-precision-utile-sur-les-mineurs-presents-au-camping-naturiste-3568459\" rel=\"nofollow noopener\" target=\"_blank\"><br \/>\namalgames<\/a> entre naturisme et sexualit\u00e9.<\/p>\n<p>Entre<br \/>\nannulations&#8230; et second degr\u00e9<\/p>\n<p data-start=\"2058\" data-end=\"2436\">Cons\u00e9quence directe ou non,<br \/>\nplusieurs concerts ont depuis \u00e9t\u00e9 annul\u00e9s. Celui du Festival Humour<br \/>\net Danse de Roquebrune-Cap-Martin, pr\u00e9vu le 8 ao\u00fbt, a saut\u00e9<br \/>\nofficiellement <strong>pour des \u00ab\u00a0raisons<br \/>\nlogistiques\u00a0\u00bb.<\/strong> Mais difficile de ne pas y voir un lien<br \/>\navec <a href=\"https:\/\/www.closermag.fr\/people\/on-craignait-reunion-en-urgence-sur-le-cas-patrick-sebastien-le-verdict-est-sans-appel-3569178\" rel=\"nofollow noopener\" target=\"_blank\"><br \/>\nl\u2019affaire<\/a>. M\u00eame sort pour une date annonc\u00e9e \u00e0 La Motte-du-Caire<br \/>\n(Alpes-de-Haute-Provence), ray\u00e9e du programme le 20 ao\u00fbt<br \/>\nprochain.<\/p>\n<p data-start=\"2438\" data-end=\"2913\" data-is-last-node=\"\" data-is-only-node=\"\">Malgr\u00e9 la tourmente, Patrick S\u00e9bastien a tout<br \/>\nde m\u00eame repris la sc\u00e8ne le 4 ao\u00fbt, \u00e0 la Foire aux Vins d\u2019Alsace, \u00e0<br \/>\nColmar. Devant 7000 personnes, il a <a href=\"https:\/\/www.closermag.fr\/people\/patrick-sebastien-apres-sa-fausse-fellation-sur-scene-cette-nouvelle-video-avec-ses-fans-qui-surprend-3569140\" rel=\"nofollow noopener\" target=\"_blank\"><br \/>\nironis\u00e9<\/a> sur la situation : \u00ab\u00a0Je ne dirais pas un seul gros<br \/>\nmot ce soir. Je n\u2019ai pas envie de me faire engueuler\u00a0\u00bb, avant<br \/>\nde lancer\u2026 La Qu\u00e9quette \u00e0 Raoul. Dans le public,<br \/>\n<strong>certains scandaient \u00ab\u00a0Patoche pr\u00e9sident !\u00a0\u00bb<\/strong><br \/>\nPreuve que malgr\u00e9 le scandale, une partie de son public reste<br \/>\nfid\u00e8le. Mais la s\u00e9rie noire pourrait bien continuer.<\/p>\n","protected":false},"excerpt":{"rendered":"Le 22 juillet dernier, Patrick S\u00e9bastien assurait un concert au camping naturiste du Cap d\u2019Agde. Un show qui&hellip;\n","protected":false},"author":2,"featured_media":306030,"comment_status":"","ping_status":"","sticky":false,"template":"","format":"standard","meta":{"footnotes":""},"categories":[8],"tags":[548,58,59,1011,27,6097,1062,8703,133],"class_list":{"0":"post-306029","1":"post","2":"type-post","3":"status-publish","4":"format-standard","5":"has-post-thumbnail","7":"category-divertissement","8":"tag-article-simple","9":"tag-divertissement","10":"tag-entertainment","11":"tag-fr","12":"tag-france","13":"tag-patrick-sebastien","14":"tag-polemique","15":"tag-sexualite","16":"tag-video"},"share_on_mastodon":{"url":"https:\/\/pubeurope.com\/@fr\/114995433603433580","error":""},"_links":{"self":[{"href":"https:\/\/www.europesays.com\/fr\/wp-json\/wp\/v2\/posts\/306029","targetHints":{"allow":["GET"]}}],"collection":[{"href":"https:\/\/www.europesays.com\/fr\/wp-json\/wp\/v2\/posts"}],"about":[{"href":"https:\/\/www.europesays.com\/fr\/wp-json\/wp\/v2\/types\/post"}],"author":[{"embeddable":true,"href":"https:\/\/www.europesays.com\/fr\/wp-json\/wp\/v2\/users\/2"}],"replies":[{"embeddable":true,"href":"https:\/\/www.europesays.com\/fr\/wp-json\/wp\/v2\/comments?post=306029"}],"version-history":[{"count":0,"href":"https:\/\/www.europesays.com\/fr\/wp-json\/wp\/v2\/posts\/306029\/revisions"}],"wp:featuredmedia":[{"embeddable":true,"href":"https:\/\/www.europesays.com\/fr\/wp-json\/wp\/v2\/media\/306030"}],"wp:attachment":[{"href":"https:\/\/www.europesays.com\/fr\/wp-json\/wp\/v2\/media?parent=306029"}],"wp:term":[{"taxonomy":"category","embeddable":true,"href":"https:\/\/www.europesays.com\/fr\/wp-json\/wp\/v2\/categories?post=306029"},{"taxonomy":"post_tag","embeddable":true,"href":"https:\/\/www.europesays.com\/fr\/wp-json\/wp\/v2\/tags?post=306029"}],"curies":[{"name":"wp","href":"https:\/\/api.w.org\/{rel}","templated":true}]}}