{"id":306031,"date":"2025-08-08T22:10:12","date_gmt":"2025-08-08T22:10:12","guid":{"rendered":"https:\/\/www.europesays.com\/fr\/306031\/"},"modified":"2025-08-08T22:10:12","modified_gmt":"2025-08-08T22:10:12","slug":"la-nouvelle-fonctionnalite-dinstagram-lune-des-pires-que-lon-puisse-imaginer-cree-la-polemique","status":"publish","type":"post","link":"https:\/\/www.europesays.com\/fr\/306031\/","title":{"rendered":"La nouvelle fonctionnalit\u00e9 d&rsquo;Instagram, \u00ab\u00a0l&rsquo;une des pires que l&rsquo;on puisse imaginer\u00a0\u00bb, cr\u00e9e la pol\u00e9mique"},"content":{"rendered":"<p class=\"ap-StoryElement ap-StoryElement--mb ap-StoryText\">Cette \u00ab\u00a0carte\u00a0\u00bb, similaire \u00e0 celle de l&rsquo;autre c\u00e9l\u00e8bre plateforme Snapchat, permet d\u00e9sormais aux usagers d&rsquo;Instagram de partager leur localisation et de voir celles d&rsquo;autres utilisateurs.<\/p>\n<p class=\"ap-StoryElement ap-StoryElement--mb ap-StoryText\">Probl\u00e8me, selon des internautes: la localisation pr\u00e9cise d&rsquo;un individu pourrait \u00eatre d\u00e9sormais accessible \u00e0 tout internet, en fonction des param\u00e8tres de s\u00e9curit\u00e9 s\u00e9lectionn\u00e9s, soulevant des inqui\u00e9tudes concernant la protection de la vie priv\u00e9e des utilisateurs.<\/p>\n<p class=\"ap-StoryElement ap-StoryElement--mb ap-StoryText\">Vendredi, des dizaines de vid\u00e9os et publications mettant en garde contre cette nouvelle fonctionnalit\u00e9 circulaient sur les r\u00e9seaux sociaux, cumulant des dizaines voire des centaines de milliers de vues.<\/p>\n<p><a href=\"https:\/\/www.lalibre.be\/belgique\/2025\/07\/31\/interdiction-de-la-publicite-politique-sur-facebook-et-instagram-un-bouleversement-pour-les-partis-politiques-belges-BM3Y7KDZCRHN3CZPLFJL6HBPEY\/\" target=\"_blank\" rel=\"noopener noreferrer\" class=\"ap-StoryInterstitialLink ap-StoryElement ap-StoryElement--mb\">Interdiction de la publicit\u00e9 politique sur Facebook et Instagram, un bouleversement pour les partis politiques belges ?<\/a><\/p>\n<p class=\"ap-StoryElement ap-StoryElement--mb ap-StoryText\">\u00ab\u00a0Qu&rsquo;est-ce que c&rsquo;est que ces conneries? Instagram vient de lancer une fonctionnalit\u00e9 qui est sans doute l&rsquo;une des pires que l&rsquo;on puisse imaginer en mati\u00e8re de s\u00e9curit\u00e9\u00a0\u00bb, s&rsquo;\u00e9mouvait ainsi une utilisatrice am\u00e9ricaine dans une vid\u00e9o, alertant sur le danger d&rsquo;un emploi de cette fonctionnalit\u00e9 par des personnes malintentionn\u00e9es.<\/p>\n<p class=\"ap-StoryElement ap-StoryElement--mb ap-StoryText\">La carte a \u00e9t\u00e9 introduite avec d&rsquo;autres fonctionnalit\u00e9s en milieu de semaine par la plateforme du g\u00e9ant am\u00e9ricain Meta, avec pour objectif de \u00ab\u00a0permettre \u00e0 chacun de rester plus facilement en contact avec ses amis\u00a0\u00bb, selon <a href=\"https:\/\/www.lalibre.be\/belgique\/societe\/2025\/05\/21\/instagram-reste-le-reseau-prefere-des-belges-tiktok-en-constante-progression-2MKPRO3O4NCAFHC4H357UXCM54\/\" target=\"_blank\" rel=\"noopener\">Instagram<\/a>.<\/p>\n<p class=\"ap-StoryElement ap-StoryElement--mb ap-StoryText\">Face \u00e0 l&rsquo;ampleur des critiques, Adam Mosseri, patron du r\u00e9seau social a cherch\u00e9 \u00e0 rassurer jeudi.<\/p>\n<p class=\"ap-StoryElement ap-StoryElement--mb ap-StoryText\">\u00ab\u00a0Votre localisation sera uniquement partag\u00e9e *si* vous d\u00e9cidez de la partager, et si vous le faites, c&rsquo;est possible de le faire qu&rsquo;avec un groupe limit\u00e9 de personnes que vous choisissez\u00a0\u00bb, a-t-il \u00e9crit sur la plateforme.<\/p>\n<p class=\"ap-StoryElement ap-StoryElement--mb ap-StoryText\">\u00ab\u00a0Personnellement, j&rsquo;utilise la carte pour partager ce que je fais avec une poign\u00e9e de mes amis les plus proches\u00a0\u00bb, a-t-il ajout\u00e9.<\/p>\n<p><a href=\"https:\/\/www.lalibre.be\/economie\/digital\/2025\/05\/26\/facebook-et-instagram-vont-exploiter-vos-photos-pour-alimenter-une-nouvelle-ia-voici-comment-les-en-empecher-3XP4MHGRY5FIHK53G4WA345RB4\/\" target=\"_blank\" rel=\"noopener noreferrer\" class=\"ap-StoryInterstitialLink ap-StoryElement ap-StoryElement--mb\">Vos photos sur Facebook et Instagram seront exploit\u00e9es par la nouvelle IA de Meta. Voici comment l&rsquo;\u00e9viter<\/a><\/p>\n<p>Pour acc\u00e9der \u00e0 cet article, veuillez vous connecter au r\u00e9seau internet.<\/p>\n","protected":false},"excerpt":{"rendered":"Cette \u00ab\u00a0carte\u00a0\u00bb, similaire \u00e0 celle de l&rsquo;autre c\u00e9l\u00e8bre plateforme Snapchat, permet d\u00e9sormais aux usagers d&rsquo;Instagram de partager leur&hellip;\n","protected":false},"author":2,"featured_media":306032,"comment_status":"","ping_status":"","sticky":false,"template":"","format":"standard","meta":{"footnotes":""},"categories":[7],"tags":[44654,1011,27,310,17221,43,40,41,39,42,44,4301,308],"class_list":{"0":"post-306031","1":"post","2":"type-post","3":"status-publish","4":"format-standard","5":"has-post-thumbnail","7":"category-sciences-et-technologies","8":"tag-adam-mosseri","9":"tag-fr","10":"tag-france","11":"tag-internet","12":"tag-mobiles","13":"tag-science","14":"tag-science-and-technology","15":"tag-sciences","16":"tag-sciences-et-technologies","17":"tag-technologies","18":"tag-technology","19":"tag-telecoms","20":"tag-usa"},"share_on_mastodon":{"url":"https:\/\/pubeurope.com\/@fr\/114995437560874709","error":""},"_links":{"self":[{"href":"https:\/\/www.europesays.com\/fr\/wp-json\/wp\/v2\/posts\/306031","targetHints":{"allow":["GET"]}}],"collection":[{"href":"https:\/\/www.europesays.com\/fr\/wp-json\/wp\/v2\/posts"}],"about":[{"href":"https:\/\/www.europesays.com\/fr\/wp-json\/wp\/v2\/types\/post"}],"author":[{"embeddable":true,"href":"https:\/\/www.europesays.com\/fr\/wp-json\/wp\/v2\/users\/2"}],"replies":[{"embeddable":true,"href":"https:\/\/www.europesays.com\/fr\/wp-json\/wp\/v2\/comments?post=306031"}],"version-history":[{"count":0,"href":"https:\/\/www.europesays.com\/fr\/wp-json\/wp\/v2\/posts\/306031\/revisions"}],"wp:featuredmedia":[{"embeddable":true,"href":"https:\/\/www.europesays.com\/fr\/wp-json\/wp\/v2\/media\/306032"}],"wp:attachment":[{"href":"https:\/\/www.europesays.com\/fr\/wp-json\/wp\/v2\/media?parent=306031"}],"wp:term":[{"taxonomy":"category","embeddable":true,"href":"https:\/\/www.europesays.com\/fr\/wp-json\/wp\/v2\/categories?post=306031"},{"taxonomy":"post_tag","embeddable":true,"href":"https:\/\/www.europesays.com\/fr\/wp-json\/wp\/v2\/tags?post=306031"}],"curies":[{"name":"wp","href":"https:\/\/api.w.org\/{rel}","templated":true}]}}