{"id":306033,"date":"2025-08-08T22:11:11","date_gmt":"2025-08-08T22:11:11","guid":{"rendered":"https:\/\/www.europesays.com\/fr\/306033\/"},"modified":"2025-08-08T22:11:11","modified_gmt":"2025-08-08T22:11:11","slug":"la-chaleur-sera-telle-ce-week-end-que-la-sncf-supprime-deja-une-vingtaine-de-trajets","status":"publish","type":"post","link":"https:\/\/www.europesays.com\/fr\/306033\/","title":{"rendered":"La chaleur sera telle ce week-end que la SNCF supprime d\u00e9j\u00e0 une vingtaine de trajets"},"content":{"rendered":"<p>        <img decoding=\"async\" loading=\"lazy\" src=\"https:\/\/www.europesays.com\/fr\/wp-content\/uploads\/2025\/08\/959d9a9_upload-1-pvsmos1vcfoo-afp-20240821-hl-mthomasset-2490509-v1-highres-francetransportsncfillus.jpeg\"  width=\"728\" height=\"485\" alt=\"La chaleur sera telle ce week-end que la SNCF supprime d\u00e9j\u00e0 une vingtaine de trajets (photo d\u2019illustration)\"\/>  <\/p>\n<p>MATHIEU THOMASSET \/ Hans Lucas via AFP<\/p>\n<p>La chaleur sera telle ce week-end que la SNCF supprime d\u00e9j\u00e0 une vingtaine de trajets (photo d\u2019illustration)<\/p>\n<p class=\"asset asset-text\">M\u00c9T\u00c9O &#8211; D\u00e9j\u00e0 des cons\u00e9quences. La SNCF a annonc\u00e9 cette fin de semaine qu\u2019elle supprimait plusieurs trajets, notamment <a href=\"https:\/\/www.huffingtonpost.fr\/france\/article\/contre-les-retards-des-lignes-paris-toulouse-et-paris-clermont-des-trains-de-la-colere-arrivent-a-austerlitz_248793.html\" target=\"_blank\" rel=\"noopener\">entre Paris et Clermont<\/a>, pour anticiper des \u00ab\u00a0pannes potentielles de <a href=\"https:\/\/www.huffingtonpost.fr\/tech-futurs\/article\/voici-a-quelles-conditions-la-climatisation-sera-contre-la-canicule-une-solution-qui-n-empire-pas-les-choses_252047.html\" target=\"_blank\" rel=\"noopener\">climatisation<\/a>\u00a0li\u00e9es aux tr\u00e8s hautes temp\u00e9ratures\u00a0\u00bb ce samedi\u00a09, dimanche 10\u00a0ao\u00fbt et lundi 11\u00a0ao\u00fbt.<\/p>\n<p class=\"asset asset-text\">La \u00ab\u00a0conception ancienne\u00a0\u00bb de certaines voitures Corail \u00ab\u00a0n\u2019assure pas la m\u00eame robustesse que celle des trains plus r\u00e9cents dans certaines conditions m\u00e9t\u00e9orologiques\u00a0\u00bb, explique la compagnie ferroviaire dans un communiqu\u00e9, \u00e9voquant des \u00ab\u00a0all\u00e9gements temporaires\u00a0\u00bb qui \u00ab\u00a0ciblent les trains de mi-journ\u00e9e en tenant compte au cas par cas des pr\u00e9visions de temp\u00e9rature sur les territoires desservis par chacune des lignes.\u00a0\u00bb<\/p>\n<p class=\"asset asset-text\">Ainsi, trois allers-retours sont supprim\u00e9s entre Bordeaux et Marseille jusqu\u2019au lundi 11\u00a0ao\u00fbt inclus, trois entre Paris et Clermont et cinq entre Paris et Limoges.\u00a0La SNCF dit avoir propos\u00e9 un remboursement ou un changement d\u2019horaires aux voyageurs concern\u00e9s.<\/p>\n<p>    <strong>Nouvelle vague de chaleur \u00e9touffante<\/strong>    <\/p>\n<p class=\"asset asset-text\">Il faut dire que la France fait face, \u00e0 partir de ce vendredi, \u00e0 une nouvelle vague de chaleur estivale \u00e9touffante. Elle va s\u2019\u00e9tendre samedi avec 28 d\u00e9partements du sud de la France plac\u00e9s en vigilance orange \u00ab\u00a0canicule\u00a0\u00bb, et jusqu\u2019\u00e0 41\u00b0C attendus localement.<\/p>\n<p class=\"asset asset-text\">Le pic de chaleur est attendu en d\u00e9but de semaine prochaine sur une large partie du pays, apr\u00e8s un week-end marqu\u00e9 par des temp\u00e9ratures comprises entre 34\u00b0C et 40\u00b0C dans le sud, pouvant atteindre les 41\u00b0C du pied des C\u00e9vennes \u00e0 la basse vall\u00e9e du Rh\u00f4ne, selon M\u00e9t\u00e9o-France. \u00ab\u00a0Les tr\u00e8s fortes temp\u00e9ratures devraient s\u2019intensifier en d\u00e9but de semaine prochaine\u00a0\u00bb, avec les journ\u00e9es les plus chaudes pr\u00e9vues lundi et mardi, avant de se maintenir au moins jusqu\u2019en seconde partie de semaine, pr\u00e9cise vendredi le service m\u00e9t\u00e9orologique.<\/p>\n<p class=\"asset asset-text\">La journ\u00e9e de lundi pourrait ainsi \u00eatre \u00ab\u00a0la plus chaude \u00e0 l\u2019\u00e9chelle nationale. La vague de chaleur devrait se poursuivre jusqu\u2019en seconde partie de semaine prochaine sur le Sud-Est\u00a0\u00bb. Apr\u00e8s une premi\u00e8re vague de chaleur du 19\u00a0juin au 4\u00a0juillet, cet \u00e9pisode constitue la 51e vague de chaleur enregistr\u00e9e en France depuis 1947, selon M\u00e9t\u00e9o-France.<\/p>\n","protected":false},"excerpt":{"rendered":"MATHIEU THOMASSET \/ Hans Lucas via AFP La chaleur sera telle ce week-end que la SNCF supprime d\u00e9j\u00e0&hellip;\n","protected":false},"author":2,"featured_media":306034,"comment_status":"","ping_status":"","sticky":false,"template":"","format":"standard","meta":{"footnotes":""},"categories":[6],"tags":[35,6698,33,34,1011,27,2487,2215,2803],"class_list":{"0":"post-306033","1":"post","2":"type-post","3":"status-publish","4":"format-standard","5":"has-post-thumbnail","7":"category-economie","8":"tag-business","9":"tag-canicule","10":"tag-economie","11":"tag-economy","12":"tag-fr","13":"tag-france","14":"tag-meteo","15":"tag-sncf","16":"tag-transport"},"share_on_mastodon":{"url":"https:\/\/pubeurope.com\/@fr\/114995441624015909","error":""},"_links":{"self":[{"href":"https:\/\/www.europesays.com\/fr\/wp-json\/wp\/v2\/posts\/306033","targetHints":{"allow":["GET"]}}],"collection":[{"href":"https:\/\/www.europesays.com\/fr\/wp-json\/wp\/v2\/posts"}],"about":[{"href":"https:\/\/www.europesays.com\/fr\/wp-json\/wp\/v2\/types\/post"}],"author":[{"embeddable":true,"href":"https:\/\/www.europesays.com\/fr\/wp-json\/wp\/v2\/users\/2"}],"replies":[{"embeddable":true,"href":"https:\/\/www.europesays.com\/fr\/wp-json\/wp\/v2\/comments?post=306033"}],"version-history":[{"count":0,"href":"https:\/\/www.europesays.com\/fr\/wp-json\/wp\/v2\/posts\/306033\/revisions"}],"wp:featuredmedia":[{"embeddable":true,"href":"https:\/\/www.europesays.com\/fr\/wp-json\/wp\/v2\/media\/306034"}],"wp:attachment":[{"href":"https:\/\/www.europesays.com\/fr\/wp-json\/wp\/v2\/media?parent=306033"}],"wp:term":[{"taxonomy":"category","embeddable":true,"href":"https:\/\/www.europesays.com\/fr\/wp-json\/wp\/v2\/categories?post=306033"},{"taxonomy":"post_tag","embeddable":true,"href":"https:\/\/www.europesays.com\/fr\/wp-json\/wp\/v2\/tags?post=306033"}],"curies":[{"name":"wp","href":"https:\/\/api.w.org\/{rel}","templated":true}]}}