{"id":306035,"date":"2025-08-08T22:12:17","date_gmt":"2025-08-08T22:12:17","guid":{"rendered":"https:\/\/www.europesays.com\/fr\/306035\/"},"modified":"2025-08-08T22:12:17","modified_gmt":"2025-08-08T22:12:17","slug":"la-fondatrice-dune-celebre-marque-de-maillots-de-bain-retrouvee-morte-sur-un-yacht-dans-les-hamptons","status":"publish","type":"post","link":"https:\/\/www.europesays.com\/fr\/306035\/","title":{"rendered":"La fondatrice d\u2019une c\u00e9l\u00e8bre marque de maillots de bain retrouv\u00e9e morte sur un yacht dans les Hamptons"},"content":{"rendered":"<p>Une jeune femme originaire d\u2019<a href=\"https:\/\/www.20minutes.fr\/dossier\/irlande\" target=\"_blank\" class=\"color-ultramarine c-link\" rel=\"noopener\">Irlande<\/a>, install\u00e9e \u00e0 <a href=\"https:\/\/www.20minutes.fr\/dossier\/new_york\" target=\"_blank\" class=\"color-ultramarine c-link\" rel=\"noopener\">New York<\/a>, a \u00e9t\u00e9 retrouv\u00e9e morte dans des circonstances encore inexpliqu\u00e9es \u00e0 bord d\u2019un bateau au Montauk Yacht-Club, dans l\u2019est de Long Island. Identifi\u00e9e comme Martha Nolan-O\u2019Slatarra, 33 ans, la victime \u00e9tait cofondatrice de la marque de maillots de bain East x East.<\/p>\n<p>Selon les informations de <a href=\"https:\/\/www.cbsnews.com\/newyork\/news\/martha-nolan-oslatarra-found-dead-at-montauk-yacht-club\/\" rel=\"nofollow noopener\" target=\"_blank\" class=\"color-ultramarine c-link\">CBS News<\/a>, le corps de la trentenaire a \u00e9t\u00e9 d\u00e9couvert peu apr\u00e8s minuit mardi, sur un <a href=\"https:\/\/www.20minutes.fr\/dossier\/bateau\" target=\"_blank\" class=\"color-ultramarine c-link\" rel=\"noopener\">bateau<\/a> baptis\u00e9 Ripple. Un homme avait contact\u00e9 le 911 pour signaler qu\u2019une femme \u00e9tait inconsciente \u00e0 bord. Des passants ont tent\u00e9 de la r\u00e9animer avec un massage cardiaque, mais les <a href=\"https:\/\/www.20minutes.fr\/dossier\/secours\" target=\"_blank\" class=\"color-ultramarine c-link\" rel=\"noopener\">secours<\/a> n\u2019ont pu que constater son d\u00e9c\u00e8s \u00e0 leur arriv\u00e9e. La sc\u00e8ne a \u00e9t\u00e9 imm\u00e9diatement boucl\u00e9e par la police.<\/p>\n<\/p>\n<p>Des examens compl\u00e9mentaires en cours<\/p>\n<p>L\u2019enqu\u00eate a \u00e9t\u00e9 confi\u00e9e \u00e0 la brigade des homicides du comt\u00e9 de Suffolk. Si une <a href=\"https:\/\/www.20minutes.fr\/dossier\/autopsie\" target=\"_blank\" class=\"color-ultramarine c-link\" rel=\"noopener\">autopsie<\/a> r\u00e9alis\u00e9e par le m\u00e9decin l\u00e9giste n\u2019a r\u00e9v\u00e9l\u00e9 aucun signe de violence, les causes pr\u00e9cises de la mort de Martha Nolan-O\u2019Slatarra restent \u00e0 d\u00e9terminer. Des examens compl\u00e9mentaires sont en cours. Le minist\u00e8re irlandais des Affaires \u00e9trang\u00e8res a indiqu\u00e9 \u00eatre au courant de la situation et apporter un soutien consulaire \u00e0 la famille de la d\u00e9funte.<\/p>\n<p><a href=\"https:\/\/www.20minutes.fr\/monde\/etats-unis\/\" target=\"_blank\" class=\"c-link c-btn c-btn--primary\" rel=\"noopener\">Notre dossier sur les Etats-Unis<\/a><\/p>\n<p>Le d\u00e9c\u00e8s soudain de cette entrepreneure a profond\u00e9ment \u00e9mu ses proches et la communaut\u00e9 locale. Martha Nolan-O\u2019Slatarra vivait \u00e0 <a href=\"https:\/\/www.20minutes.fr\/dossier\/manhattan\" target=\"_blank\" class=\"color-ultramarine c-link\" rel=\"noopener\">Manhattan<\/a>, o\u00f9 elle s\u2019\u00e9tait install\u00e9e en\u00a02015 apr\u00e8s avoir quitt\u00e9 sa ville natale de Carlow, en Irlande. Sur son compte <a href=\"https:\/\/www.20minutes.fr\/high-tech\/tiktok\/\" target=\"_blank\" class=\"color-ultramarine c-link\" rel=\"noopener\">TikTok<\/a>, la jeune femme partageait les coulisses de son entreprise et ses installations estivales \u00e0 Montauk, notamment une boutique \u00e9ph\u00e9m\u00e8re.<\/p>\n","protected":false},"excerpt":{"rendered":"Une jeune femme originaire d\u2019Irlande, install\u00e9e \u00e0 New York, a \u00e9t\u00e9 retrouv\u00e9e morte dans des circonstances encore inexpliqu\u00e9es&hellip;\n","protected":false},"author":2,"featured_media":306036,"comment_status":"","ping_status":"","sticky":false,"template":"","format":"standard","meta":{"footnotes":""},"categories":[5],"tags":[47,11,6725,3983,1067,73,1011,27,14,516,14707,74,415,12,2439,28,21075],"class_list":{"0":"post-306035","1":"post","2":"type-post","3":"status-publish","4":"format-standard","5":"has-post-thumbnail","7":"category-international","8":"tag-actualite","9":"tag-actualites","10":"tag-corps","11":"tag-deces","12":"tag-enquete","13":"tag-etats-unis","14":"tag-fr","15":"tag-france","16":"tag-international","17":"tag-irlande","18":"tag-manhattan","19":"tag-monde","20":"tag-new-york","21":"tag-news","22":"tag-tiktok","23":"tag-world","24":"tag-yacht"},"share_on_mastodon":{"url":"https:\/\/pubeurope.com\/@fr\/114995445523789624","error":""},"_links":{"self":[{"href":"https:\/\/www.europesays.com\/fr\/wp-json\/wp\/v2\/posts\/306035","targetHints":{"allow":["GET"]}}],"collection":[{"href":"https:\/\/www.europesays.com\/fr\/wp-json\/wp\/v2\/posts"}],"about":[{"href":"https:\/\/www.europesays.com\/fr\/wp-json\/wp\/v2\/types\/post"}],"author":[{"embeddable":true,"href":"https:\/\/www.europesays.com\/fr\/wp-json\/wp\/v2\/users\/2"}],"replies":[{"embeddable":true,"href":"https:\/\/www.europesays.com\/fr\/wp-json\/wp\/v2\/comments?post=306035"}],"version-history":[{"count":0,"href":"https:\/\/www.europesays.com\/fr\/wp-json\/wp\/v2\/posts\/306035\/revisions"}],"wp:featuredmedia":[{"embeddable":true,"href":"https:\/\/www.europesays.com\/fr\/wp-json\/wp\/v2\/media\/306036"}],"wp:attachment":[{"href":"https:\/\/www.europesays.com\/fr\/wp-json\/wp\/v2\/media?parent=306035"}],"wp:term":[{"taxonomy":"category","embeddable":true,"href":"https:\/\/www.europesays.com\/fr\/wp-json\/wp\/v2\/categories?post=306035"},{"taxonomy":"post_tag","embeddable":true,"href":"https:\/\/www.europesays.com\/fr\/wp-json\/wp\/v2\/tags?post=306035"}],"curies":[{"name":"wp","href":"https:\/\/api.w.org\/{rel}","templated":true}]}}