{"id":306037,"date":"2025-08-08T22:13:13","date_gmt":"2025-08-08T22:13:13","guid":{"rendered":"https:\/\/www.europesays.com\/fr\/306037\/"},"modified":"2025-08-08T22:13:13","modified_gmt":"2025-08-08T22:13:13","slug":"un-homme-arrete-en-flagrant-delit-en-train-dallumer-un-feu-liberation","status":"publish","type":"post","link":"https:\/\/www.europesays.com\/fr\/306037\/","title":{"rendered":"un homme arr\u00eat\u00e9 en flagrant d\u00e9lit en train d\u2019allumer un feu \u2013 Lib\u00e9ration"},"content":{"rendered":"<p class=\"sc-ksZaOG ehjQrN text-element\">Un homme a \u00e9t\u00e9 interpell\u00e9 jeudi 7 ao\u00fbt au soir \u00e0 B\u00e9darieux (<a href=\"https:\/\/www.liberation.fr\/societe\/police-justice\/herault-une-assistante-decole-maternelle-mise-en-examen-pour-des-viols-et-agressions-sexuelles-sur-9-enfants-20250731_M62FYJB22RFVTDLQ6SXFQ2PXXE\/\" target=\"_blank\" rel=\"noreferrer noopener\" title=\"https:\/\/www.liberation.fr\/societe\/police-justice\/herault-une-assistante-decole-maternelle-mise-en-examen-pour-des-viols-et-agressions-sexuelles-sur-9-enfants-20250731_M62FYJB22RFVTDLQ6SXFQ2PXXE\/\">H\u00e9rault<\/a>) alors qu\u2019il \u00e9tait en train d\u2019allumer un feu. Une enqu\u00eate a \u00e9t\u00e9 ouverte pour d\u00e9terminer s\u2019il peut \u00eatre \u00e0 l\u2019origine des <a href=\"https:\/\/www.liberation.fr\/environnement\/en-direct-lincendie-dans-laude-progresse-sur-80-kilometres-une-femme-est-morte-1-820-pompiers-mobilises-20250806_3EM6EC3FJVHTXLPKQGARY2WF4U\/\" target=\"_blank\" rel=\"noreferrer noopener\" title=\"https:\/\/www.liberation.fr\/environnement\/en-direct-lincendie-dans-laude-progresse-sur-80-kilometres-une-femme-est-morte-1-820-pompiers-mobilises-20250806_3EM6EC3FJVHTXLPKQGARY2WF4U\/\">incendies r\u00e9cents dans le sud de la France<\/a>, a-t-on appris ce vendredi 8 ao\u00fbt de sources proches de l\u2019enqu\u00eate.<\/p>\n<p class=\"sc-ksZaOG ehjQrN text-element\">L\u2019homme, interpell\u00e9 vers 23 heures \u00e0 B\u00e9darieux, ville de 5 000 habitants dans le centre rural du d\u00e9partement, a \u00e9t\u00e9 plac\u00e9 en garde \u00e0 vue et une enqu\u00eate ouverte sous la direction du parquet de B\u00e9ziers, a annonc\u00e9 une de ces sources, qui a requis l\u2019anonymat. \u00abL\u2019enqu\u00eate devra d\u00e9terminer s\u2019il s\u2019agit d\u2019un fait isol\u00e9 ou s\u2019il est susceptible d\u2019en avoir commis d\u2019autres. En raison de la proximit\u00e9 avec les incendies de l\u2019Aude et ailleurs, on va retracer son itin\u00e9raire r\u00e9cent\u00bb, a-t-elle pr\u00e9cis\u00e9.<\/p>\n<p class=\"sc-ksZaOG ehjQrN text-element\">Selon une autre source proche de l\u2019enqu\u00eate, qui a \u00e9galement souhait\u00e9 conserver l\u2019anonymat, l\u2019homme, \u00e2g\u00e9 de 40 ans, avait d\u00e9j\u00e0 \u00e9t\u00e9 vu faisant des allers-retours dans cette m\u00eame rue de B\u00e9darieux lors de pr\u00e9c\u00e9dents d\u00e9parts de feu. Les deux sources ont expliqu\u00e9 que le suspect avait d\u2019abord \u00e9t\u00e9 intercept\u00e9 par des riverains alors qu\u2019il \u00e9tait en train d\u2019allumer un feu, avant d\u2019\u00eatre interpell\u00e9 peu apr\u00e8s par les gendarmes. Sollicit\u00e9 par l\u2019AFP, le procureur de B\u00e9ziers, Rapha\u00ebl Balland, n\u2019a pas r\u00e9pondu dans l\u2019imm\u00e9diat.<\/p>\n<p class=\"sc-ksZaOG ehjQrN text-element\">Depuis la fin juillet, les incendies se multiplient dans le sud et le sud-est du pays, apr\u00e8s plusieurs semaines de fortes chaleurs, mobilisant des milliers de pompiers. Samedi, 28 d\u00e9partements du sud du pays seront \u00e0 nouveau en vigilance orange \u00abcanicule\u00bb, selon M\u00e9t\u00e9o France. Jeudi soir, les pompiers ont r\u00e9ussi \u00e0 fixer <a href=\"https:\/\/www.liberation.fr\/checknews\/incendie-dans-laude-quand-parle-t-on-de-grand-feu-de-feu-exceptionnel-ou-de-megafeu-20250807_CHSJRL2RXNGE5ETB4OYXPK32VY\/\" target=\"_blank\" rel=\"noreferrer noopener\" title=\"https:\/\/www.liberation.fr\/checknews\/incendie-dans-laude-quand-parle-t-on-de-grand-feu-de-feu-exceptionnel-ou-de-megafeu-20250807_CHSJRL2RXNGE5ETB4OYXPK32VY\/\">l\u2019incendie g\u00e9ant dans l\u2019Aude<\/a>, le plus important depuis au moins cinquante ans sur le pourtour m\u00e9diterran\u00e9en fran\u00e7ais, qui a parcouru 17 000 hectares de v\u00e9g\u00e9tation en un peu plus de quarante-huit heures et <a href=\"https:\/\/www.liberation.fr\/environnement\/cette-dame-na-pas-voulu-sortir-de-sa-maison-dans-lincendie-de-laude-une-femme-retrouvee-morte-a-saint-laurent-de-la-cabrerisse-20250806_MBA5C3S55BHELATXPTBQ3WRLFU\/\" target=\"_blank\" rel=\"noreferrer noopener\" title=\"https:\/\/www.liberation.fr\/environnement\/cette-dame-na-pas-voulu-sortir-de-sa-maison-dans-lincendie-de-laude-une-femme-retrouvee-morte-a-saint-laurent-de-la-cabrerisse-20250806_MBA5C3S55BHELATXPTBQ3WRLFU\/\">co\u00fbt\u00e9 la vie \u00e0 une personne<\/a>. Selon les sp\u00e9cialistes, neuf feux sur dix sont d\u2019origine humaine, le plus souvent du fait de n\u00e9gligences.<\/p>\n","protected":false},"excerpt":{"rendered":"Un homme a \u00e9t\u00e9 interpell\u00e9 jeudi 7 ao\u00fbt au soir \u00e0 B\u00e9darieux (H\u00e9rault) alors qu\u2019il \u00e9tait en train&hellip;\n","protected":false},"author":2,"featured_media":306038,"comment_status":"","ping_status":"","sticky":false,"template":"","format":"standard","meta":{"footnotes":""},"categories":[4],"tags":[11,44655,1011,27,1310,12,25],"class_list":{"0":"post-306037","1":"post","2":"type-post","3":"status-publish","4":"format-standard","5":"has-post-thumbnail","7":"category-france","8":"tag-actualites","9":"tag-feux-forets","10":"tag-fr","11":"tag-france","12":"tag-incendie","13":"tag-news","14":"tag-republique-francaise"},"share_on_mastodon":{"url":"https:\/\/pubeurope.com\/@fr\/114995449339544681","error":""},"_links":{"self":[{"href":"https:\/\/www.europesays.com\/fr\/wp-json\/wp\/v2\/posts\/306037","targetHints":{"allow":["GET"]}}],"collection":[{"href":"https:\/\/www.europesays.com\/fr\/wp-json\/wp\/v2\/posts"}],"about":[{"href":"https:\/\/www.europesays.com\/fr\/wp-json\/wp\/v2\/types\/post"}],"author":[{"embeddable":true,"href":"https:\/\/www.europesays.com\/fr\/wp-json\/wp\/v2\/users\/2"}],"replies":[{"embeddable":true,"href":"https:\/\/www.europesays.com\/fr\/wp-json\/wp\/v2\/comments?post=306037"}],"version-history":[{"count":0,"href":"https:\/\/www.europesays.com\/fr\/wp-json\/wp\/v2\/posts\/306037\/revisions"}],"wp:featuredmedia":[{"embeddable":true,"href":"https:\/\/www.europesays.com\/fr\/wp-json\/wp\/v2\/media\/306038"}],"wp:attachment":[{"href":"https:\/\/www.europesays.com\/fr\/wp-json\/wp\/v2\/media?parent=306037"}],"wp:term":[{"taxonomy":"category","embeddable":true,"href":"https:\/\/www.europesays.com\/fr\/wp-json\/wp\/v2\/categories?post=306037"},{"taxonomy":"post_tag","embeddable":true,"href":"https:\/\/www.europesays.com\/fr\/wp-json\/wp\/v2\/tags?post=306037"}],"curies":[{"name":"wp","href":"https:\/\/api.w.org\/{rel}","templated":true}]}}