{"id":306046,"date":"2025-08-08T22:20:11","date_gmt":"2025-08-08T22:20:11","guid":{"rendered":"https:\/\/www.europesays.com\/fr\/306046\/"},"modified":"2025-08-08T22:20:11","modified_gmt":"2025-08-08T22:20:11","slug":"toulon-meteo-le-soleil-continue-de-regner-sur-la-provence-alpes-cote-dazur","status":"publish","type":"post","link":"https:\/\/www.europesays.com\/fr\/306046\/","title":{"rendered":"TOULON : M\u00e9t\u00e9o &#8211; Le soleil continue de r\u00e9gner sur la\u00a0Provence-Alpes-C\u00f4te d\u2019Azur"},"content":{"rendered":"<p><strong>Le soleil continue de r\u00e9gner sur la\u00a0Provence-Alpes-C\u00f4te d\u2019Azur\u00a0ce vendredi. <\/strong><\/p>\n<p>Les temp\u00e9ratures matinales seront agr\u00e9ables, de\u00a0<strong data-start=\"363\" data-end=\"375\">15 \u00e0 21\u00b0<\/strong>. L\u2019apr\u00e8s-midi, la chaleur s\u2019accentue dans les terres.<\/p>\n<p>Comptez\u00a0<strong data-start=\"457\" data-end=\"473\">35\u00b0 \u00e0 Orange<\/strong>,\u00a0<strong data-start=\"475\" data-end=\"488\">33\u00b0 \u00e0 Apt<\/strong>,\u00a0<strong data-start=\"490\" data-end=\"515\">32\u00b0 \u00e0 Aix-en-Provence<\/strong>,\u00a0<strong data-start=\"517\" data-end=\"533\">Bouc-Bel-Air<\/strong>,\u00a0<strong data-start=\"535\" data-end=\"547\">Gr\u00e9asque<\/strong>\u00a0et\u00a0<strong data-start=\"551\" data-end=\"563\">Cadolive<\/strong>, tout comme \u00e0\u00a0<strong data-start=\"578\" data-end=\"590\">Sisteron<\/strong>.<\/p>\n<p>L\u2019ambiance sera plus temp\u00e9r\u00e9e le long du littoral m\u00e9diterran\u00e9en avec\u00a0<strong data-start=\"661\" data-end=\"680\">29\u00b0 \u00e0 Marseille<\/strong>,\u00a0<strong data-start=\"682\" data-end=\"695\">La Ciotat<\/strong>,\u00a0<strong data-start=\"697\" data-end=\"710\">Saint-Cyr<\/strong>,\u00a0<strong data-start=\"712\" data-end=\"722\">Bandol<\/strong>,\u00a0<strong data-start=\"724\" data-end=\"734\">Toulon<\/strong>,\u00a0<strong data-start=\"736\" data-end=\"746\">Hy\u00e8res<\/strong>,\u00a0<strong data-start=\"748\" data-end=\"760\">La Londe<\/strong>\u00a0et\u00a0<strong data-start=\"764\" data-end=\"779\">Le Lavandou<\/strong><strong>.<\/strong><\/p>\n<p>ComLaRadio<br \/>Thierry CARI<br \/>Voix Off<br \/>Animateur \/ pr\u00e9sentateur<br \/><a href=\"https:\/\/presseagence.fr\/toulon-meteo-le-soleil-continue-de-regner-sur-la-provence-alpes-cote-dazur\/mailto:Contact@thierrycari.com\" target=\"_blank\" rel=\"noopener\">Contact@thierrycari.com<\/a><br \/><a href=\"http:\/\/www.thierrycari.com\" target=\"_blank\" rel=\"noopener\">www.thierrycari.com<\/a><\/p>\n","protected":false},"excerpt":{"rendered":"Le soleil continue de r\u00e9gner sur la\u00a0Provence-Alpes-C\u00f4te d\u2019Azur\u00a0ce vendredi. Les temp\u00e9ratures matinales seront agr\u00e9ables, de\u00a015 \u00e0 21\u00b0. L\u2019apr\u00e8s-midi,&hellip;\n","protected":false},"author":2,"featured_media":281878,"comment_status":"","ping_status":"","sticky":false,"template":"","format":"standard","meta":{"footnotes":""},"categories":[9619],"tags":[1111,11,1777,674,1011,27,12,882,25,2310],"class_list":{"0":"post-306046","1":"post","2":"type-post","3":"status-publish","4":"format-standard","5":"has-post-thumbnail","7":"category-toulon","8":"tag-actu","9":"tag-actualites","10":"tag-eu","11":"tag-europe","12":"tag-fr","13":"tag-france","14":"tag-news","15":"tag-provence-alpes-cote-dazur","16":"tag-republique-francaise","17":"tag-toulon"},"share_on_mastodon":{"url":"https:\/\/pubeurope.com\/@fr\/114995476776916294","error":""},"_links":{"self":[{"href":"https:\/\/www.europesays.com\/fr\/wp-json\/wp\/v2\/posts\/306046","targetHints":{"allow":["GET"]}}],"collection":[{"href":"https:\/\/www.europesays.com\/fr\/wp-json\/wp\/v2\/posts"}],"about":[{"href":"https:\/\/www.europesays.com\/fr\/wp-json\/wp\/v2\/types\/post"}],"author":[{"embeddable":true,"href":"https:\/\/www.europesays.com\/fr\/wp-json\/wp\/v2\/users\/2"}],"replies":[{"embeddable":true,"href":"https:\/\/www.europesays.com\/fr\/wp-json\/wp\/v2\/comments?post=306046"}],"version-history":[{"count":0,"href":"https:\/\/www.europesays.com\/fr\/wp-json\/wp\/v2\/posts\/306046\/revisions"}],"wp:featuredmedia":[{"embeddable":true,"href":"https:\/\/www.europesays.com\/fr\/wp-json\/wp\/v2\/media\/281878"}],"wp:attachment":[{"href":"https:\/\/www.europesays.com\/fr\/wp-json\/wp\/v2\/media?parent=306046"}],"wp:term":[{"taxonomy":"category","embeddable":true,"href":"https:\/\/www.europesays.com\/fr\/wp-json\/wp\/v2\/categories?post=306046"},{"taxonomy":"post_tag","embeddable":true,"href":"https:\/\/www.europesays.com\/fr\/wp-json\/wp\/v2\/tags?post=306046"}],"curies":[{"name":"wp","href":"https:\/\/api.w.org\/{rel}","templated":true}]}}