{"id":306047,"date":"2025-08-08T22:21:09","date_gmt":"2025-08-08T22:21:09","guid":{"rendered":"https:\/\/www.europesays.com\/fr\/306047\/"},"modified":"2025-08-08T22:21:09","modified_gmt":"2025-08-08T22:21:09","slug":"pierre-mignoni-devoile-les-objectifs-du-rc-toulon-pour-la-saison-2025-2026-il-est-hors-de-question-de-ne-pas-jouer-cette-competition","status":"publish","type":"post","link":"https:\/\/www.europesays.com\/fr\/306047\/","title":{"rendered":"Pierre Mignoni d\u00e9voile les objectifs du RC Toulon pour la saison 2025 \/ 2026 : \u00ab\u00a0Il est hors de question de ne pas jouer cette comp\u00e9tition !\u00a0\u00bb"},"content":{"rendered":"<p>Le manager du Rugby Club Toulonnais, Pierre Mignoni s\u2019est confi\u00e9 dans les colonnes du Midi Olympique.<\/p>\n<p>Ce-dernier a \u00e9voqu\u00e9 les objectifs du RCT pour la saison \u00e0 venir.<\/p>\n<p>Il explique dans un premier temps vouloir de la stabilit\u00e9 au sein de son groupe.<\/p>\n<p><strong>C\u2019est pour cette raison que le staff technique n\u2019a pas \u00e9t\u00e9 modifi\u00e9 cet \u00e9t\u00e9. Extrait:<\/strong><\/p>\n<p>\u00ab Pour le staff sportif, nous n\u2019avons rien chang\u00e9. Pour aller plus loin et vite, il faut stabiliser les choses. \u00bb<\/p>\n<p>Dans la foul\u00e9e, Pierre Mignoni explique que le RCT doit viser le top 4 cette saison.<\/p>\n<p><strong>Il affirme que son groupe va tout donner pour se qualifier dans ce fameux top 4. Extrait:<\/strong><\/p>\n<p>\u00ab Quand nous sommes \u00e0 Toulon, il faut viser le top 4 en championnat. Il faut \u00eatre ambitieux, et vouloir chercher les choses comme l\u2019an dernier. Je peux juste vous garantir que l\u2019on va tout faire pour revenir. On doit avoir beaucoup d\u2019humilit\u00e9 par rapport \u00e0 ce que l\u2019on a fait. On repart \u00e0 z\u00e9ro. <\/p>\n<p>Pour faire mieux, il faut faire plus un peu tous les jours. On doit faire plus au sein du club, au niveau des joueurs, du staff, de l\u2019administratif. On doit avoir, ensemble, une m\u00eame vision pour gagner de l\u2019exp\u00e9rience. Il faut s\u2019am\u00e9liorer. \u00bb<\/p>\n<p><strong>La Coupe d\u2019Europe est \u00e9galement un objectif. Extrait:<\/strong><\/p>\n<p> \u00ab Pour la coupe d\u2019Europe, \u00e7a sera pareil. On prend du plaisir dans cette comp\u00e9tition. La poule sera difficile, mais excitante. Il est hors de question de ne pas jouer cette comp\u00e9tition, on jouera \u00e0 fond toutes les comp\u00e9titions. On jouera avec nos tripes. \u00bb<\/p>\n","protected":false},"excerpt":{"rendered":"Le manager du Rugby Club Toulonnais, Pierre Mignoni s\u2019est confi\u00e9 dans les colonnes du Midi Olympique. Ce-dernier a&hellip;\n","protected":false},"author":2,"featured_media":286085,"comment_status":"","ping_status":"","sticky":false,"template":"","format":"standard","meta":{"footnotes":""},"categories":[9619],"tags":[1111,11,1777,674,1011,27,12,882,25,2310],"class_list":{"0":"post-306047","1":"post","2":"type-post","3":"status-publish","4":"format-standard","5":"has-post-thumbnail","7":"category-toulon","8":"tag-actu","9":"tag-actualites","10":"tag-eu","11":"tag-europe","12":"tag-fr","13":"tag-france","14":"tag-news","15":"tag-provence-alpes-cote-dazur","16":"tag-republique-francaise","17":"tag-toulon"},"share_on_mastodon":{"url":"https:\/\/pubeurope.com\/@fr\/114995480706485764","error":""},"_links":{"self":[{"href":"https:\/\/www.europesays.com\/fr\/wp-json\/wp\/v2\/posts\/306047","targetHints":{"allow":["GET"]}}],"collection":[{"href":"https:\/\/www.europesays.com\/fr\/wp-json\/wp\/v2\/posts"}],"about":[{"href":"https:\/\/www.europesays.com\/fr\/wp-json\/wp\/v2\/types\/post"}],"author":[{"embeddable":true,"href":"https:\/\/www.europesays.com\/fr\/wp-json\/wp\/v2\/users\/2"}],"replies":[{"embeddable":true,"href":"https:\/\/www.europesays.com\/fr\/wp-json\/wp\/v2\/comments?post=306047"}],"version-history":[{"count":0,"href":"https:\/\/www.europesays.com\/fr\/wp-json\/wp\/v2\/posts\/306047\/revisions"}],"wp:featuredmedia":[{"embeddable":true,"href":"https:\/\/www.europesays.com\/fr\/wp-json\/wp\/v2\/media\/286085"}],"wp:attachment":[{"href":"https:\/\/www.europesays.com\/fr\/wp-json\/wp\/v2\/media?parent=306047"}],"wp:term":[{"taxonomy":"category","embeddable":true,"href":"https:\/\/www.europesays.com\/fr\/wp-json\/wp\/v2\/categories?post=306047"},{"taxonomy":"post_tag","embeddable":true,"href":"https:\/\/www.europesays.com\/fr\/wp-json\/wp\/v2\/tags?post=306047"}],"curies":[{"name":"wp","href":"https:\/\/api.w.org\/{rel}","templated":true}]}}