{"id":306052,"date":"2025-08-08T22:24:11","date_gmt":"2025-08-08T22:24:11","guid":{"rendered":"https:\/\/www.europesays.com\/fr\/306052\/"},"modified":"2025-08-08T22:24:11","modified_gmt":"2025-08-08T22:24:11","slug":"rouen-a-manque-defficacite-et-de-reussite-pour-venir-a-bout-de-fleury","status":"publish","type":"post","link":"https:\/\/www.europesays.com\/fr\/306052\/","title":{"rendered":"Rouen a manqu\u00e9 d&rsquo;efficacit\u00e9 et de r\u00e9ussite pour venir \u00e0 bout de Fleury"},"content":{"rendered":"<p>&#13;<br \/>\n    &#13;<br \/>\n        &#13;<\/p>\n<p>&#13;<br \/>\n                N1. J1 &#8211; FC Rouen \/ FC Fleury 0-0            <\/p>\n<p>&#13;<br \/>\n                        &#13;<br \/>\n    &#13;<br \/>\n&#13;<\/p>\n<p>Face au FC Fleury dont c\u2019\u00e9tait la premi\u00e8re apparition en National, le FC Rouen s\u2019est d\u00e9men\u00e9 pour repartir avec les trois points. Dans un stade Robert-Diochon qui a sonn\u00e9 creux en l\u2019absence des supporters rouennais, les joueurs de R\u00e9gis Brouard n\u2019ont finalement jamais trouv\u00e9 la faille et conc\u00e8dent un match nul frustrant sur leur terrain.<\/p>\n<p>        &#13;<br \/>\n    &#13;<\/p>\n<p>        <img fetchpriority=\"high\" width=\"1300\" height=\"915\" src=\"https:\/\/www.europesays.com\/fr\/wp-content\/uploads\/2025\/08\/2025-08-08-rouen-fleury-rocha-santos-avant-poteau.jpg\" class=\"attachment-post-thumbnail size-post-thumbnail wp-post-image\" alt=\"Rouen a manqu\u00e9 d\u2019efficacit\u00e9 mais aussi de r\u00e9ussite face \u00e0 Fleury, \u00e0 l\u2019image de Kenny Rocha Santos qui a observ\u00e9 Ga\u00ebl Alette s\u2019emm\u00ealer les gants avant de voir le ballon mourir sur le poteau (70\u2019). \u00a9 Bernard Morvan \/ FCR\" decoding=\"async\"  \/><\/p>\n<p>Rouen a manqu\u00e9 d\u2019efficacit\u00e9 mais aussi de r\u00e9ussite face \u00e0 Fleury, \u00e0 l\u2019image de Kenny Rocha Santos qui a observ\u00e9 Ga\u00ebl Alette s\u2019emm\u00ealer les gants avant de voir le ballon mourir sur le poteau (70\u2019). \u00a9 Bernard Morvan \/ FCR<\/p>\n<p>    &#13;<br \/>\n&#13;<\/p>\n<p>Priv\u00e9 de ses supporters pour deux matchs, le FC Rouen 1899 a attaqu\u00e9 sa saison 2025-2026 de National dans une ambiance tr\u00e8s \u00e9trange. D\u2019autant que le speaker, lui, avait d\u00e9cid\u00e9 de se chauffer et annon\u00e7ait les compositions et les changements comme si le public \u00e9tait pr\u00e9sent. Sur le terrain, les joueurs de R\u00e9gis Brouard ont d\u00e9but\u00e9 la partie en jouant haut et en pressant des Franciliens tr\u00e8s f\u00e9briles pour leur premi\u00e8re \u00e0 ce niveau. \u00c0 l\u2019image de l&rsquo;entame de leur rencontre : une m\u00e9sentente profitait \u00e0 Rapha\u00ebl Gerbeaud qui interceptait, partait seul au but, mais finissait par butter sur Ga\u00ebl Alette (6&prime;). Les Rouennais continuaient de pousser et se cr\u00e9aient des nouvelles occasions par Kenny Rocha Santos (16\u2019) puis Omar Bezzekhami (17\u2019). Les joueurs de David Vignes sortaient ensuite de leur coquille et Cl\u00e9ment Badin for\u00e7ait Axel Temperton \u00e0 s\u2019envoler pour pr\u00e9server sa cage inviol\u00e9e (23\u2019). Les \u00ab\u00a0rouge et blanc\u00a0\u00bb \u00e9taient \u00e0 leur tour en difficult\u00e9 et suite \u00e0 une mauvaise relance plein axe de Nassim Titebah, Cl\u00e9ment Badin, encore lui, tentait \u00e0 nouveau sa chance (33\u2019). Juste avant la pause, les Rouennais s\u2019offrait une nouvelle opportunit\u00e9, l\u00e0 aussi par une frappe lointaine de Nassim Titebah (45\u2019).<\/p>\n<p>D\u00e8s l\u2019entame de la seconde p\u00e9riode, Fleury s\u2019illustrait par Marvyn Belliard qui d\u00e9bordait c\u00f4t\u00e9 droit et frappait juste au-dessus (46\u2019). Le jeu perdait ensuite en fluidit\u00e9 au fur et \u00e0 mesure que les duels se faisaient plus dur. Clement Bassin tentait sa chance de loin (61\u2019), sans danger. Fleury r\u00e9agissait par Jonathan Rivas qui manquait lui aussi le cadre (62\u2019). Quelques instants plus tard, K\u00e9vin Farade profitait des largesses de placement des Rouennais au milieu pour percer et trouver le poteau d&rsquo;Axel Temperton qui ne bougeait pas d&rsquo;un centim\u00e8tre, les pieds plant\u00e9s dans le sol (65\u2019). En r\u00e9action, Jason Mbock, \u00e0 peine entr\u00e9, pla\u00e7ait une t\u00eate que le gardien francilien d\u00e9tournait d\u2019une claquette (68\u2019). Dans un cafouillage devant la ligne de Fleury, Kenny Rocha Santos voyait son ballon mal d\u00e9tourn\u00e9 par Ga\u00ebl Alette puis le poteau renvoyer le cuir dans les gants du portier (70\u2019). Le FCR poussait de plus en plus et A\u00eft Moujane for\u00e7ait une fois de plus le rempart floriacumois \u00e0 la parade (75\u2019). D\u00e9j\u00e0 averti en premi\u00e8re p\u00e9riode, le joueur rouennais \u00e9tait \u00e0 nouveau sanctionn\u00e9 et laissait ses partenaires \u00e0 dix dans les arr\u00eats de jeu. Le match aurait pu tourner des deux c\u00f4t\u00e9s et a laiss\u00e9 un sentiment de frustration aux deux entra\u00eeneurs \u00e0 l&rsquo;issue de cette premi\u00e8re sortie officielle de la saison.<\/p>\n<p>National 1. 1re journ\u00e9e (vendredi 8 ao\u00fbt)<\/p>\n<p>FC Rouen &#8211; FC Fleury 0-0<\/p>\n<p>Stade Robert-Diochon.<\/p>\n<p>Mi-temps : 0-0.<\/p>\n<p>Arbitrage de M. Pierre Retail.<\/p>\n<p>Avertissements : A\u00eft Moujane (41&prime; et 90&prime;), Titebah (51&prime;) \u00e0 Rouen ; Rivas (88&prime;) \u00e0 Fleury.<\/p>\n<p>Expulsion : A\u00eft Moujane (90&prime;) \u00e0 Rouen.<\/p>\n<ul class=\"wp-block-list\">\n<li><strong>FC Rouen 1899<\/strong> : Axel Temperton &#8211; Yazid A\u00eft Moujane, Dany Goprou, Formose Mendy, Cl\u00e9ment Bassin (cap) &#8211; Omar Bezzekhami (S\u00e9rign\u00e9 Faye 67&prime;), Enzo Genton (Guiry Egny 82&prime;) &#8211; Nassim Titebah, Kenny Rocha Santos, Antonin Cartillier (Valentin Fuss 67&prime;) &#8211; Rapha\u00ebl Gerbeaud (Jason Mbock 67&prime;). Rempla\u00e7ants : Sofyane Bouzamoucha. Entra\u00eeneur : R\u00e9gis Brouard<\/li>\n<li><strong>FC Fleury 91<\/strong> : Ga\u00ebl Alette &#8211; Enzo Bovis (cap) (Cl\u00e9ment Couturier 82&prime;), Quentin Vogt, Hamadou Karamoko, Thibaut Plisson &#8211; Romain Lelev\u00e9, Loup Hervieu (St\u00e9phane Lambese 89&prime;), Cl\u00e9ment Badin (Gr\u00e9goire Lefebvre 82&prime;), K\u00e9vin Farade (Sadibou Sylla, 67&prime;) &#8211; Jonathan Rivas, Marvyn Belliard (Valentin Lavigne 67&prime;). Entra\u00eeneur : David Vignes<\/li>\n<\/ul>\n<p>    &#13;<br \/>\n&#13;<br \/>\n    &#13;<br \/>\n        Cat\u00e9gories: <a href=\"https:\/\/www.footnormand.fr\/club\/fc-rouen\/\" rel=\"category tag nofollow noopener\" target=\"_blank\">FC Rouen<\/a>    &#13;<\/p>\n","protected":false},"excerpt":{"rendered":"&#13; &#13; &#13; &#13; N1. J1 &#8211; FC Rouen \/ FC Fleury 0-0 &#13; &#13; &#13; &#13; Face&hellip;\n","protected":false},"author":2,"featured_media":306053,"comment_status":"","ping_status":"","sticky":false,"template":"","format":"standard","meta":{"footnotes":""},"categories":[9587],"tags":[1111,11,1777,674,1011,27,12,5161,25,9590],"class_list":{"0":"post-306052","1":"post","2":"type-post","3":"status-publish","4":"format-standard","5":"has-post-thumbnail","7":"category-rouen","8":"tag-actu","9":"tag-actualites","10":"tag-eu","11":"tag-europe","12":"tag-fr","13":"tag-france","14":"tag-news","15":"tag-normandie","16":"tag-republique-francaise","17":"tag-rouen"},"share_on_mastodon":{"url":"https:\/\/pubeurope.com\/@fr\/114995492470725845","error":""},"_links":{"self":[{"href":"https:\/\/www.europesays.com\/fr\/wp-json\/wp\/v2\/posts\/306052","targetHints":{"allow":["GET"]}}],"collection":[{"href":"https:\/\/www.europesays.com\/fr\/wp-json\/wp\/v2\/posts"}],"about":[{"href":"https:\/\/www.europesays.com\/fr\/wp-json\/wp\/v2\/types\/post"}],"author":[{"embeddable":true,"href":"https:\/\/www.europesays.com\/fr\/wp-json\/wp\/v2\/users\/2"}],"replies":[{"embeddable":true,"href":"https:\/\/www.europesays.com\/fr\/wp-json\/wp\/v2\/comments?post=306052"}],"version-history":[{"count":0,"href":"https:\/\/www.europesays.com\/fr\/wp-json\/wp\/v2\/posts\/306052\/revisions"}],"wp:featuredmedia":[{"embeddable":true,"href":"https:\/\/www.europesays.com\/fr\/wp-json\/wp\/v2\/media\/306053"}],"wp:attachment":[{"href":"https:\/\/www.europesays.com\/fr\/wp-json\/wp\/v2\/media?parent=306052"}],"wp:term":[{"taxonomy":"category","embeddable":true,"href":"https:\/\/www.europesays.com\/fr\/wp-json\/wp\/v2\/categories?post=306052"},{"taxonomy":"post_tag","embeddable":true,"href":"https:\/\/www.europesays.com\/fr\/wp-json\/wp\/v2\/tags?post=306052"}],"curies":[{"name":"wp","href":"https:\/\/api.w.org\/{rel}","templated":true}]}}