{"id":306054,"date":"2025-08-08T22:28:12","date_gmt":"2025-08-08T22:28:12","guid":{"rendered":"https:\/\/www.europesays.com\/fr\/306054\/"},"modified":"2025-08-08T22:28:12","modified_gmt":"2025-08-08T22:28:12","slug":"avant-estac-gf38-yadaly-diaby-on-a-une-revanche-a-prendre","status":"publish","type":"post","link":"https:\/\/www.europesays.com\/fr\/306054\/","title":{"rendered":"Avant ESTAC \u2013 GF38. Yadaly Diaby\u00a0:\u00a0\u00ab\u00a0On a une revanche \u00e0 prendre\u00a0\u00bb"},"content":{"rendered":"<p style=\"font-size:20px\"><strong>L\u2019attaquant du GF38 Yadaly Diaby s\u2019est exprim\u00e9 avant le d\u00e9placement de son \u00e9quipe \u00e0 Troyes pour affronter l\u2019ESTAC ce samedi 9 ao\u00fbt dans le cadre de la 1\u00e8re journ\u00e9e de Ligue 2.<\/strong><\/p>\n<p>\u00ab\u00a0[c\u2019est son anniversaire ce samedi] Comme cadeau\u00a0? Avant tout la victoire\u00a0! C\u2019est plus important qu\u2019un but. Si je peux faire une passe d\u00e9cisive \u00e7a sera encore mieux et si on r\u00e9unit le tout plus un but je serai content (sourire).<\/p>\n<p>On est content d\u2019attaquer le championnat, surtout que la pr\u00e9paration a \u00e9t\u00e9 dure. Dans l\u2019ensemble on se sent pr\u00eat. Il y a eu des matchs plus compliqu\u00e9s que d\u2019autres mais on a bien travaill\u00e9, personne n\u2019a trich\u00e9 au sein d\u2019un groupe que je trouve tr\u00e8s collectif et avec qui on va pouvoir aller de l\u2019avant. Je pense qu\u2019on est apte \u00e0 attaquer ce match \u00e0 Troyes.<\/p>\n<p>Le match en pr\u00e9paration face \u00e0 Troyes est forc\u00e9ment un peu dans nos t\u00eates (perdu 5-0, ndlr). Ils ont \u00e9t\u00e9 tr\u00e8s bons ce jour l\u00e0 et pas nous. On a une revanche \u00e0 prendre, on a h\u00e2te. Elle est pass\u00e9 un peu de \u00ab\u00a0travers\u00a0\u00bb cette d\u00e9faite, on se devra d\u2019\u00eatre \u00e0 1000% contre eux ce samedi.<\/p>\n<p>Le premier match contre Le Puy, on est pass\u00e9 compl\u00e8tement \u00e0 c\u00f4t\u00e9. Physiquement, c\u2019\u00e9tait un peu compliqu\u00e9 mais ce n\u2019est pas une excuse. On n\u2019a pas mis tous les ingr\u00e9dients pour faire un bon match. Un mal pour un bien\u00a0? Je ne sais pas. Parfois c\u2019est vrai qu\u2019apr\u00e8s une victoire on peut \u00eatre un peu trop en exc\u00e8s de confiance l\u00e0 on sait qu\u2019on doit vite se relever.<\/p>\n<p>Avant c\u2019est le collectif qui nous permet de gagner des matchs. Les 11 sur le terrain et les rempla\u00e7ants. C\u2019est comme \u00e7a que je vois le football. Si tout le monde arrive avec la m\u00eame mentalit\u00e9 d\u2019aller de l\u2019avant, de jouer les uns pour les autres on peut faire de grande chose avec une \u00e9quipe comme \u00e7a.<\/p>\n<p>Est-ce que j\u2019ai plus de pression avec les d\u00e9parts et les blessures devant\u00a0? Pas sp\u00e9cialement, je dois juste redoubler d\u2019efforts, faire le taff.\u00a0 On a perdu des joueurs importants mais on doit montrer qu\u2019on est capable de faire aussi bien voir mieux que ceux qui ne sont pas l\u00e0.<\/p>\n<p>Ne pas avoir r\u00e9ussi encore \u00e0 marquer n\u2019est pas un poids que j\u2019ai dans la t\u00eate. Je pense que cela viendra au bon moment. En tout cas les matchs je ne triche pas, je fais tout pour marquer ou faire des passes d\u00e9cisives. Et je sais que \u00e7a va arriver. J\u2019ai confiance, j\u2019ai bien travaill\u00e9, je ne suis pas stress\u00e9 pour \u00e7a. Je demande des conseils, j\u2019\u00e9coute ce que l\u2019on me dit. On a la chance \u00e0 Grenoble d\u2019avoir dans le staff et autour des anciens attaquants ou joueurs offensifs (Olivier Monterrubio, Marama Vahirua et Franck Rizzetto, ndlr) qui ont fait d\u2019excellentes carri\u00e8res, qui ont connu le tr\u00e8s haut niveau. J\u2019ai beaucoup \u00e0 apprendre d\u2019eux et j\u2019essaie d\u2019en profiter en demandant notamment des conseils.<\/p>\n<p>Je suis quelqu\u2019un qui aime jouer sur les c\u00f4t\u00e9s m\u00eame si je peux jouer sur tous les postes offensifs. Aujourd\u2019hui on me repositionne plut\u00f4t dans l\u2019axe. Donc j\u2019apprends, j\u2019\u00e9coute ce qu\u2019on me dit et je fais en sorte de progresser dans ce r\u00f4le et de me battre pour l\u2019\u00e9quipe. De base je suis plus un joueur qui prend la profondeur, qui aime le dribble, la percussion. L\u00e0 je suis plus souvent dos au jeu, il faut que je sois intelligent dans les appels, malin au contact des d\u00e9fenseurs. C\u2019est \u00e0 moi d\u2019apprendre cette mentalit\u00e9 l\u00e0 qui est un peu diff\u00e9rente quand on joue dans l\u2019axe plut\u00f4t que sur un c\u00f4t\u00e9.<\/p>\n<p>A titre individuel j\u2019attends de faire ma saison r\u00e9f\u00e9rence\u00a0: marquer des buts, faire des passe et hisser l\u2019\u00e9quipe le plus haut possible avant tout.\u00a0\u00bb<\/p>\n","protected":false},"excerpt":{"rendered":"L\u2019attaquant du GF38 Yadaly Diaby s\u2019est exprim\u00e9 avant le d\u00e9placement de son \u00e9quipe \u00e0 Troyes pour affronter l\u2019ESTAC&hellip;\n","protected":false},"author":2,"featured_media":306055,"comment_status":"","ping_status":"","sticky":false,"template":"","format":"standard","meta":{"footnotes":""},"categories":[9566],"tags":[1111,11,2430,1777,674,1011,27,2731,12,25],"class_list":{"0":"post-306054","1":"post","2":"type-post","3":"status-publish","4":"format-standard","5":"has-post-thumbnail","7":"category-grenoble","8":"tag-actu","9":"tag-actualites","10":"tag-auvergne-rhone-alpes","11":"tag-eu","12":"tag-europe","13":"tag-fr","14":"tag-france","15":"tag-grenoble","16":"tag-news","17":"tag-republique-francaise"},"share_on_mastodon":{"url":"https:\/\/pubeurope.com\/@fr\/114995508173312772","error":""},"_links":{"self":[{"href":"https:\/\/www.europesays.com\/fr\/wp-json\/wp\/v2\/posts\/306054","targetHints":{"allow":["GET"]}}],"collection":[{"href":"https:\/\/www.europesays.com\/fr\/wp-json\/wp\/v2\/posts"}],"about":[{"href":"https:\/\/www.europesays.com\/fr\/wp-json\/wp\/v2\/types\/post"}],"author":[{"embeddable":true,"href":"https:\/\/www.europesays.com\/fr\/wp-json\/wp\/v2\/users\/2"}],"replies":[{"embeddable":true,"href":"https:\/\/www.europesays.com\/fr\/wp-json\/wp\/v2\/comments?post=306054"}],"version-history":[{"count":0,"href":"https:\/\/www.europesays.com\/fr\/wp-json\/wp\/v2\/posts\/306054\/revisions"}],"wp:featuredmedia":[{"embeddable":true,"href":"https:\/\/www.europesays.com\/fr\/wp-json\/wp\/v2\/media\/306055"}],"wp:attachment":[{"href":"https:\/\/www.europesays.com\/fr\/wp-json\/wp\/v2\/media?parent=306054"}],"wp:term":[{"taxonomy":"category","embeddable":true,"href":"https:\/\/www.europesays.com\/fr\/wp-json\/wp\/v2\/categories?post=306054"},{"taxonomy":"post_tag","embeddable":true,"href":"https:\/\/www.europesays.com\/fr\/wp-json\/wp\/v2\/tags?post=306054"}],"curies":[{"name":"wp","href":"https:\/\/api.w.org\/{rel}","templated":true}]}}