{"id":306062,"date":"2025-08-08T22:35:10","date_gmt":"2025-08-08T22:35:10","guid":{"rendered":"https:\/\/www.europesays.com\/fr\/306062\/"},"modified":"2025-08-08T22:35:10","modified_gmt":"2025-08-08T22:35:10","slug":"la-circulation-sera-tres-dense-ce-samedi-9-aout-en-loire-atlantique","status":"publish","type":"post","link":"https:\/\/www.europesays.com\/fr\/306062\/","title":{"rendered":"La circulation sera tr\u00e8s dense ce samedi 9\u00a0ao\u00fbt en Loire-Atlantique"},"content":{"rendered":"<p><a href=\"https:\/\/nantes.maville.com\/actu\/actudet_-le-pont-de-chevire-a-nantes-a-rouvert-ce-vendredi-apres-une-semaine-de-travaux-_8-6921613_actu.Htm\" target=\"_self\" rel=\"noopener\">Apr\u00e8s quelques jours de travaux<\/a>, le pont de Chevir\u00e9 va assister \u00e0 un nouveau week-end sous le signe des embouteillages. Sans surprise, Bison Fut\u00e9 annonce un samedi 9\u00a0ao\u00fbt class\u00e9 orange au niveau national dans les deux sens, et rouge en Loire-Atlantique dans le sens des d\u00e9parts.<\/p>\n<p>La situation est particuli\u00e8rement tendue dans le sens des d\u00e9parts, notamment dans le Grand Ouest. Le trafic sera satur\u00e9 entre Nantes et Quimper sur la RN165, entre 12\u00a0h et 19\u00a0h. Sur l\u2019A11, entre Nantes et Angers, la circulation s\u2019annonce \u00e9galement difficile dans les deux sens \u00e0 partir de 11\u00a0h.<\/p>\n<p>\u00a0<\/p>\n","protected":false},"excerpt":{"rendered":"Apr\u00e8s quelques jours de travaux, le pont de Chevir\u00e9 va assister \u00e0 un nouveau week-end sous le signe&hellip;\n","protected":false},"author":2,"featured_media":306063,"comment_status":"","ping_status":"","sticky":false,"template":"","format":"standard","meta":{"footnotes":""},"categories":[2818],"tags":[5658,1111,11,2863,3542,6766,1777,674,1011,27,3047,766,12,2636,25,3982,933],"class_list":{"0":"post-306062","1":"post","2":"type-post","3":"status-publish","4":"format-standard","5":"has-post-thumbnail","7":"category-nantes","8":"tag-5658","9":"tag-actu","10":"tag-actualites","11":"tag-aout","12":"tag-circulation","13":"tag-dense","14":"tag-eu","15":"tag-europe","16":"tag-fr","17":"tag-france","18":"tag-loire-atlantique","19":"tag-nantes","20":"tag-news","21":"tag-pays-de-la-loire","22":"tag-republique-francaise","23":"tag-samedi","24":"tag-tres"},"share_on_mastodon":{"url":"https:\/\/pubeurope.com\/@fr\/114995535771730625","error":""},"_links":{"self":[{"href":"https:\/\/www.europesays.com\/fr\/wp-json\/wp\/v2\/posts\/306062","targetHints":{"allow":["GET"]}}],"collection":[{"href":"https:\/\/www.europesays.com\/fr\/wp-json\/wp\/v2\/posts"}],"about":[{"href":"https:\/\/www.europesays.com\/fr\/wp-json\/wp\/v2\/types\/post"}],"author":[{"embeddable":true,"href":"https:\/\/www.europesays.com\/fr\/wp-json\/wp\/v2\/users\/2"}],"replies":[{"embeddable":true,"href":"https:\/\/www.europesays.com\/fr\/wp-json\/wp\/v2\/comments?post=306062"}],"version-history":[{"count":0,"href":"https:\/\/www.europesays.com\/fr\/wp-json\/wp\/v2\/posts\/306062\/revisions"}],"wp:featuredmedia":[{"embeddable":true,"href":"https:\/\/www.europesays.com\/fr\/wp-json\/wp\/v2\/media\/306063"}],"wp:attachment":[{"href":"https:\/\/www.europesays.com\/fr\/wp-json\/wp\/v2\/media?parent=306062"}],"wp:term":[{"taxonomy":"category","embeddable":true,"href":"https:\/\/www.europesays.com\/fr\/wp-json\/wp\/v2\/categories?post=306062"},{"taxonomy":"post_tag","embeddable":true,"href":"https:\/\/www.europesays.com\/fr\/wp-json\/wp\/v2\/tags?post=306062"}],"curies":[{"name":"wp","href":"https:\/\/api.w.org\/{rel}","templated":true}]}}