{"id":306068,"date":"2025-08-08T22:38:16","date_gmt":"2025-08-08T22:38:16","guid":{"rendered":"https:\/\/www.europesays.com\/fr\/306068\/"},"modified":"2025-08-08T22:38:16","modified_gmt":"2025-08-08T22:38:16","slug":"girondins-le-banc-bordelais-doit-se-renforcer","status":"publish","type":"post","link":"https:\/\/www.europesays.com\/fr\/306068\/","title":{"rendered":"Girondins : \u00ab\u00a0Le banc bordelais doit se renforcer\u00a0\u00bb"},"content":{"rendered":"<p><img decoding=\"async\" src=\"https:\/\/www.europesays.com\/fr\/wp-content\/uploads\/2025\/08\/671_19fe7a01ad28e17baa30c813f079d7bf.jpg\" alt=\"Girondins : &quot;Le banc bordelais doit se renforcer&quot;\" class=\"img-responsive mt-3\"\/><\/p>\n<p class=\"text-center mb-3\" style=\"font-size: 14px\">\u00a9 Iconsport<\/p>\n<p style=\"text-align: justify;\">\u00c9coutez les \u00e9changes ou lisez-les :<\/p>\n<p>\u00a0<\/p>\n<p style=\"text-align: justify;\">Face au FCBA samedi dernier, les rempla\u00e7ants bordelais \u00e9taient des joueurs destin\u00e9s \u00e0 la R1 et Vital Nsimba qui n&rsquo;est pas sous contrat avec Bordeaux: Lecroart, Ramon, Rizaldos, Sahhibedine, Nsimba.<\/p>\n<p style=\"text-align: justify;\">Nicolas Pietrelli dans le <a href=\"https:\/\/www.youtube.com\/watch?v=7pxfuJgVgrk&amp;t=313s\" target=\"_blank\" rel=\"noopener nofollow\">Talk sur WebGirondins<\/a> : \u00ab\u00a0Ce qui m&rsquo;inqui\u00e8te aujourd&rsquo;hui c&rsquo;est le manque de solution du banc face au FCBA. Aucun joueur ne peut te changer un match.\u00a0\u00bb<\/p>\n<p><strong>\u00ab\u00a0Si ces 5 joueurs-l\u00e0 sont sur le banc de touche, c&rsquo;est diff\u00e9rent\u00a0\u00bb<\/strong><\/p>\n<p style=\"text-align: justify;\">La r\u00e9ponse de Jonathan d&rsquo;Agostino : \u00ab\u00a0Ba, Ciss\u00e9 et Shamal \u00e9taient bless\u00e9s, Yamb\u00e9r\u00e9 et Medrdji sont en R1. Si ces 5 joueurs-l\u00e0 sont sur le banc de touche, c&rsquo;est diff\u00e9rent. On voit que Medji essaie de r\u00e9int\u00e9grer le groupe N2. Ce ne serait pas inint\u00e9ressant de l&rsquo;avoir et ce serait une solution. Je pense qu&rsquo;au milieu, il faut recruter un joueur suppl\u00e9mentaire, car je ne vois pas Ba faire plus de 10 matchs cette saison. Enfin, je pense qu&rsquo;il faut un autre piston. Dans ce r\u00f4le-l\u00e0, Trichard et Jousselin ont beaucoup de travail. C&rsquo;est normal, ils doivent se r\u00e9gler avec la d\u00e9fense dans un nouveau syst\u00e8me. Il y a encore beaucoup de travail. Peut-\u00eatre que \u00e7a va marcher, mais pour moi c&rsquo;est un gros point d&rsquo;interrogation sur cette rencontre.\u00a0\u00bb<br \/>\u00c0 lire aussi\u00a0&gt;&gt;<strong><a href=\"https:\/\/www.webgirondins.com\/actualite-girondins-girondins-j-ai-trouve-l-equipe-physiquement-deja-bien-au-point-129987\" target=\"_blank\" rel=\"noopener nofollow\">\u00ab\u00a0J&rsquo;ai trouv\u00e9 l&rsquo;\u00e9quipe physiquement d\u00e9j\u00e0 bien au point\u00a0\u00bb<\/a><br \/><\/strong><\/p>\n","protected":false},"excerpt":{"rendered":"\u00a9 Iconsport \u00c9coutez les \u00e9changes ou lisez-les : \u00a0 Face au FCBA samedi dernier, les rempla\u00e7ants bordelais \u00e9taient&hellip;\n","protected":false},"author":2,"featured_media":306069,"comment_status":"","ping_status":"","sticky":false,"template":"","format":"standard","meta":{"footnotes":""},"categories":[2817],"tags":[1111,11,14172,19352,22781,1997,6950,1446,4431,5404,1777,674,2823,37542,1011,27,1987,14171,3027,12,3957,2219,17676,17872,25,15097,9775,5234,19455,5238],"class_list":{"0":"post-306068","1":"post","2":"type-post","3":"status-publish","4":"format-standard","5":"has-post-thumbnail","7":"category-bordeaux","8":"tag-actu","9":"tag-actualites","10":"tag-agostino","11":"tag-alarme","12":"tag-banc","13":"tag-bordeaux","14":"tag-bordelais","15":"tag-dans","16":"tag-dernier","17":"tag-doit","18":"tag-eu","19":"tag-europe","20":"tag-face","21":"tag-fcba","22":"tag-fr","23":"tag-france","24":"tag-girondins","25":"tag-jonathan","26":"tag-manque","27":"tag-news","28":"tag-nicolas","29":"tag-nouvelle-aquitaine","30":"tag-pietrelli","31":"tag-renforcer","32":"tag-republique-francaise","33":"tag-solutions","34":"tag-sonnette","35":"tag-talk","36":"tag-tire","37":"tag-webgirondins"},"share_on_mastodon":{"url":"https:\/\/pubeurope.com\/@fr\/114995547635672133","error":""},"_links":{"self":[{"href":"https:\/\/www.europesays.com\/fr\/wp-json\/wp\/v2\/posts\/306068","targetHints":{"allow":["GET"]}}],"collection":[{"href":"https:\/\/www.europesays.com\/fr\/wp-json\/wp\/v2\/posts"}],"about":[{"href":"https:\/\/www.europesays.com\/fr\/wp-json\/wp\/v2\/types\/post"}],"author":[{"embeddable":true,"href":"https:\/\/www.europesays.com\/fr\/wp-json\/wp\/v2\/users\/2"}],"replies":[{"embeddable":true,"href":"https:\/\/www.europesays.com\/fr\/wp-json\/wp\/v2\/comments?post=306068"}],"version-history":[{"count":0,"href":"https:\/\/www.europesays.com\/fr\/wp-json\/wp\/v2\/posts\/306068\/revisions"}],"wp:featuredmedia":[{"embeddable":true,"href":"https:\/\/www.europesays.com\/fr\/wp-json\/wp\/v2\/media\/306069"}],"wp:attachment":[{"href":"https:\/\/www.europesays.com\/fr\/wp-json\/wp\/v2\/media?parent=306068"}],"wp:term":[{"taxonomy":"category","embeddable":true,"href":"https:\/\/www.europesays.com\/fr\/wp-json\/wp\/v2\/categories?post=306068"},{"taxonomy":"post_tag","embeddable":true,"href":"https:\/\/www.europesays.com\/fr\/wp-json\/wp\/v2\/tags?post=306068"}],"curies":[{"name":"wp","href":"https:\/\/api.w.org\/{rel}","templated":true}]}}