{"id":306081,"date":"2025-08-08T22:45:12","date_gmt":"2025-08-08T22:45:12","guid":{"rendered":"https:\/\/www.europesays.com\/fr\/306081\/"},"modified":"2025-08-08T22:45:12","modified_gmt":"2025-08-08T22:45:12","slug":"est-lyonnais-se-baigner-dans-le-rhone-complique-mais-pas-impossible","status":"publish","type":"post","link":"https:\/\/www.europesays.com\/fr\/306081\/","title":{"rendered":"Est lyonnais. Se baigner dans le Rh\u00f4ne ? \u00ab\u00a0Compliqu\u00e9 mais pas impossible \u00bb"},"content":{"rendered":"<blockquote class=\"question\"><p>Quelles sont les difficult\u00e9s pour am\u00e9nager les cinq zones de baignades \u00e9tudi\u00e9es\u00a0?<\/p><\/blockquote>\n<p>\u00ab\u00a0Selon les sites, certains n\u00e9cessitent tr\u00e8s peu d\u2019am\u00e9nagements, comme des bou\u00e9es pour d\u00e9limiter l\u2019aire surveill\u00e9e, tandis que d\u2019autres demandent d\u2019installer une structure en fonction de la profondeur. Au Grand Large de Meyzieu, il y a tr\u00e8s peu de courant, c\u2019est relativement facile techniquement. L\u2019obstacle, c\u2019est l\u2019hostilit\u00e9 de la mairie.\u00a0\u00bb<\/p>\n<blockquote class=\"question\"><p>Vaulx-en-Velin et Villeurbanne pr\u00e9sentent plus de contraintes techniques\u00a0?<\/p><\/blockquote>\n<p>\u00ab\u00a0\u00c0 Vaulx-en-Velin, au niveau de l\u2019\u00e9cluse, nous savons d\u00e9j\u00e0 que \u00e7a ne se fera pas. EDF nous a expliqu\u00e9 que le lieu envisag\u00e9 se trouvait trop pr\u00e8s du barrage, ce qui entra\u00eene des probl\u00e8mes de s\u00e9curit\u00e9. \u00c0 Villeurbanne, il y a aussi des difficult\u00e9s en termes de s\u00e9curit\u00e9 et de courant, mais la mairie a une vraie volont\u00e9 d\u2019aller plus loin\u00a0:&#8230;<\/p>\n","protected":false},"excerpt":{"rendered":"Quelles sont les difficult\u00e9s pour am\u00e9nager les cinq zones de baignades \u00e9tudi\u00e9es\u00a0? \u00ab\u00a0Selon les sites, certains n\u00e9cessitent tr\u00e8s&hellip;\n","protected":false},"author":2,"featured_media":306082,"comment_status":"","ping_status":"","sticky":false,"template":"","format":"standard","meta":{"footnotes":""},"categories":[1889],"tags":[1111,11,2430,3152,436,1777,674,1011,27,2428,12497,12,18283,1800,25,2429,12817,104],"class_list":{"0":"post-306081","1":"post","2":"type-post","3":"status-publish","4":"format-standard","5":"has-post-thumbnail","7":"category-lyon","8":"tag-actu","9":"tag-actualites","10":"tag-auvergne-rhone-alpes","11":"tag-edition-est-lyonnais","12":"tag-environnement","13":"tag-eu","14":"tag-europe","15":"tag-fr","16":"tag-france","17":"tag-lyon","18":"tag-meyzieu","19":"tag-news","20":"tag-plaine-de-lest","21":"tag-pollution","22":"tag-republique-francaise","23":"tag-rhone","24":"tag-secheresse","25":"tag-societe"},"share_on_mastodon":{"url":"https:\/\/pubeurope.com\/@fr\/114995575066791196","error":""},"_links":{"self":[{"href":"https:\/\/www.europesays.com\/fr\/wp-json\/wp\/v2\/posts\/306081","targetHints":{"allow":["GET"]}}],"collection":[{"href":"https:\/\/www.europesays.com\/fr\/wp-json\/wp\/v2\/posts"}],"about":[{"href":"https:\/\/www.europesays.com\/fr\/wp-json\/wp\/v2\/types\/post"}],"author":[{"embeddable":true,"href":"https:\/\/www.europesays.com\/fr\/wp-json\/wp\/v2\/users\/2"}],"replies":[{"embeddable":true,"href":"https:\/\/www.europesays.com\/fr\/wp-json\/wp\/v2\/comments?post=306081"}],"version-history":[{"count":0,"href":"https:\/\/www.europesays.com\/fr\/wp-json\/wp\/v2\/posts\/306081\/revisions"}],"wp:featuredmedia":[{"embeddable":true,"href":"https:\/\/www.europesays.com\/fr\/wp-json\/wp\/v2\/media\/306082"}],"wp:attachment":[{"href":"https:\/\/www.europesays.com\/fr\/wp-json\/wp\/v2\/media?parent=306081"}],"wp:term":[{"taxonomy":"category","embeddable":true,"href":"https:\/\/www.europesays.com\/fr\/wp-json\/wp\/v2\/categories?post=306081"},{"taxonomy":"post_tag","embeddable":true,"href":"https:\/\/www.europesays.com\/fr\/wp-json\/wp\/v2\/tags?post=306081"}],"curies":[{"name":"wp","href":"https:\/\/api.w.org\/{rel}","templated":true}]}}