{"id":306085,"date":"2025-08-08T22:49:12","date_gmt":"2025-08-08T22:49:12","guid":{"rendered":"https:\/\/www.europesays.com\/fr\/306085\/"},"modified":"2025-08-08T22:49:12","modified_gmt":"2025-08-08T22:49:12","slug":"en-a-t-elle-le-droit","status":"publish","type":"post","link":"https:\/\/www.europesays.com\/fr\/306085\/","title":{"rendered":"en a-t-elle le droit ?"},"content":{"rendered":"<p class=\"article__intro\">Une auto-\u00e9cole de Dreux, en Eure-et-Loir, interdit les signes religieux ostentatoires \u00e0 ses stagiaires. Et donc aux femmes musulmanes de porter le foulard. Une \u00e9tudiante a port\u00e9 l&rsquo;affaire devant la D\u00e9fenseure des Droits, rapporte une enqu\u00eate de M\u00e9diapart. Mais que dit la loi ?<\/p>\n<p>\n      La Quotidienne Soci\u00e9t\u00e9\n    <\/p>\n<p>\n      De la vie quotidienne aux grands enjeux, recevez tous les jours les sujets qui font la soci\u00e9t\u00e9 locale, comme la justice, l\u2019\u00e9ducation, la sant\u00e9 et la famille.\n    <\/p>\n<p>    France T\u00e9l\u00e9visions utilise votre adresse e-mail afin de vous envoyer la newsletter \u00ab\u00a0La Quotidienne Soci\u00e9t\u00e9\u00a0\u00bb. Vous pouvez vous d\u00e9sinscrire \u00e0 tout moment via le lien en bas de cette newsletter. <a target=\"_blank\" href=\"https:\/\/www.francetelevisions.fr\/groupe\/confidentialite\/politique-de-confidentialite\/politique-de-confidentialite-de-france-televisions-6503\" rel=\"nofollow noopener\">Notre politique de confidentialit\u00e9<\/a><\/p>\n<p>L&rsquo;enseigne pr\u00e9sente, en ligne, son meilleur profil. Avec 88% d&rsquo;avis favorables sur Facebook, et une note de 4,5\/5 sur Google, le Centre de formation Blanchard semble bien sous tous rapports. Tout juste l&rsquo;auto-\u00e9cole situ\u00e9e \u00e0 Dreux, en Eure-et-Loir, se fait-elle occasionnellement qualifier de \u00ab\u00a0pompe \u00e0 fric\u00a0\u00bb. La routine pour une enseigne sur les r\u00e9seaux sociaux.<\/p>\n<p>Mais quelques t\u00e9moignages se d\u00e9gagent. Comme cette tr\u00e8s br\u00e8ve \u00e9l\u00e8ve qui partage, sur Facebook en 2020, son \u00ab\u00a0exp\u00e9rience avec ce centre, qui est vraiment triste\u00a0\u00bb. Apr\u00e8s avoir pris rendez-vous pour une heure d&rsquo;\u00e9valuation avec un moniteur, \u00ab\u00a0ils ne m&rsquo;ont pas accept\u00e9 \u00e0 cause d&rsquo;un signe religieux ext\u00e9rieur sur la t\u00eate\u00a0\u00bb, \u00e9crit-elle.<\/p>\n<p>Sur Google, un internaute rapporte que le centre \u00ab\u00a0demande aux femmes qui portent le voile de l&rsquo;enlever, selon le r\u00e8glement impos\u00e9 par la direction\u00a0\u00bb. \u00ab\u00a0L&rsquo;\u00eatre humain a le sang rouge peu importe ses convictions&#8230; nous esp\u00e9rons que la direction rencontrera des gens qui lui feront changer d&rsquo;avis\u00a0\u00bb, conclut-il.<\/p>\n<p>Le cas de cette auto-\u00e9cole est le sujet d&rsquo;une vid\u00e9o-enqu\u00eate publi\u00e9e par <a href=\"https:\/\/www.mediapart.fr\/journal\/france\/010825\/en-eure-et-loir-une-auto-ecole-interdite-aux-femmes-voilees?utm_source=article_offert_J3&amp;utm_medium=email&amp;utm_campaign=relance_article_offert&amp;utm_content=&amp;utm_term=&amp;xtor=EPR-1013-%5Barticle_offert_J3%5D&amp;M_BT=17449942725366\" target=\"_blank\" rel=\"noopener nofollow\">M\u00e9diapart<\/a> (r\u00e9serv\u00e9 aux abonn\u00e9s) le 1er ao\u00fbt. Le m\u00e9dia en ligne y rapporte le t\u00e9moignage d&rsquo;A\u00efssata, \u00e9tudiante en communication, interdite de cours au sein du Centre de formation Blanchard car n&rsquo;ayant pas voulu retirer son foulard. Un cas que la jeune femme a d\u00e9cid\u00e9 de porter devant la D\u00e9fenseure des Droits.<\/p>\n<p>\u00c0 en croire le r\u00e8glement int\u00e9rieur, disponible sur internet, les stagiaires \u00ab\u00a0de toutes nationalit\u00e9s, religions et id\u00e9es\u00a0\u00bb sont accept\u00e9s au centre de formation drouais. En revanche, \u00ab\u00a0le port de tout signe distinctif ou v\u00eatement d&rsquo;ordre religieux ou politique est proscrit \u00e0 l&rsquo;int\u00e9rieur du Centre\u00a0\u00bb. Une mesure justifi\u00e9e, dans le texte, par un besoin de \u00ab\u00a0conserver une neutralit\u00e9 n\u00e9cessaire au bon fonctionnement\u00a0\u00bb de l&rsquo;auto-\u00e9cole.<\/p>\n<p>En r\u00e9ponse \u00e0 plusieurs commentaires en ligne, le Centre de formation Blanchard a donn\u00e9 d&rsquo;\u00e9vasifs \u00e9l\u00e9ments de contexte, tentant de motiver l&rsquo;existence de cette clause dans son r\u00e8glement. \u00ab\u00a0Cet article [&#8230;] a \u00e9t\u00e9 d\u00e9cid\u00e9 suite \u00e0 des incidents et des tensions\u00a0\u00bb, \u00e9crit le compte du centre, sans plus de d\u00e9tails. \u00ab\u00a0Nous appliquons le principe de neutralit\u00e9 religion et politique au m\u00eame titre que l&rsquo;\u00c9tat pour ses \u00e9coles, poursuit-il.\u00a0En aucun cas il n&rsquo;est discriminatoire car nous ne ciblons aucune religion ni parti politique en particulier.\u00a0\u00bb<\/p>\n<p>Alors cette interdiction constitue-t-elle une discrimination ? Pour Lauren Bakir, docteure en droit public, chercheuse au CNRS et sp\u00e9cialiste des droits des libert\u00e9s et de la la\u00efcit\u00e9, un commerce \u00ab\u00a0n&rsquo;a pas le droit d&rsquo;interdire \u00e0 ses clients de porter des signes religieux : le principe de la la\u00efcit\u00e9, c&rsquo;est la libert\u00e9\u00a0\u00bb. Si bien que, selon elle, \u00ab\u00a0l&rsquo;auto-\u00e9cole doit pr\u00e9ciser la justification d&rsquo;une telle restriction de libert\u00e9, ce qui semblerait assez fragile juridiquement\u00a0\u00bb.<\/p>\n<p>Quant au principe de neutralit\u00e9 religieuse, il \u00ab\u00a0ne s&rsquo;applique qu&rsquo;\u00e0 l&rsquo;\u00c9tat, pas aux personnes priv\u00e9es\u00a0\u00bb, explique-t-elle. Ainsi, \u00ab\u00a0les agents du service public ne peuvent pas exprimer leurs convictions religieuses, mais \u00e7a n&rsquo;est pas expansif au-del\u00e0 de \u00e7a, \u00e0 l&rsquo;exception des \u00e9coles\u00a0\u00bb, o\u00f9 les signes religieux sont interdits pour les \u00e9l\u00e8ves.<\/p>\n<p>En novembre 2019, la g\u00e9rante d&rsquo;une auto-\u00e9cole du Loiret avait \u00e9t\u00e9 condamn\u00e9e pour avoir interdit le port de tout \u00ab\u00a0couvre-chef\u00a0\u00bb durant les le\u00e7ons. Ce que le tribunal avait interpr\u00e9t\u00e9 comme une discrimination visant en particulier les femmes voil\u00e9es. \u00ab\u00a0Dans ce r\u00e8glement int\u00e9rieur, ce n\u2019est pas la nonne en cornette que l\u2019on cible, mais les femmes qui portent le foulard islamique.\u00a0C\u2019est le signe d\u2019une pratique religieuse et c\u2019est autoris\u00e9, point\u00a0\u00bb, avait alors insist\u00e9 le procureur d&rsquo;Orl\u00e9ans, Nicolas Bessone, cit\u00e9 par\u00a0<a href=\"https:\/\/www.larep.fr\/orleans-45100\/actualites\/la-gerante-d-une-auto-ecole-du-loiret-condamnee-pour-avoir-interdit-le-port-du-voile-et-de-tout-couvre-chef_13694974\/\" target=\"_blank\" rel=\"noopener nofollow\">La R\u00e9publique du Centre<\/a>.<\/p>\n<p>Le procureur discernait l\u00e0 une discrimination contre les femmes musulmanes en particulier. Au Centre de formation Blanchard, l&rsquo;injonction concerne toutes les religions. Dans ce cas, l&rsquo;interdiction du port du voile qui en d\u00e9coule \u00ab\u00a0peut \u00eatre une discrimination indirecte, mais c&rsquo;est une notion assez technique\u00a0\u00bb, selon Lauren Bakir. Et donc difficilement d\u00e9montrable.<\/p>\n<p>Contact\u00e9, le Groupe Blanchard a adress\u00e9 un bref mail \u00e0 France 3, sign\u00e9 de son pr\u00e9sident, Romain Blanchard. Il assure ne pratiquer \u00ab\u00a0aucune discrimination de quelque sorte que ce soit\u00a0\u00bb et qualifie de\u00a0\u00ab\u00a0fallacieuse, voire diffamatoire\u00a0\u00bb la pr\u00e9sentation \u00ab\u00a0des faits telle que r\u00e9alis\u00e9e par M\u00e9diapart\u00a0\u00bb. Il explique ne vouloir, \u00ab\u00a0\u00e0 ce stade, accorder d&rsquo;entretien \u00e0 un quelconque autre m\u00e9dia\u00a0\u00bb, et se r\u00e9serve le droit d&rsquo;exercer son droit de r\u00e9ponse dans le futur.<\/p>\n","protected":false},"excerpt":{"rendered":"Une auto-\u00e9cole de Dreux, en Eure-et-Loir, interdit les signes religieux ostentatoires \u00e0 ses stagiaires. Et donc aux femmes&hellip;\n","protected":false},"author":2,"featured_media":306086,"comment_status":"","ping_status":"","sticky":false,"template":"","format":"standard","meta":{"footnotes":""},"categories":[1888],"tags":[1111,1928,11,1927,1777,674,1011,27,12,1926,626,1925,25],"class_list":{"0":"post-306085","1":"post","2":"type-post","3":"status-publish","4":"format-standard","5":"has-post-thumbnail","7":"category-paris","8":"tag-actu","9":"tag-actu-paris","10":"tag-actualites","11":"tag-actualites-paris","12":"tag-eu","13":"tag-europe","14":"tag-fr","15":"tag-france","16":"tag-news","17":"tag-news-paris","18":"tag-paris","19":"tag-paris-news","20":"tag-republique-francaise"},"share_on_mastodon":{"url":"https:\/\/pubeurope.com\/@fr\/114995590982682662","error":""},"_links":{"self":[{"href":"https:\/\/www.europesays.com\/fr\/wp-json\/wp\/v2\/posts\/306085","targetHints":{"allow":["GET"]}}],"collection":[{"href":"https:\/\/www.europesays.com\/fr\/wp-json\/wp\/v2\/posts"}],"about":[{"href":"https:\/\/www.europesays.com\/fr\/wp-json\/wp\/v2\/types\/post"}],"author":[{"embeddable":true,"href":"https:\/\/www.europesays.com\/fr\/wp-json\/wp\/v2\/users\/2"}],"replies":[{"embeddable":true,"href":"https:\/\/www.europesays.com\/fr\/wp-json\/wp\/v2\/comments?post=306085"}],"version-history":[{"count":0,"href":"https:\/\/www.europesays.com\/fr\/wp-json\/wp\/v2\/posts\/306085\/revisions"}],"wp:featuredmedia":[{"embeddable":true,"href":"https:\/\/www.europesays.com\/fr\/wp-json\/wp\/v2\/media\/306086"}],"wp:attachment":[{"href":"https:\/\/www.europesays.com\/fr\/wp-json\/wp\/v2\/media?parent=306085"}],"wp:term":[{"taxonomy":"category","embeddable":true,"href":"https:\/\/www.europesays.com\/fr\/wp-json\/wp\/v2\/categories?post=306085"},{"taxonomy":"post_tag","embeddable":true,"href":"https:\/\/www.europesays.com\/fr\/wp-json\/wp\/v2\/tags?post=306085"}],"curies":[{"name":"wp","href":"https:\/\/api.w.org\/{rel}","templated":true}]}}