{"id":306087,"date":"2025-08-08T22:50:13","date_gmt":"2025-08-08T22:50:13","guid":{"rendered":"https:\/\/www.europesays.com\/fr\/306087\/"},"modified":"2025-08-08T22:50:13","modified_gmt":"2025-08-08T22:50:13","slug":"jaimais-bien-le-psg-eden-hazard-avoue-avoir-ete-proche-de-sengager-a-paris","status":"publish","type":"post","link":"https:\/\/www.europesays.com\/fr\/306087\/","title":{"rendered":"\u00ab\u00a0J&rsquo;aimais bien le PSG\u00a0\u00bb, Eden Hazard avoue avoir \u00e9t\u00e9 proche de s&rsquo;engager \u00e0 Paris"},"content":{"rendered":"<p class=\"mb-4 text-lg md:leading-8 break-words\">Retir\u00e9 des terrains depuis pr\u00e8s de deux ans d\u00e9j\u00e0, <a href=\"https:\/\/fr.news.yahoo.com\/sport\/fr%C3%A8re-d-eden-hazard-secret-062634897.html\" data-ylk=\"slk:Eden Hazard;elm:context_link;itc:0;sec:content-canvas;outcm:mb_qualified_link;_E:mb_qualified_link;ct:story;\" class=\"link  yahoo-link\" target=\"_blank\" rel=\"noopener\">Eden Hazard<\/a> profite de son temps libre. Le Belge de 34 ans, qui <a href=\"https:\/\/rmcsport.bfmtv.com\/cyclisme\/biere-a-la-main-a-l-arrivee-eden-hazard-termine-une-course-cycliste-de-225-kilometres-en-espagne_AV-202504260322.html\" rel=\"nofollow noopener\" target=\"_blank\" data-ylk=\"slk:n&#039;a pas loup\u00e9 une miette du Tour de France;elm:context_link;itc:0;sec:content-canvas\" class=\"link \">n&rsquo;a pas loup\u00e9 une miette du Tour de France<\/a> cet \u00e9t\u00e9, s&rsquo;est confi\u00e9 dans un long entretien lors de l&rsquo;\u00e9mission \u00ab\u00a0Zack en roue libre\u00a0\u00bb sur Twitch. L&rsquo;occasion de revenir en d\u00e9tails sur sa carri\u00e8re prolifique (une Ligue des champions, deux Ligue Europa, deux Premier League, deux championnats d&rsquo;Espagne, un championnat de France&#8230;) et d&rsquo;\u00e9voquer, notamment, ses actes manqu\u00e9s avec d&rsquo;autres clubs.<\/p>\n<p>\u00ab\u00a0J&rsquo;aimais bien Paris mais j&rsquo;avais fait mon trou \u00e0 Lille\u00a0\u00bb<\/p>\n<p class=\"mb-4 text-lg md:leading-8 break-words\">Hazard explique notamment que lors de sa derni\u00e8re saison avec Lille (2011-2012), la porte du PSG a bien failli s&rsquo;ouvrir. Le club de la capitale venait d&rsquo;entrer dans sa phase QSI (mai 2011) et le Diable Rouge n&rsquo;y semblait pas insensible, comme il le confie : \u00ab\u00a0Le PSG (avait essay\u00e9), j&rsquo;\u00e9tais toujours rest\u00e9 en bons contacts avec Nasser. <a href=\"https:\/\/fr.news.yahoo.com\/sport\/losc-hazard-sest-senti-h%C3%A9ros-142617921.html\" data-ylk=\"slk:Lors de ma derni\u00e8re ann\u00e9e \u00e0 Lille;elm:context_link;itc:0;sec:content-canvas;outcm:mb_qualified_link;_E:mb_qualified_link;ct:story;\" class=\"link  yahoo-link\" target=\"_blank\" rel=\"noopener\">Lors de ma derni\u00e8re ann\u00e9e \u00e0 Lille<\/a>, j&rsquo;\u00e9tais aller voir un match du PSG, j&rsquo;aimais bien Paris&#8230; mais je n&rsquo;avais pas envie de repartir en Ligue 1 tout simplement. <a href=\"https:\/\/fr.news.yahoo.com\/sport\/mercato-eden-largent-na-jamais-175446482.html\" data-ylk=\"slk:J&#039;avais fait mon trou \u00e0 Lille;elm:context_link;itc:0;sec:content-canvas;outcm:mb_qualified_link;_E:mb_qualified_link;ct:story;\" class=\"link  yahoo-link\" target=\"_blank\" rel=\"noopener\">J&rsquo;avais fait mon trou \u00e0 Lille<\/a>, et m\u00eame pour les Lillois je ne me voyais pas jouer contre Lille, marquer des buts contre eux&#8230; \u00e7a ne le faisait pas.\u00a0\u00bb<\/p>\n<p class=\"mb-4 text-lg md:leading-8 break-words\">Tomb\u00e9 amoureux du domaine de Luchin, qui abrite le centre d&rsquo;entra\u00eenement mais aussi le si\u00e8ge du LOSC, le Belge reconna\u00eet que <a href=\"https:\/\/fr.news.yahoo.com\/gym-course-blague-deden-hazard-154434871.html\" data-ylk=\"slk:les Dogues cochaient beaucoup de cases;elm:context_link;itc:0;sec:content-canvas;outcm:mb_qualified_link;_E:mb_qualified_link;ct:story;\" class=\"link  yahoo-link\" target=\"_blank\" rel=\"noopener\">les Dogues cochaient beaucoup de cases<\/a> au moment de les rejoindre pour continuer sa formation, alors qu&rsquo;il avait 14 ans. \u00ab\u00a0Pour nous Luchin c&rsquo;\u00e9tait le nouveau centre \u00e0 la mode, les terrains (il a d\u00e9sormais un terrain \u00e0 son nom, NDLR), c&rsquo;\u00e9tait flambant neuf&#8230; J&rsquo;ai dit: \u00ab\u00a0whoa!\u00a0\u00bb. Et m\u00eame le club, c&rsquo;\u00e9tait un bon club de Ligue 1, avec aussi la proximit\u00e9 avec la Belgique, c&rsquo;\u00e9tait un atout.\u00a0\u00bb<\/p>\n<p class=\"mb-4 text-lg md:leading-8 break-words\"><a href=\"https:\/\/rmcsport.bfmtv.com\/football\/transferts\/j-aimais-bien-le-psg-eden-hazard-avoue-avoir-ete-proche-de-s-engager-a-paris_AV-202508080493.html#xtor=AL-68\" rel=\"nofollow noopener\" target=\"_blank\" data-ylk=\"slk:Article original publi\u00e9 sur RMC Sport;elm:context_link;itc:0;sec:content-canvas\" class=\"link \">Article original publi\u00e9 sur RMC Sport<\/a><\/p>\n","protected":false},"excerpt":{"rendered":"Retir\u00e9 des terrains depuis pr\u00e8s de deux ans d\u00e9j\u00e0, Eden Hazard profite de son temps libre. Le Belge&hellip;\n","protected":false},"author":2,"featured_media":306088,"comment_status":"","ping_status":"","sticky":false,"template":"","format":"standard","meta":{"footnotes":""},"categories":[1888],"tags":[1111,1928,11,1927,44656,24462,1777,674,1011,27,6563,447,1307,2267,12,1926,626,1925,93,25,210],"class_list":{"0":"post-306087","1":"post","2":"type-post","3":"status-publish","4":"format-standard","5":"has-post-thumbnail","7":"category-paris","8":"tag-actu","9":"tag-actu-paris","10":"tag-actualites","11":"tag-actualites-paris","12":"tag-domaine-de-luchin","13":"tag-eden-hazard","14":"tag-eu","15":"tag-europe","16":"tag-fr","17":"tag-france","18":"tag-le-club","19":"tag-ligue-des-champions","20":"tag-lille","21":"tag-losc","22":"tag-news","23":"tag-news-paris","24":"tag-paris","25":"tag-paris-news","26":"tag-psg","27":"tag-republique-francaise","28":"tag-tour-de-france"},"share_on_mastodon":{"url":"https:\/\/pubeurope.com\/@fr\/114995594739750744","error":""},"_links":{"self":[{"href":"https:\/\/www.europesays.com\/fr\/wp-json\/wp\/v2\/posts\/306087","targetHints":{"allow":["GET"]}}],"collection":[{"href":"https:\/\/www.europesays.com\/fr\/wp-json\/wp\/v2\/posts"}],"about":[{"href":"https:\/\/www.europesays.com\/fr\/wp-json\/wp\/v2\/types\/post"}],"author":[{"embeddable":true,"href":"https:\/\/www.europesays.com\/fr\/wp-json\/wp\/v2\/users\/2"}],"replies":[{"embeddable":true,"href":"https:\/\/www.europesays.com\/fr\/wp-json\/wp\/v2\/comments?post=306087"}],"version-history":[{"count":0,"href":"https:\/\/www.europesays.com\/fr\/wp-json\/wp\/v2\/posts\/306087\/revisions"}],"wp:featuredmedia":[{"embeddable":true,"href":"https:\/\/www.europesays.com\/fr\/wp-json\/wp\/v2\/media\/306088"}],"wp:attachment":[{"href":"https:\/\/www.europesays.com\/fr\/wp-json\/wp\/v2\/media?parent=306087"}],"wp:term":[{"taxonomy":"category","embeddable":true,"href":"https:\/\/www.europesays.com\/fr\/wp-json\/wp\/v2\/categories?post=306087"},{"taxonomy":"post_tag","embeddable":true,"href":"https:\/\/www.europesays.com\/fr\/wp-json\/wp\/v2\/tags?post=306087"}],"curies":[{"name":"wp","href":"https:\/\/api.w.org\/{rel}","templated":true}]}}