{"id":306091,"date":"2025-08-08T22:52:15","date_gmt":"2025-08-08T22:52:15","guid":{"rendered":"https:\/\/www.europesays.com\/fr\/306091\/"},"modified":"2025-08-08T22:52:15","modified_gmt":"2025-08-08T22:52:15","slug":"paris-trois-mois-de-prison-avec-sursis-pour-celui-qui-a-allume-sa-cigarette-avec-la-flamme-du-soldat-inconnu","status":"publish","type":"post","link":"https:\/\/www.europesays.com\/fr\/306091\/","title":{"rendered":"Paris. Trois mois de prison avec sursis pour celui qui a allum\u00e9 sa cigarette avec la flamme du Soldat inconnu"},"content":{"rendered":"<p>L&rsquo;homme qui a allum\u00e9 sa cigarette avec la flamme du Soldat inconnu lundi sous l&rsquo;Arc de Triomphe \u00e0 Paris a \u00e9t\u00e9 condamn\u00e9 vendredi \u00e0 trois mois de prison assortis d&rsquo;un sursis probatoire de 18 mois.<\/p>\n<p>Hakim H. a \u00e9t\u00e9 jug\u00e9 en comparution imm\u00e9diate devant le tribunal correctionnel de Paris pour violation de s\u00e9pulture, tombeau, urne ou monument \u00e9difi\u00e9 \u00e0 la m\u00e9moire des morts, apr\u00e8s son geste de lundi soir qui avait suscit\u00e9 l&rsquo;indignation.<\/p>\n<p>\u00ab Je regrette am\u00e8rement\u00a0\u00bb<\/p>\n<p>\u00ab Je regrette am\u00e8rement, je m&rsquo;excuse aupr\u00e8s de tous les Fran\u00e7ais \u00bb, a d\u00e9clar\u00e9 le conducteur d&rsquo;engins de travaux de 47 ans avant d&rsquo;\u00e9clater en sanglots dans le box des accus\u00e9s. L&rsquo;homme, domicili\u00e9 en Normandie et dormant sur son lieu de travail \u00e0 Paris la semaine, a reconnu les faits qui lui \u00e9taient reproch\u00e9s, qualifiant son acte de \u00ab b\u00eatise du si\u00e8cle \u00bb.<\/p>\n<p>\u00ab C&rsquo;est une victoire \u00bb, a r\u00e9agi son avocat, Me Jos\u00e9 Lebughe Mangai, qui esp\u00e9rait \u00ab une peine proportionn\u00e9e aux faits \u00bb, et ce \u00ab compte tenu de son pass\u00e9 p\u00e9nal \u00bb, a-t-il soulign\u00e9 \u00e0 propos des 28 mentions au casier judiciaire de son client. Hakim H., de nationalit\u00e9 marocaine et en situation r\u00e9guli\u00e8re sur le territoire fran\u00e7ais, a d\u00e9clar\u00e9 lors de l&rsquo;audience avoir \u00ab agi m\u00e9caniquement \u00bb, sous l&rsquo;influence de m\u00e9dicaments et d&rsquo;alcool au moment des faits.<\/p>\n<p>Une expertise psychiatrique dans le cadre de l&rsquo;enqu\u00eate a r\u00e9v\u00e9l\u00e9 \u00ab une polytoxicomanie, une addiction \u00e0 l&rsquo;alcool, et un TDAH (trouble d\u00e9ficit de l&rsquo;attention avec ou sans hyperactivit\u00e9) \u00bb. Un trouble de l&rsquo;humeur bipolaire lui a \u00e9galement \u00e9t\u00e9 diagnostiqu\u00e9 en 2019, a pr\u00e9cis\u00e9 la pr\u00e9sidente de l&rsquo;audience. Le tribunal a assorti sa peine d&#8217;emprisonnement avec sursis d&rsquo;une obligation de soins et du paiement d&rsquo;un euro symbolique au centre des monuments nationaux, qui s&rsquo;\u00e9tait port\u00e9 partie civile.<\/p>\n<p>  \u00ab Indigne et mis\u00e9rable \u00bb<\/p>\n<p>Un signalement \u00e0 la justice avait \u00e9t\u00e9 fait par le pr\u00e9fet de police ainsi que par <a href=\"https:\/\/www.ledauphine.com\/p\/patricia-miralles\" target=\"_blank\" rel=\"noopener\">Patricia Mirall\u00e8s<\/a>, ministre d\u00e9l\u00e9gu\u00e9e charg\u00e9e de la M\u00e9moire et des Anciens Combattants, apr\u00e8s qu&rsquo;une vid\u00e9o de la sc\u00e8ne avait circul\u00e9 mardi sur les r\u00e9seaux sociaux. Les images montraient Hakim H. s&rsquo;accroupissant pr\u00e8s de la flamme du Soldat inconnu, sous l&rsquo;Arc de Triomphe \u00e0 Paris, pour y allumer une cigarette avant de repartir tranquillement, sous le regard de quelques touristes.<\/p>\n<p>Le ministre de l&rsquo;Int\u00e9rieur <a href=\"https:\/\/www.ledauphine.com\/p\/bruno-retailleau\" target=\"_blank\" rel=\"noopener\">Bruno Retailleau<\/a> avait d\u00e9nonc\u00e9 sur X un geste \u00ab indigne et mis\u00e9rable \u00bb, qui porte \u00ab atteinte \u00e0 la m\u00e9moire de ceux qui sont morts pour la France \u00bb. L&rsquo;entourage du ministre <a href=\"https:\/\/www.ledauphine.com\/faits-divers-justice\/2025\/08\/06\/retailleau-va-retirer-le-titre-de-sejour-du-marocain-qui-a-allume-sa-cigarette-avec-la-flamme-du-soldat-inconnu\" target=\"_blank\" rel=\"noopener\">avait indiqu\u00e9 son souhait de retirer \u00e0 Hakim H. son titre de s\u00e9jour.<\/a><\/p>\n<p>La s\u00e9pulture du Soldat inconnu est install\u00e9e sous l&rsquo;Arc de Triomphe depuis le 11 novembre 1920 \u00e0 la m\u00e9moire des soldats morts pour la France lors de la Premi\u00e8re Guerre mondiale.<\/p>\n","protected":false},"excerpt":{"rendered":"L&rsquo;homme qui a allum\u00e9 sa cigarette avec la flamme du Soldat inconnu lundi sous l&rsquo;Arc de Triomphe \u00e0&hellip;\n","protected":false},"author":2,"featured_media":306092,"comment_status":"","ping_status":"","sticky":false,"template":"","format":"standard","meta":{"footnotes":""},"categories":[1888],"tags":[11,271,272,1777,674,274,107,1011,27,329,937,12,626,25],"class_list":{"0":"post-306091","1":"post","2":"type-post","3":"status-publish","4":"format-standard","5":"has-post-thumbnail","7":"category-paris","8":"tag-actualites","9":"tag-crime","10":"tag-delit-et-contravention","11":"tag-eu","12":"tag-europe","13":"tag-faits-divers-justice","14":"tag-fil-info","15":"tag-fr","16":"tag-france","17":"tag-france-monde","18":"tag-histoire","19":"tag-news","20":"tag-paris","21":"tag-republique-francaise"},"share_on_mastodon":{"url":"https:\/\/pubeurope.com\/@fr\/114995602631917872","error":""},"_links":{"self":[{"href":"https:\/\/www.europesays.com\/fr\/wp-json\/wp\/v2\/posts\/306091","targetHints":{"allow":["GET"]}}],"collection":[{"href":"https:\/\/www.europesays.com\/fr\/wp-json\/wp\/v2\/posts"}],"about":[{"href":"https:\/\/www.europesays.com\/fr\/wp-json\/wp\/v2\/types\/post"}],"author":[{"embeddable":true,"href":"https:\/\/www.europesays.com\/fr\/wp-json\/wp\/v2\/users\/2"}],"replies":[{"embeddable":true,"href":"https:\/\/www.europesays.com\/fr\/wp-json\/wp\/v2\/comments?post=306091"}],"version-history":[{"count":0,"href":"https:\/\/www.europesays.com\/fr\/wp-json\/wp\/v2\/posts\/306091\/revisions"}],"wp:featuredmedia":[{"embeddable":true,"href":"https:\/\/www.europesays.com\/fr\/wp-json\/wp\/v2\/media\/306092"}],"wp:attachment":[{"href":"https:\/\/www.europesays.com\/fr\/wp-json\/wp\/v2\/media?parent=306091"}],"wp:term":[{"taxonomy":"category","embeddable":true,"href":"https:\/\/www.europesays.com\/fr\/wp-json\/wp\/v2\/categories?post=306091"},{"taxonomy":"post_tag","embeddable":true,"href":"https:\/\/www.europesays.com\/fr\/wp-json\/wp\/v2\/tags?post=306091"}],"curies":[{"name":"wp","href":"https:\/\/api.w.org\/{rel}","templated":true}]}}