{"id":306093,"date":"2025-08-08T22:53:16","date_gmt":"2025-08-08T22:53:16","guid":{"rendered":"https:\/\/www.europesays.com\/fr\/306093\/"},"modified":"2025-08-08T22:53:16","modified_gmt":"2025-08-08T22:53:16","slug":"kiev-ordonne-levacuation-de-civils-dans-lest-du-pays-ou-les-troupes-russes-progressent","status":"publish","type":"post","link":"https:\/\/www.europesays.com\/fr\/306093\/","title":{"rendered":"Kiev ordonne l&rsquo;\u00e9vacuation de civils dans l&rsquo;est du pays, o\u00f9 les troupes russes progressent"},"content":{"rendered":"<p class=\"c-chapo \">\n  \u00ab\u00a0Nous commen\u00e7ons l&rsquo;\u00e9vacuation obligatoire des familles avec enfants\u00a0\u00bb, a annonc\u00e9 sur Telegram Vadym Filachkine, le gouverneur de la r\u00e9gion de Donetsk.\n<\/p>\n<p>            lire plus tard<\/p>\n<p id=\"dialog__title\" class=\"dialog__title\">Pour sauvegarder cet article, connectez-vous ou cr\u00e9ez un compte franceinfo<\/p>\n<p class=\"dialog__description\">Sans paiement. Sans abonnement.<\/p>\n<p>        Fermer la fen\u00eatre d\u2019activation des notifications France Info<\/p>\n<p>            cr\u00e9er votre compte<\/p>\n<p>            se connecter<\/p>\n<p>        Fermer la fen\u00eatre de pr\u00e9sentation<\/p>\n<p>    <img loading=\"lazy\" decoding=\"async\" class=\"signature__image lazyload\" width=\"100\" height=\"100\" data- alt=\"\" src=\"https:\/\/www.europesays.com\/fr\/wp-content\/uploads\/2025\/05\/64a68815cd1a7_placeholder-36b69ec8.png\"\/><\/p>\n<p>    Publi\u00e9 le 08\/08\/2025 20:25<\/p>\n<p>      Mis \u00e0 jour le 08\/08\/2025 21:01<\/p>\n<p>        Temps de lecture : 1min<\/p>\n<p>    <img decoding=\"async\"  alt=\"Des civils sont \u00e9vacu\u00e9s de la ville de Pokrovsk, en Ukraine, par les autorit\u00e9s, le 28 d\u00e9cembre 2024. (WOLFGANG SCHWAN \/ ANADOLU \/ AFP)\" width=\"432\" height=\"243\" src=\"https:\/\/www.europesays.com\/fr\/wp-content\/uploads\/2025\/08\/068-aa-29122024-2007941-68963fbf0cdae213816169.jpg\" fetchpriority=\"high\"\/><\/p>\n<p>      Des civils sont \u00e9vacu\u00e9s de la ville de Pokrovsk, en Ukraine, par les autorit\u00e9s, le 28 d\u00e9cembre 2024. (WOLFGANG SCHWAN \/ ANADOLU \/ AFP)<\/p>\n<p>L&rsquo;Ukraine a annonc\u00e9, vendredi 8\u00a0ao\u00fbt, proc\u00e9der \u00e0 de nouvelles \u00e9vacuations forc\u00e9es de civils <a href=\"https:\/\/www.franceinfo.fr\/monde\/crash-en-ukraine\/guerre-en-ukraine-trois-morts-et-douze-blesses-dans-des-frappes-russes-dans-le-nord-est-du-pays_7419403.html\" rel=\"nofollow noopener\" target=\"_blank\">dans l&rsquo;est de son territoire<\/a>, o\u00f9 les troupes russes continuent de gagner du terrain depuis des mois, apr\u00e8s une mesure similaire fin juillet.<\/p>\n<p>\u00ab\u00a0Nous commen\u00e7ons l&rsquo;\u00e9vacuation obligatoire des familles avec enfants\u00a0\u00bb, a indiqu\u00e9 sur Telegram Vadym Filachkine, le gouverneur de la r\u00e9gion de Donetsk, o\u00f9 se d\u00e9roule l&rsquo;essentiel des combats. Il a dress\u00e9 la liste d&rsquo;une vingtaine de localit\u00e9s devant \u00eatre \u00e9vacu\u00e9es.<\/p>\n<p>Ces villages, qui abritent des centaines de personnes, sont tous situ\u00e9s \u00e0 environ 30\u00a0km de la ligne de front. \u00ab\u00a0Au total, environ 109 enfants se trouvent actuellement dans ces localit\u00e9s\u00a0\u00bb, a pr\u00e9cis\u00e9 Vadym Filachkine. \u00ab\u00a0Je le r\u00e9p\u00e8te une fois de plus\u00a0: rester dans la r\u00e9gion de Donetsk est extr\u00eamement dangereux. Evacuez tant que vous le pouvez encore\u00a0\u00bb, a-t-il ajout\u00e9.<\/p>\n<p>L&rsquo;arm\u00e9e russe gagne du terrain dans l&rsquo;est de l&rsquo;Ukraine depuis plus d&rsquo;un an et, en juillet, elle a acc\u00e9l\u00e9r\u00e9 ses avanc\u00e9es pour le quatri\u00e8me mois cons\u00e9cutif. Le pr\u00e9sident am\u00e9ricain Donald Trump, qui fait pression pour mettre fin \u00e0 cette guerre, <a href=\"https:\/\/www.franceinfo.fr\/monde\/europe\/manifestations-en-ukraine\/guerre-en-ukraine-une-rencontre-entre-donald-trump-et-vladimir-poutine-est-prevue-dans-les-prochains-jours-annonce-le-kremlin_7422772.html\" rel=\"nofollow noopener\" target=\"_blank\">devrait rencontrer le pr\u00e9sident russe Vladimir Poutine<\/a> lors d&rsquo;un sommet la semaine prochaine, selon le Kremlin.<\/p>\n<p class=\"related-tags__title\" role=\"heading\" aria-level=\"2\">les mots-cl\u00e9s associ\u00e9s \u00e0 cet article\n    <\/p>\n","protected":false},"excerpt":{"rendered":"\u00ab\u00a0Nous commen\u00e7ons l&rsquo;\u00e9vacuation obligatoire des familles avec enfants\u00a0\u00bb, a annonc\u00e9 sur Telegram Vadym Filachkine, le gouverneur de la&hellip;\n","protected":false},"author":2,"featured_media":306094,"comment_status":"","ping_status":"","sticky":false,"template":"","format":"standard","meta":{"footnotes":""},"categories":[1591],"tags":[11,1887,12,1885,1886,132],"class_list":{"0":"post-306093","1":"post","2":"type-post","3":"status-publish","4":"format-standard","5":"has-post-thumbnail","7":"category-russie","8":"tag-actualites","9":"tag-federation-de-russie","10":"tag-news","11":"tag-russia","12":"tag-russian-federation","13":"tag-russie"},"share_on_mastodon":{"url":"https:\/\/pubeurope.com\/@fr\/114995606673703194","error":""},"_links":{"self":[{"href":"https:\/\/www.europesays.com\/fr\/wp-json\/wp\/v2\/posts\/306093","targetHints":{"allow":["GET"]}}],"collection":[{"href":"https:\/\/www.europesays.com\/fr\/wp-json\/wp\/v2\/posts"}],"about":[{"href":"https:\/\/www.europesays.com\/fr\/wp-json\/wp\/v2\/types\/post"}],"author":[{"embeddable":true,"href":"https:\/\/www.europesays.com\/fr\/wp-json\/wp\/v2\/users\/2"}],"replies":[{"embeddable":true,"href":"https:\/\/www.europesays.com\/fr\/wp-json\/wp\/v2\/comments?post=306093"}],"version-history":[{"count":0,"href":"https:\/\/www.europesays.com\/fr\/wp-json\/wp\/v2\/posts\/306093\/revisions"}],"wp:featuredmedia":[{"embeddable":true,"href":"https:\/\/www.europesays.com\/fr\/wp-json\/wp\/v2\/media\/306094"}],"wp:attachment":[{"href":"https:\/\/www.europesays.com\/fr\/wp-json\/wp\/v2\/media?parent=306093"}],"wp:term":[{"taxonomy":"category","embeddable":true,"href":"https:\/\/www.europesays.com\/fr\/wp-json\/wp\/v2\/categories?post=306093"},{"taxonomy":"post_tag","embeddable":true,"href":"https:\/\/www.europesays.com\/fr\/wp-json\/wp\/v2\/tags?post=306093"}],"curies":[{"name":"wp","href":"https:\/\/api.w.org\/{rel}","templated":true}]}}