{"id":306095,"date":"2025-08-08T22:54:14","date_gmt":"2025-08-08T22:54:14","guid":{"rendered":"https:\/\/www.europesays.com\/fr\/306095\/"},"modified":"2025-08-08T22:54:14","modified_gmt":"2025-08-08T22:54:14","slug":"la-rencontre-entre-donald-trump-et-vladimir-poutine-se-fera-le-15-aout-en-alaska","status":"publish","type":"post","link":"https:\/\/www.europesays.com\/fr\/306095\/","title":{"rendered":"la rencontre entre Donald Trump et Vladimir Poutine se fera le 15 ao\u00fbt en Alaska"},"content":{"rendered":"<p class=\"article-p mdl\">La date et le lieu sont d\u00e9sormais connus. Six ans apr\u00e8s leur derni\u00e8re rencontre, Donald Trump et Vladimir Poutine vont se voir le <strong>vendredi 15 ao\u00fbt prochain en Alaska<\/strong> avec un objectif clair : mettre fin \u00e0 la guerre en Ukraine.<\/p>\n<p class=\"article-p mdl\">Elle \u00e9tait\u00a0<a class=\"link\" href=\"https:\/\/www.rtl.fr\/actu\/international\/guerre-en-ukraine-une-rencontre-entre-trump-et-poutine-aura-lieu-dans-les-prochains-jours-7900528594\" target=\"_blank\" rel=\"noopener\">tant attendue<\/a>, elle devient d\u00e9sormais officielle. Le pr\u00e9sident am\u00e9ricain, qui va donc rencontrer prochainement son homologue russe, avait promis \u00e0 maintes reprises de mettre fin \u00e0 la guerre en Ukraine. Les deux hommes se sont d&rsquo;ailleurs eu plusieurs fois au t\u00e9l\u00e9phone depuis le retour de Donald Trump \u00e0 la Maison Blanche. Mais jamais encore il n&rsquo;a revu Vladimir Poutine en personne durant son second mandat.<\/p>\n<p class=\"article-p mdl\">Cette rencontre se fera, en effet, dans le cadre de sa m\u00e9diation pour mettre fin \u00e0 la guerre en Ukraine qui comprendra, selon le pr\u00e9sident am\u00e9ricains, des \u00ab\u00a0\u00e9changes de territoires au b\u00e9n\u00e9fice de chacun\u00a0\u00bb. \u00ab\u00a0On parle d&rsquo;un territoire sur lequel\u00a0<a class=\"link\" href=\"https:\/\/www.rtl.fr\/actu\/international\/guerre-en-ukraine-la-russie-attaque-desormais-a-motos-7900523924\" target=\"_blank\" rel=\"noopener\">les combats font rage<\/a>\u00a0depuis plus de trois ans et demi (&#8230;) c&rsquo;est compliqu\u00e9, c&rsquo;est vraiment pas facile, mais nous allons en r\u00e9cup\u00e9rer une partie\u00a0\u00bb, a-t-il ajout\u00e9 sans donner plus de d\u00e9tails.<\/p>\n<p>            L&rsquo;Ukraine demande un cessez-le-feu de 30 jours<\/p>\n<p class=\"article-p mdl\">Moscou r\u00e9clame que l&rsquo;Ukraine lui c\u00e8de quatre r\u00e9gions partiellement occup\u00e9es (celles de Donetsk, Lougansk, Zaporijjia et Kherson), en plus de la Crim\u00e9e annex\u00e9e en 2014, et qu&rsquo;elle renonce aux livraisons d&rsquo;armes occidentales et \u00e0 toute adh\u00e9sion \u00e0 l&rsquo;Otan.<\/p>\n<p class=\"article-p mdl\">Des exigences qui sont inacceptables pour Kiev.\u00a0<a class=\"link\" href=\"https:\/\/www.rtl.fr\/actu\/international\/qui-est-ioulia-svyrydenko-la-nouvelle-premiere-ministre-ukrainienne-choisie-par-zelensky-7900523759\" target=\"_blank\" rel=\"noopener\">L&rsquo;Ukraine veut<\/a>\u00a0le retrait des troupes russes de son territoire et des garanties de s\u00e9curit\u00e9 occidentales, dont la poursuite des livraisons d&rsquo;armes et le d\u00e9ploiement d&rsquo;un contingent europ\u00e9en, ce \u00e0 quoi s&rsquo;oppose la Russie.<\/p>\n<p class=\"article-p mdl\">Donald Trump a \u00e9galement d\u00e9clar\u00e9 que cette rencontre \u00ab\u00a0aurait pu se faire plus t\u00f4t\u00a0\u00bb, lui qui avait annonc\u00e9 mettre fin au conflit en 24h durant sa campagne \u00e9lectorale, mais \u00ab\u00a0suppose qu&rsquo;il y a malheureusement des mesures de s\u00e9curit\u00e9 \u00e0 prendre\u00a0\u00bb.<\/p>\n<p class=\"article-p mdl\"><a class=\"link\" href=\"https:\/\/www.rtl.fr\/actu\/international\/guerre-en-ukraine-a-quelques-jours-de-la-fin-de-l-ultimatum-pose-a-poutine-trump-envoie-son-emissaire-en-russie-7900527758\" target=\"_blank\" rel=\"noopener\">Vladimir Poutine<\/a>\u00a0s&rsquo;est, quant \u00e0 lui, entretenu vendredi 8 ao\u00fbt au t\u00e9l\u00e9phone avec le <strong>pr\u00e9sident chinois Xi Jinping et le Premier ministre indien Narendra Modi<\/strong>. \u00ab\u00a0La Chine se r\u00e9jouit de voir la Russie et les Etats-Unis maintenir le contact, am\u00e9liorer leurs relations et promouvoir un r\u00e8glement politique de la crise ukrainienne\u00a0\u00bb, a d&rsquo;ailleurs partag\u00e9 le chef de l&rsquo;Etat chinois \u00e0 son homologue russe, selon l&rsquo;agence de presse officielle Chine nouvelle.<\/p>\n<p class=\"article-p mdl\">Parall\u00e8lement \u00e0 cette annonce, <strong>l&rsquo;arm\u00e9e russe poursuit ses attaques a\u00e9riennes<\/strong> meurtri\u00e8res sur l&rsquo;Ukraine et ses assauts sur le front, o\u00f9 ses soldats sont plus nombreux et mieux \u00e9quip\u00e9s. L&rsquo;Ukraine demande, de concert avec ses alli\u00e9s europ\u00e9ens, un cessez-le-feu de 30 jours, auquel se refusent les Russes.<\/p>\n<p>    La r\u00e9daction vous recommande<\/p>\n<p class=\"s-newsletter__title\">\n                L\u2019actualit\u00e9 par la r\u00e9daction de RTL dans votre bo\u00eete mail.\n            <\/p>\n<p class=\"s-newsletter__subtitle\">\n                Gr\u00e2ce \u00e0 votre compte RTL abonnez-vous \u00e0 la newsletter RTL info pour suivre toute l&rsquo;actualit\u00e9 au quotidien\n            <\/p>\n<p>\n                                    Lire la suite\n                                <\/p>\n","protected":false},"excerpt":{"rendered":"La date et le lieu sont d\u00e9sormais connus. Six ans apr\u00e8s leur derni\u00e8re rencontre, Donald Trump et Vladimir&hellip;\n","protected":false},"author":2,"featured_media":250687,"comment_status":"","ping_status":"","sticky":false,"template":"","format":"standard","meta":{"footnotes":""},"categories":[1590],"tags":[11,36796,75,1777,674,107,131,12,5486,220,135],"class_list":{"0":"post-306095","1":"post","2":"type-post","3":"status-publish","4":"format-standard","5":"has-post-thumbnail","7":"category-ukraine","8":"tag-actualites","9":"tag-alaska","10":"tag-donald-trump","11":"tag-eu","12":"tag-europe","13":"tag-fil-info","14":"tag-guerre-en-ukraine","15":"tag-news","16":"tag-rencontre","17":"tag-ukraine","18":"tag-vladimir-poutine"},"share_on_mastodon":{"url":"https:\/\/pubeurope.com\/@fr\/114995610465079060","error":""},"_links":{"self":[{"href":"https:\/\/www.europesays.com\/fr\/wp-json\/wp\/v2\/posts\/306095","targetHints":{"allow":["GET"]}}],"collection":[{"href":"https:\/\/www.europesays.com\/fr\/wp-json\/wp\/v2\/posts"}],"about":[{"href":"https:\/\/www.europesays.com\/fr\/wp-json\/wp\/v2\/types\/post"}],"author":[{"embeddable":true,"href":"https:\/\/www.europesays.com\/fr\/wp-json\/wp\/v2\/users\/2"}],"replies":[{"embeddable":true,"href":"https:\/\/www.europesays.com\/fr\/wp-json\/wp\/v2\/comments?post=306095"}],"version-history":[{"count":0,"href":"https:\/\/www.europesays.com\/fr\/wp-json\/wp\/v2\/posts\/306095\/revisions"}],"wp:featuredmedia":[{"embeddable":true,"href":"https:\/\/www.europesays.com\/fr\/wp-json\/wp\/v2\/media\/250687"}],"wp:attachment":[{"href":"https:\/\/www.europesays.com\/fr\/wp-json\/wp\/v2\/media?parent=306095"}],"wp:term":[{"taxonomy":"category","embeddable":true,"href":"https:\/\/www.europesays.com\/fr\/wp-json\/wp\/v2\/categories?post=306095"},{"taxonomy":"post_tag","embeddable":true,"href":"https:\/\/www.europesays.com\/fr\/wp-json\/wp\/v2\/tags?post=306095"}],"curies":[{"name":"wp","href":"https:\/\/api.w.org\/{rel}","templated":true}]}}