{"id":306096,"date":"2025-08-08T22:55:13","date_gmt":"2025-08-08T22:55:13","guid":{"rendered":"https:\/\/www.europesays.com\/fr\/306096\/"},"modified":"2025-08-08T22:55:13","modified_gmt":"2025-08-08T22:55:13","slug":"trump-limoge-le-chef-du-fisc-americain-moins-de-deux-mois-apres-sa-confirmation","status":"publish","type":"post","link":"https:\/\/www.europesays.com\/fr\/306096\/","title":{"rendered":"Trump limoge le chef du fisc am\u00e9ricain moins de deux mois apr\u00e8s sa confirmation"},"content":{"rendered":"<p>Le pr\u00e9sident des \u00c9tats-Unis, Donald Trump, a limog\u00e9 l\u2019ancien repr\u00e9sentant am\u00e9ricain Billy Long de son poste de commissaire de l\u2019IRS moins de deux mois apr\u00e8s sa confirmation, a d\u00e9clar\u00e9 vendredi un responsable de la Maison-Blanche.<\/p>\n<p>Ce responsable, qui n\u2019\u00e9tait pas autoris\u00e9 \u00e0 s\u2019exprimer publiquement et a requis l\u2019anonymat, n\u2019a pas donn\u00e9 de motif \u00e0 ce licenciement. Il a pr\u00e9cis\u00e9 que le secr\u00e9taire au Tr\u00e9sor, Scott Bessent, assurera l\u2019int\u00e9rim de l\u2019agence f\u00e9d\u00e9rale responsable de collecter l\u2019imp\u00f4t sur le revenu.<\/p>\n<p>Le S\u00e9nat am\u00e9ricain a confirm\u00e9 M.\u00a0Long par 53\u00a0voix contre 44, malgr\u00e9 les inqui\u00e9tudes des d\u00e9mocrates concernant le pass\u00e9 du r\u00e9publicain dans la promotion d\u2019un all\u00e8gement fiscal pendant la pand\u00e9mie de coronavirus, jug\u00e9 frauduleux par l\u2019IRS, et les contributions de campagne qu\u2019il a re\u00e7ues apr\u00e8s sa nomination par M.\u00a0Trump.<\/p>\n<p>Au Congr\u00e8s, o\u00f9 il a si\u00e9g\u00e9 de 2011 \u00e0 2023, M.\u00a0Long a parrain\u00e9 une loi visant \u00e0 supprimer l\u2019IRS. <\/p>\n<p>Ancien commissaire-priseur, il n\u2019a aucune exp\u00e9rience en administration fiscale.<\/p>\n","protected":false},"excerpt":{"rendered":"Le pr\u00e9sident des \u00c9tats-Unis, Donald Trump, a limog\u00e9 l\u2019ancien repr\u00e9sentant am\u00e9ricain Billy Long de son poste de commissaire&hellip;\n","protected":false},"author":2,"featured_media":306097,"comment_status":"","ping_status":"","sticky":false,"template":"","format":"standard","meta":{"footnotes":""},"categories":[1589],"tags":[11,73,1866,1854,4576,12,1864,1865,1863,308],"class_list":{"0":"post-306096","1":"post","2":"type-post","3":"status-publish","4":"format-standard","5":"has-post-thumbnail","7":"category-etats-unis","8":"tag-actualites","9":"tag-etats-unis","10":"tag-etats-unis-damerique","11":"tag-https-lactualite-com-sujet-international","12":"tag-https-lactualite-com-sujet-politique","13":"tag-news","14":"tag-united-states","15":"tag-united-states-of-america","16":"tag-us","17":"tag-usa"},"share_on_mastodon":{"url":"https:\/\/pubeurope.com\/@fr\/114995614490060217","error":""},"_links":{"self":[{"href":"https:\/\/www.europesays.com\/fr\/wp-json\/wp\/v2\/posts\/306096","targetHints":{"allow":["GET"]}}],"collection":[{"href":"https:\/\/www.europesays.com\/fr\/wp-json\/wp\/v2\/posts"}],"about":[{"href":"https:\/\/www.europesays.com\/fr\/wp-json\/wp\/v2\/types\/post"}],"author":[{"embeddable":true,"href":"https:\/\/www.europesays.com\/fr\/wp-json\/wp\/v2\/users\/2"}],"replies":[{"embeddable":true,"href":"https:\/\/www.europesays.com\/fr\/wp-json\/wp\/v2\/comments?post=306096"}],"version-history":[{"count":0,"href":"https:\/\/www.europesays.com\/fr\/wp-json\/wp\/v2\/posts\/306096\/revisions"}],"wp:featuredmedia":[{"embeddable":true,"href":"https:\/\/www.europesays.com\/fr\/wp-json\/wp\/v2\/media\/306097"}],"wp:attachment":[{"href":"https:\/\/www.europesays.com\/fr\/wp-json\/wp\/v2\/media?parent=306096"}],"wp:term":[{"taxonomy":"category","embeddable":true,"href":"https:\/\/www.europesays.com\/fr\/wp-json\/wp\/v2\/categories?post=306096"},{"taxonomy":"post_tag","embeddable":true,"href":"https:\/\/www.europesays.com\/fr\/wp-json\/wp\/v2\/tags?post=306096"}],"curies":[{"name":"wp","href":"https:\/\/api.w.org\/{rel}","templated":true}]}}