{"id":306099,"date":"2025-08-08T22:57:15","date_gmt":"2025-08-08T22:57:15","guid":{"rendered":"https:\/\/www.europesays.com\/fr\/306099\/"},"modified":"2025-08-08T22:57:15","modified_gmt":"2025-08-08T22:57:15","slug":"la-chine-talonne-les-etats-unis-en-tant-que-principal-partenaire-commercial-de-lallemagne","status":"publish","type":"post","link":"https:\/\/www.europesays.com\/fr\/306099\/","title":{"rendered":"La Chine talonne les \u00c9tats-Unis en tant que principal partenaire commercial de l&rsquo;Allemagne"},"content":{"rendered":"<p>La Chine s&rsquo;est rapproch\u00e9e des \u00c9tats-Unis pour devenir le premier partenaire commercial de l&rsquo;Allemagne au premier semestre 2025, selon des donn\u00e9es pr\u00e9liminaires de l&rsquo;Office f\u00e9d\u00e9ral de la statistique allemand, alors que les exportations allemandes vers les \u00c9tats-Unis ont diminu\u00e9 en raison de la hausse des droits de douane.<\/p>\n<p>Les \u00e9changes commerciaux (importations et exportations) entre l&rsquo;Allemagne et les \u00c9tats-Unis ont atteint environ 125\u00a0milliards d&rsquo;euros (145\u00a0milliards de dollars) de janvier \u00e0 juin, tandis que les \u00e9changes avec la Chine se sont \u00e9lev\u00e9s \u00e0 122,8\u00a0milliards d&rsquo;euros, selon des calculs de Reuters.<\/p>\n<p>\u00ab\u00a0Bien que les \u00c9tats-Unis aient pu conserver leur statut de principal partenaire commercial de l&rsquo;Allemagne, l&rsquo;avance sur la Chine est infime\u00a0\u00bb, a d\u00e9clar\u00e9 Vincent Stamer, \u00e9conomiste chez Commerzbank.<\/p>\n<p>Les \u00c9tats-Unis avaient d\u00e9tr\u00f4n\u00e9 la Chine en 2024, mettant fin \u00e0 huit ann\u00e9es cons\u00e9cutives de domination chinoise. Ce changement s&rsquo;expliquait par la volont\u00e9 de Berlin de r\u00e9duire sa d\u00e9pendance envers la Chine, citant des divergences politiques et des accusations de pratiques commerciales d\u00e9loyales \u00e0 l&rsquo;encontre de P\u00e9kin.<\/p>\n<p>La dynamique commerciale a toutefois \u00e9volu\u00e9 \u00e0 nouveau en 2025, avec le retour de Donald Trump \u00e0 la Maison Blanche et le r\u00e9tablissement de droits de douane. L&rsquo;accord commercial conclu en juillet entre l&rsquo;UE et les \u00c9tats-Unis fixe des droits de douane \u00e0 15\u00a0% sur la plupart des produits.<\/p>\n<p>\u00ab\u00a0Au fil de l&rsquo;ann\u00e9e, les pertes d&rsquo;exportations allemandes vers les \u00c9tats-Unis devraient se poursuivre, voire s&rsquo;accentuer\u00a0\u00bb, estime Juergen Matthes, responsable des politiques \u00e9conomiques internationales \u00e0 l&rsquo;Institut de l&rsquo;\u00e9conomie allemande de Cologne.<\/p>\n<p>Les exportations allemandes vers les \u00c9tats-Unis ont chut\u00e9 de 3,9\u00a0% \u00e0 77,6\u00a0milliards d&rsquo;euros au premier semestre par rapport \u00e0 la m\u00eame p\u00e9riode l&rsquo;ann\u00e9e pr\u00e9c\u00e9dente.<\/p>\n<p>Commerzbank pr\u00e9voit que les nouveaux droits de douane am\u00e9ricains ralentiront les exportations allemandes vers les \u00c9tats-Unis de 20\u00a0% \u00e0 25\u00a0% sur les deux prochaines ann\u00e9es.<\/p>\n<p>\u00ab\u00a0En cons\u00e9quence, la Chine devrait reprendre la premi\u00e8re place parmi les partenaires commerciaux de l&rsquo;Allemagne au cours de l&rsquo;ann\u00e9e\u00a0\u00bb, anticipe Stamer.<\/p>\n<p><b>IMPORTATIONS CHINOISES EN HAUSSE<\/b><\/p>\n<p>Les importations en provenance de Chine ont bondi de 10,7\u00a0% sur un an au premier semestre, atteignant 81,4\u00a0milliards d&rsquo;euros.<\/p>\n<p>\u00ab\u00a0De toute \u00e9vidence, il est difficile pour les entreprises et consommateurs allemands de remplacer les produits chinois\u00a0\u00bb, souligne Stamer.<\/p>\n<p>Cette hausse pourrait indiquer que la Chine a commenc\u00e9 \u00e0 r\u00e9orienter ses \u00e9changes du march\u00e9 am\u00e9ricain vers l&rsquo;Europe, inondant le march\u00e9 allemand et europ\u00e9en de produits meilleur march\u00e9, estime Carsten Brzeski, chef mondial de la macro\u00e9conomie chez ING.<\/p>\n<p>Une forte sous-\u00e9valuation du yuan face \u00e0 l&rsquo;euro contribue \u00e9galement \u00e0 rendre les importations chinoises plus comp\u00e9titives, ajoute Matthes de l&rsquo;Institut de Cologne.<\/p>\n<p>Les exportations allemandes vers la Chine ont chut\u00e9 de 14,2\u00a0% \u00e0 41,4\u00a0milliards d&rsquo;euros, les exportateurs allemands peinant \u00e0 faire face \u00e0 la concurrence accrue des fabricants chinois.<\/p>\n<p>La forte baisse des exportations vers la Chine, combin\u00e9e \u00e0 la flamb\u00e9e des importations, a entra\u00een\u00e9 un d\u00e9ficit commercial record de 40\u00a0milliards d&rsquo;euros, un niveau jamais vu depuis 2022.<\/p>\n<p>\u00ab\u00a0Tous ces d\u00e9veloppements fragilisent l&rsquo;\u00e9conomie allemande et aggravent la crise industrielle\u00a0\u00bb, conclut Matthes.<\/p>\n<p>($1 = 0,8600\u00a0euros)<\/p>\n","protected":false},"excerpt":{"rendered":"La Chine s&rsquo;est rapproch\u00e9e des \u00c9tats-Unis pour devenir le premier partenaire commercial de l&rsquo;Allemagne au premier semestre 2025,&hellip;\n","protected":false},"author":2,"featured_media":306100,"comment_status":"","ping_status":"","sticky":false,"template":"","format":"standard","meta":{"footnotes":""},"categories":[1587],"tags":[11,672,340,1804,1805,1803,1777,674,1801,12,1802],"class_list":{"0":"post-306099","1":"post","2":"type-post","3":"status-publish","4":"format-standard","5":"has-post-thumbnail","7":"category-allemagne","8":"tag-actualites","9":"tag-allemagne","10":"tag-bourse","11":"tag-bundesrepublik-deutschland","12":"tag-de","13":"tag-deutschland","14":"tag-eu","15":"tag-europe","16":"tag-germany","17":"tag-news","18":"tag-republique-federale-dallemagne"},"share_on_mastodon":{"url":"https:\/\/pubeurope.com\/@fr\/114995622231598909","error":""},"_links":{"self":[{"href":"https:\/\/www.europesays.com\/fr\/wp-json\/wp\/v2\/posts\/306099","targetHints":{"allow":["GET"]}}],"collection":[{"href":"https:\/\/www.europesays.com\/fr\/wp-json\/wp\/v2\/posts"}],"about":[{"href":"https:\/\/www.europesays.com\/fr\/wp-json\/wp\/v2\/types\/post"}],"author":[{"embeddable":true,"href":"https:\/\/www.europesays.com\/fr\/wp-json\/wp\/v2\/users\/2"}],"replies":[{"embeddable":true,"href":"https:\/\/www.europesays.com\/fr\/wp-json\/wp\/v2\/comments?post=306099"}],"version-history":[{"count":0,"href":"https:\/\/www.europesays.com\/fr\/wp-json\/wp\/v2\/posts\/306099\/revisions"}],"wp:featuredmedia":[{"embeddable":true,"href":"https:\/\/www.europesays.com\/fr\/wp-json\/wp\/v2\/media\/306100"}],"wp:attachment":[{"href":"https:\/\/www.europesays.com\/fr\/wp-json\/wp\/v2\/media?parent=306099"}],"wp:term":[{"taxonomy":"category","embeddable":true,"href":"https:\/\/www.europesays.com\/fr\/wp-json\/wp\/v2\/categories?post=306099"},{"taxonomy":"post_tag","embeddable":true,"href":"https:\/\/www.europesays.com\/fr\/wp-json\/wp\/v2\/tags?post=306099"}],"curies":[{"name":"wp","href":"https:\/\/api.w.org\/{rel}","templated":true}]}}