{"id":306101,"date":"2025-08-08T23:03:11","date_gmt":"2025-08-08T23:03:11","guid":{"rendered":"https:\/\/www.europesays.com\/fr\/306101\/"},"modified":"2025-08-08T23:03:11","modified_gmt":"2025-08-08T23:03:11","slug":"houston-nous-avons-un-probleme-le-commandant-de-la-mission-apollo-13-jim-lovell-est-mort-annonce-la-nasa","status":"publish","type":"post","link":"https:\/\/www.europesays.com\/fr\/306101\/","title":{"rendered":"\u00ab\u00a0Houston, nous avons un probl\u00e8me\u00a0\u00bb\u00a0: le commandant de la mission Apollo 13 Jim Lovell est mort, annonce la Nasa"},"content":{"rendered":"<p class=\"paragraph text_align_left lp-f-body-02\">En 1970, Jim Lovell et son \u00e9quipage avaient r\u00e9ussi l\u2019exploit de revenir vivants sur Terre de <a href=\"https:\/\/www.leparisien.fr\/sciences\/lastronaute-americain-thomas-mattingly-sauveur-de-la-mission-apollo-13-est-decede-a-87-ans-03-11-2023-DIXSNJCX6FF5BHSBG55IVGFTNQ.php\" target=\"_self\" rel=\"nofollow noopener\">la mission Apollo 13<\/a>, qui avait connu un grave probl\u00e8me technique en chemin pour la Lune.<\/p>\n<p class=\"paragraph text_align_left lp-f-body-02\">Ce sauvetage et le courage des astronautes avaient tenu en haleine toute la plan\u00e8te. Il est aussi rest\u00e9 c\u00e9l\u00e8bre car pour signaler \u00e0 la Nasa une avarie sur le vaisseau, Jim Lovell, commandant d\u2019Apollo 13, avait lanc\u00e9 ce message radio : \u00ab Houston, on a eu un probl\u00e8me \u00bb.<\/p>\n<p class=\"paragraph text_align_left lp-f-body-02\">L\u2019astronaute am\u00e9ricain est mort \u00e0 l\u2019\u00e2ge de 97 ans, a annonc\u00e9 ce vendredi la Nasa. Celui qui est devenu une figure embl\u00e9matique de l\u2019histoire spatiale s\u2019est \u00e9teint jeudi dans l\u2019Illinois, a pr\u00e9cis\u00e9 l\u2019agence spatiale am\u00e9ricaine dans un communiqu\u00e9. Sa \u00ab vie et (son) \u0153uvre ont inspir\u00e9 des millions de personnes au fil des d\u00e9cennies \u00bb, a insist\u00e9 la Nasa, saluant son \u00ab caract\u00e8re et son courage in\u00e9branlable \u00bb.<\/p>\n<p class=\"paragraph text_align_left lp-f-body-02\">\u00ab La Nasa pr\u00e9sente ses condol\u00e9ances \u00e0 la famille du capitaine Jim Lovell, dont la vie et l\u2019\u0153uvre ont inspir\u00e9 des millions de personnes au fil des d\u00e9cennies \u00bb, a d\u00e9clar\u00e9 l\u2019agence spatiale dans un communiqu\u00e9, saluant son \u00ab caract\u00e8re et son courage in\u00e9branlable \u00bb ayant permis aux \u00c9tats-Unis \u00ab d\u2019atteindre la Lune \u00bb.<\/p>\n<p>Un sans froid l\u00e9gendaire<\/p>\n<p class=\"paragraph text_align_left lp-f-body-02\">L\u2019Am\u00e9ricain est rest\u00e9 l\u2019un des grands noms du programme lunaire am\u00e9ricain. Notamment parce qu\u2019il a \u00e9t\u00e9 incarn\u00e9 sur grand \u00e9cran par <a href=\"https:\/\/www.leparisien.fr\/culture-loisirs\/cinema\/tom-hanks-raconte-il-faut-sauver-le-soldat-ryan-avant-ca-je-navais-jamais-tourne-de-films-daction-06-06-2024-KFHMAWECSBEAXNZ6R6D2DN27Q4.php\" target=\"_self\" rel=\"nofollow noopener\">Tom Hanks<\/a> dans le blockbuster \u00e9ponyme \u00ab Apollo 13 \u00bb sorti en 1995. Son sang-froid lors de cette odyss\u00e9e spatiale chaotique lui a valu une large reconnaissance.<\/p>\n<p class=\"paragraph text_align_left lp-f-body-02\">Lanc\u00e9e le 11 avril 1970, neuf mois apr\u00e8s les premiers pas historiques de Neil Armstrong sur la Lune, la mission pilot\u00e9e par Jim Lovell aux c\u00f4t\u00e9s des astronautes Fred Haise et Jack Swigert devait se poser sur l\u2019astre. Mais une explosion \u00e9tait survenue en plein vol, entra\u00eenant une fuite d\u2019oxyg\u00e8ne, a boulevers\u00e9 ces plans.<\/p>\n<p class=\"paragraph text_align_left lp-f-body-02\">\u00ab Houston, nous avons un probl\u00e8me \u00bb, avait alors annonc\u00e9 laconiquement Jim Lovell au centre de contr\u00f4le de la Nasa. L\u2019Am\u00e9rique, qui consid\u00e9rait d\u00e9j\u00e0 ces vols comme une routine, se retrouva alors projet\u00e9 en direct dans une trag\u00e9die in\u00e9dite, trois hommes risquant de rester \u00e0 jamais dans l\u2019espace. Gr\u00e2ce au sang-froid du commandant et de la Nasa, le trio s\u2019en \u00e9tait heureusement sorti, r\u00e9ussissant \u00e0 revenir sain et sauf sur Terre.<\/p>\n<p class=\"paragraph text_align_left lp-f-body-02\">Cette \u00e9pop\u00e9e, qui valut \u00e0 l\u2019astronaute une m\u00e9daille d\u2019honneur, lui co\u00fbta toutefois son r\u00eave lunaire. Lui qui aurait d\u00fb poser pied sur l\u2019astre lors de la mission Apollo 13, dans ce qui aurait \u00e9t\u00e9 la troisi\u00e8me fois que des hommes auraient foul\u00e9 le sol lunaire, n\u2019est plus jamais reparti dans l\u2019espace.<\/p>\n<p class=\"paragraph text_align_left lp-f-body-02\">N\u00e9 le 25 mars 1928 \u00e0 Cleveland dans l\u2019Ohio, Jim Lovell avait men\u00e9 une carri\u00e8re de pilote \u00e0 la Navy avant de rejoindre la Nasa. Il fut l\u2019un des premiers astronautes \u00e0 voler en orbite autour de la Lune et \u00e0 observer un \u00ab lever de Terre \u00bb, du nom du c\u00e9l\u00e8bre clich\u00e9 captur\u00e9 en d\u00e9cembre 1968 et montrant la plan\u00e8te bleue se d\u00e9tachant de l\u2019obscurit\u00e9 de l\u2019espace.<\/p>\n<p class=\"paragraph text_align_left lp-f-body-02\">\u00ab Il \u00e9tait notre h\u00e9ros. Son optimisme in\u00e9branlable, son sens de l\u2019humour et sa fa\u00e7on de nous donner \u00e0 chacun le sentiment que nous pouvions accomplir l\u2019impossible nous manqueront \u00bb, ont r\u00e9agi des membres de sa famille dans un communiqu\u00e9 partag\u00e9 par la Nasa.<\/p>\n","protected":false},"excerpt":{"rendered":"En 1970, Jim Lovell et son \u00e9quipage avaient r\u00e9ussi l\u2019exploit de revenir vivants sur Terre de la mission&hellip;\n","protected":false},"author":2,"featured_media":306102,"comment_status":"","ping_status":"","sticky":false,"template":"","format":"standard","meta":{"footnotes":""},"categories":[1586],"tags":[11,1777,674,1779,1011,27,12,25,41,1778,364],"class_list":{"0":"post-306101","1":"post","2":"type-post","3":"status-publish","4":"format-standard","5":"has-post-thumbnail","7":"category-europe","8":"tag-actualites","9":"tag-eu","10":"tag-europe","11":"tag-european-union","12":"tag-fr","13":"tag-france","14":"tag-news","15":"tag-republique-francaise","16":"tag-sciences","17":"tag-ue","18":"tag-union-europeenne"},"share_on_mastodon":{"url":"https:\/\/pubeurope.com\/@fr\/114995645873418809","error":""},"_links":{"self":[{"href":"https:\/\/www.europesays.com\/fr\/wp-json\/wp\/v2\/posts\/306101","targetHints":{"allow":["GET"]}}],"collection":[{"href":"https:\/\/www.europesays.com\/fr\/wp-json\/wp\/v2\/posts"}],"about":[{"href":"https:\/\/www.europesays.com\/fr\/wp-json\/wp\/v2\/types\/post"}],"author":[{"embeddable":true,"href":"https:\/\/www.europesays.com\/fr\/wp-json\/wp\/v2\/users\/2"}],"replies":[{"embeddable":true,"href":"https:\/\/www.europesays.com\/fr\/wp-json\/wp\/v2\/comments?post=306101"}],"version-history":[{"count":0,"href":"https:\/\/www.europesays.com\/fr\/wp-json\/wp\/v2\/posts\/306101\/revisions"}],"wp:featuredmedia":[{"embeddable":true,"href":"https:\/\/www.europesays.com\/fr\/wp-json\/wp\/v2\/media\/306102"}],"wp:attachment":[{"href":"https:\/\/www.europesays.com\/fr\/wp-json\/wp\/v2\/media?parent=306101"}],"wp:term":[{"taxonomy":"category","embeddable":true,"href":"https:\/\/www.europesays.com\/fr\/wp-json\/wp\/v2\/categories?post=306101"},{"taxonomy":"post_tag","embeddable":true,"href":"https:\/\/www.europesays.com\/fr\/wp-json\/wp\/v2\/tags?post=306101"}],"curies":[{"name":"wp","href":"https:\/\/api.w.org\/{rel}","templated":true}]}}