{"id":306111,"date":"2025-08-08T23:07:25","date_gmt":"2025-08-08T23:07:25","guid":{"rendered":"https:\/\/www.europesays.com\/fr\/306111\/"},"modified":"2025-08-08T23:07:25","modified_gmt":"2025-08-08T23:07:25","slug":"triple-bonus-pour-un-grant-forrest-etincelant-le-contingent-francais-decime","status":"publish","type":"post","link":"https:\/\/www.europesays.com\/fr\/306111\/","title":{"rendered":"Triple bonus pour un Grant Forrest \u00e9tincelant, le contingent fran\u00e7ais d\u00e9cim\u00e9"},"content":{"rendered":"<p>\t\t\t\t\t\t<img width=\"770\" height=\"556\" src=\"https:\/\/www.europesays.com\/fr\/wp-content\/uploads\/2025\/08\/1afp__20250808__2229090485__v1__highres__nexochampionship2025daytwo-e1754676622559-770x556.jpg\" class=\"img-responsive wp-post-image\" alt=\"ROSS PARKER \/ GETTY IMAGES EUROPE \/ Getty Images via AFP\" decoding=\"async\" fetchpriority=\"high\"  \/>\t\t\t\t\t<\/p>\n<p>\t\t\t\t\t\t Partager cet article <\/p>\n<p class=\"screen-reader-text juiz_sps_maybe_hidden_text\">Partager la publication \u00ab\u00a0Triple bonus pour un Grant Forrest \u00e9tincelant, le contingent fran\u00e7ais d\u00e9cim\u00e9\u00a0\u00bb<\/p>\n<p><strong>Dans une deuxi\u00e8me journ\u00e9e toujours rythm\u00e9e par les infernales rafales \u00e9cossaises du Trump International Golf Links \u00e0 Aberdeen, c\u2019est un local de l\u2019\u00e9tape, Grant Forrest, qui s\u2019est illustr\u00e9e pour le compte du Nexo Championship. Record du parcours, la t\u00eate du tournoi et gros bonus financier. Les Fran\u00e7ais sont \u00e0 la tra\u00eene.<\/strong><\/p>\n<p>\t\t\t\t\t<a id=\"180479\" href=\"https:\/\/www.swing.fr\/voyage\/35-14eme-edition-des-doubles-gosset-by-beachcomber\" target=\"_blank\" rel=\"sponsorised nofollow noopener\"><img decoding=\"async\" src=\"data:image\/svg+xml,%3Csvg%20xmlns=\" http:=\"\" class=\"img-responsive\" alt=\"\" data-lazy-src=\"https:\/\/www.europesays.com\/fr\/wp-content\/uploads\/2025\/07\/beachcomber-e01-doubles-gosset-26-1170x275-1.jpg\"\/><\/a><\/p>\n<p>Il y a parfois des clich\u00e9s dont on ne se d\u00e9barrasse pas si facilement que \u00e7a. Prenez l\u2019exemple du Br\u00e9sil au football par exemple, cens\u00e9 v\u00e9hiculer les valeurs du beau jeu. Ou bien le basket, o\u00f9 les Etats-Unis sont de notori\u00e9t\u00e9 publique, une \u00e9quipe de r\u00eave quasi imbattable\u2026 Au golf, quand un \u00e9cossais retourne dans sa m\u00e8re patrie, le berceau du golf, qui plus est sur un links, tout le monde s\u2019attend \u00e0 voir un chardon briller.<\/p>\n<p><a href=\"https:\/\/www.europeantour.com\/dpworld-tour\/nexo-championship-2025\/leaderboard?round=2\" target=\"_blank\" rel=\"noopener nofollow\">Retrouvez le classement complet<\/a><\/p>\n<p><a href=\"http:\/\/golfplanete.com\/actualites\/richard-sterne-remonte-le-temps-les-francais-a-la-peine-a-aberdeen\/\" target=\"_blank\" rel=\"noopener nofollow\">Pass\u00e9e l\u2019anomalie du premier jour de comp\u00e9tition<\/a>, et la t\u00eate occup\u00e9e par un Sud-Africain en la personne de <strong>Richard Sterne<\/strong>, c\u2019est un sujet de sa Majest\u00e9, <strong>Grant Forrest<\/strong> lui m\u00eame, qui s\u2019est charg\u00e9 de remettre l\u2019\u00e9glise d\u2019Aberdeen au milieu du village.\u00a0<\/p>\n<p>\t\t\t\t\t<a id=\"180488\" href=\"https:\/\/golfplus.fr\/\" target=\"_blank\" rel=\"sponsorised nofollow noopener\"><img decoding=\"async\" src=\"data:image\/svg+xml,%3Csvg%20xmlns=\" http:=\"\" class=\"img-responsive\" alt=\"\" data-lazy-src=\"https:\/\/www.europesays.com\/fr\/wp-content\/uploads\/2025\/07\/golfplus-e19-livraison-lieu-vacances-1170x275-1.jpg\"\/><\/a><\/p>\n<blockquote class=\"twitter-tweet\">\n<p dir=\"ltr\" lang=\"en\">\ud83d\udea8 NEW COURSE RECORD \ud83d\udea8<a href=\"https:\/\/twitter.com\/grantforrest93?ref_src=twsrc%5Etfw\" rel=\"nofollow noopener\" target=\"_blank\">@grantforrest93<\/a> with an incredible second round 66 and if nobody shoots lower this week, he will win himself $10,000! \ud83d\udcb0<\/p>\n<p>Full details about the new course record prize fund presented by <a href=\"https:\/\/twitter.com\/Nexo?ref_src=twsrc%5Etfw\" rel=\"nofollow noopener\" target=\"_blank\">@Nexo<\/a> \ud83d\udc47<a href=\"https:\/\/twitter.com\/hashtag\/NexoChampionship?src=hash&amp;ref_src=twsrc%5Etfw\" rel=\"nofollow noopener\" target=\"_blank\">#NexoChampionship<\/a><\/p>\n<p>\u2014 DP World Tour (@DPWorldTour) <a href=\"https:\/\/twitter.com\/DPWorldTour\/status\/1953864105170751764?ref_src=twsrc%5Etfw\" rel=\"nofollow noopener\" target=\"_blank\">August 8, 2025<\/a><\/p>\n<\/blockquote>\n<p>\t\t\t\t\t<a id=\"181442\" href=\"https:\/\/www.formigolf.fr\/voyage-pays~fairplay_golf__spa_resort_5etoiles_cadiz~199~espagne\" target=\"_blank\" rel=\"sponsorised nofollow noopener\"><img decoding=\"async\" src=\"data:image\/svg+xml,%3Csvg%20xmlns=\" http:=\"\" class=\"img-responsive\" alt=\"\" data-lazy-src=\"https:\/\/www.europesays.com\/fr\/wp-content\/uploads\/2025\/08\/formigolf-e08-andalousie-cadiz-1170x275-1.gif\"\/><\/a><\/p>\n<p>7 birdies, contre un bogey pour se propulser d\u2019un coup d\u2019un seul en t\u00eate du <strong>Nexo Championship<\/strong> apr\u00e8s 36 trous. Son 66 (-6) dans des conditions toujours dantesques lui offre m\u00eame le record du parcours. Mais o\u00f9 est donc pass\u00e9 le troisi\u00e8me bonus, apr\u00e8s une telle journ\u00e9e ? Il arrivera dimanche soir pour l\u2019Ecossais, si personne ne d\u00e9passe sa marque de r\u00e9f\u00e9rence, avec <a href=\"https:\/\/www.golfplanete.com\/actualites\/une-prime-de-10-000-a-chaque-record-de-parcours-sur-le-tour-europeen\/#:~:text=Une%20prime%20de%2010%20000%20%24%20sera%20en%20effet%20attribu%C3%A9e%20au,suppl%C3%A9mentaires%20ajout%C3%A9s%20%C3%A0%20la%20cagnotte.\" target=\"_blank\" rel=\"noopener nofollow\">un tout nouveau ch\u00e8que de 10 000 $ promis au nouveau faiseur de record.<\/a><\/p>\n<p>\u00ab J\u2019ai juste \u00e9t\u00e9 brillant \u00bb, a-t-il ainsi r\u00e9sum\u00e9 apr\u00e8s sa partie et son -7 total apr\u00e8s deux tours. Une marque qui lui donne une longueur d\u2019avance sur son plus proche poursuivant, l\u2019Anglais <strong>Jordan Smith<\/strong> (-6), tr\u00e8s souvent plac\u00e9 ces derni\u00e8res ann\u00e9es, mais rarement vainqueur. Leader la veille, Richard Sterne est 3e pour le moment en -4 apr\u00e8s une journ\u00e9e en +1.<\/p>\n<p>\t\t\t\t\t<a id=\"181417\" href=\"https:\/\/cabotbordeaux.com\/fr\/booking\/training-golf\" target=\"_blank\" rel=\"sponsorised nofollow noopener\"><img decoding=\"async\" src=\"data:image\/svg+xml,%3Csvg%20xmlns=\" http:=\"\" class=\"img-responsive\" alt=\"\" data-lazy-src=\"https:\/\/www.europesays.com\/fr\/wp-content\/uploads\/2025\/08\/cabot-e04-stage-septembre-1170x275-1.gif\"\/><\/a><br \/>\nLes conditions font des ravages, y compris chez les Fran\u00e7ais<\/p>\n<p>Chez sa Majest\u00e9, il est de coutume de dire qu\u2019une image vaut mille mots. Peut-\u00eatre mille maux aussi pour le pauvre <strong>Conor Syme<\/strong> qui s\u2019est sabord\u00e9 d\u00e8s le trou num\u00e9ro un ce vendredi. Voyez plut\u00f4t.<\/p>\n<p>\t\t\t\t\t<a id=\"180473\" href=\"https:\/\/eu.ping.com\/fr-fr\/clubs\/irons\/idi\" target=\"_blank\" rel=\"sponsorised nofollow noopener\"><img decoding=\"async\" src=\"data:image\/svg+xml,%3Csvg%20xmlns=\" http:=\"\" class=\"img-responsive\" alt=\"\" data-lazy-src=\"https:\/\/www.europesays.com\/fr\/wp-content\/uploads\/2025\/07\/ping-e07-fers-idi-1170x275-1.jpg\"\/><\/a><\/p>\n<blockquote class=\"twitter-tweet\">\n<p dir=\"ltr\" lang=\"en\">\u00ab\u00a0That is unbelievable what I\u2019ve just seen there!\u00a0\u00bb<a href=\"https:\/\/twitter.com\/connor_syme?ref_src=twsrc%5Etfw\" rel=\"nofollow noopener\" target=\"_blank\">@connor_syme<\/a> hit a 100 yard putt when he was just 18 yards from the pin early on Friday \ud83e\udee3<a href=\"https:\/\/twitter.com\/hashtag\/NexoChampionship?src=hash&amp;ref_src=twsrc%5Etfw\" rel=\"nofollow noopener\" target=\"_blank\">#NexoChampionship<\/a> <a href=\"https:\/\/t.co\/yLU10rNyXP\" rel=\"nofollow\">pic.twitter.com\/yLU10rNyXP<\/a><\/p>\n<p>\u2014 DP World Tour (@DPWorldTour) <a href=\"https:\/\/twitter.com\/DPWorldTour\/status\/1953859284204224585?ref_src=twsrc%5Etfw\" rel=\"nofollow noopener\" target=\"_blank\">August 8, 2025<\/a><\/p>\n<\/blockquote>\n<p>\t\t\t\t\t<a id=\"181434\" href=\"https:\/\/www.omegaeuropeanmasters.com\/fr\/tickets\/tickets\" target=\"_blank\" rel=\"sponsorised nofollow noopener\"><img decoding=\"async\" src=\"data:image\/svg+xml,%3Csvg%20xmlns=\" http:=\"\" class=\"img-responsive\" alt=\"\" data-lazy-src=\"https:\/\/www.europesays.com\/fr\/wp-content\/uploads\/2025\/08\/omegamasters-e02-billetterie-om25-1170x275-1.jpg\"\/><\/a><\/p>\n<p>Le joueur \u00e9cossais en position de birdie \u00e0 quelque 8 m\u00e8tres du drapeau, ex\u00e9cute sa tentative. Trop de vitesse, trop de vent, sa belle d\u00e9vale la pente du green du 1, prend encore plus de vitesse pour finalement terminer sa course hors de la surface de v\u00e9rit\u00e9 \u00e0 plus de 75 m\u00e8tres du drapeau. Son 79 (+7) r\u00e9dhibitoire est aussi synonyme de cut manqu\u00e9.<\/p>\n<p>C\u2019est aussi le cas de nombreux Fran\u00e7ais qui ont subi la m\u00eame loi, aussi dure soit-elle, du <strong>Trump International Golf Links<\/strong>. Sept Tricolores sur dix ne verront pas le weekend. Ceux qui ont r\u00e9ussi \u00e0 accrocher quelques heures de golf suppl\u00e9mentaires en fin de semaine sont rel\u00e9gu\u00e9s loin au classement. <strong>Julien Brun<\/strong>,<strong> Ugo Coussaud <\/strong>et <strong>Cl\u00e9ment Sordet<\/strong> sont tous les trois 60es en +4.<\/p>\n<p>\t\t\t\t\t<a id=\"181426\" href=\"https:\/\/leclub-golf.com\/fr\/green-fees?online=1&amp;utm_source=golf+planete&amp;utm_medium=referral&amp;utm_campaign=green+fee+en+ligne&amp;utm_id=green+fee+en+ligne_golf+planete_referral_banner\" target=\"_blank\" rel=\"sponsorised nofollow noopener\"><img decoding=\"async\" src=\"data:image\/svg+xml,%3Csvg%20xmlns=\" http:=\"\" class=\"img-responsive\" alt=\"\" data-lazy-src=\"https:\/\/www.europesays.com\/fr\/wp-content\/uploads\/2025\/08\/leclubgolf-e09-effet-classique-1170x275png.png\"\/><\/a><br \/>\nLe leaderboard<br \/>\n\u00a0<img loading=\"lazy\" decoding=\"async\" class=\"alignnone size-full wp-image-181803\" src=\"data:image\/svg+xml,%3Csvg%20xmlns=\" http:=\"\" alt=\"\" width=\"1168\" height=\"748\" data-lazy- data-lazy- data-lazy-src=\"https:\/\/www.europesays.com\/fr\/wp-content\/uploads\/2025\/08\/class1.png\"\/><\/p>\n<p><img loading=\"lazy\" decoding=\"async\" class=\"alignnone size-full wp-image-181802\" src=\"data:image\/svg+xml,%3Csvg%20xmlns=\" http:=\"\" alt=\"\" width=\"1176\" height=\"603\" data-lazy- data-lazy- data-lazy-src=\"https:\/\/www.europesays.com\/fr\/wp-content\/uploads\/2025\/08\/class2.png\"\/><\/p>\n<p>Le leaderboard des Fran\u00e7ais<\/p>\n<p><img loading=\"lazy\" decoding=\"async\" class=\"alignnone size-full wp-image-181801\" src=\"data:image\/svg+xml,%3Csvg%20xmlns=\" http:=\"\" alt=\"\" width=\"1176\" height=\"754\" data-lazy- data-lazy- data-lazy-src=\"https:\/\/www.europesays.com\/fr\/wp-content\/uploads\/2025\/08\/class-fr.png\"\/><\/p>\n<p>\u00a0<\/p>\n<p>\u00a0<\/p>\n<p>\u00a0<\/p>\n<p>Photo : ROSS PARKER \/ GETTY IMAGES EUROPE \/ Getty Images via AFP<\/p>\n<p>\t\t\t<script async src=\"https:\/\/platform.twitter.com\/widgets.js\" charset=\"utf-8\"><\/script><\/p>\n","protected":false},"excerpt":{"rendered":"Partager cet article Partager la publication \u00ab\u00a0Triple bonus pour un Grant Forrest \u00e9tincelant, le contingent fran\u00e7ais d\u00e9cim\u00e9\u00a0\u00bb Dans&hellip;\n","protected":false},"author":2,"featured_media":306112,"comment_status":"","ping_status":"","sticky":false,"template":"","format":"standard","meta":{"footnotes":""},"categories":[1418],"tags":[1011,27,1472,60],"class_list":{"0":"post-306111","1":"post","2":"type-post","3":"status-publish","4":"format-standard","5":"has-post-thumbnail","7":"category-golf","8":"tag-fr","9":"tag-france","10":"tag-golf","11":"tag-sports"},"share_on_mastodon":{"url":"https:\/\/pubeurope.com\/@fr\/114995661613158029","error":""},"_links":{"self":[{"href":"https:\/\/www.europesays.com\/fr\/wp-json\/wp\/v2\/posts\/306111","targetHints":{"allow":["GET"]}}],"collection":[{"href":"https:\/\/www.europesays.com\/fr\/wp-json\/wp\/v2\/posts"}],"about":[{"href":"https:\/\/www.europesays.com\/fr\/wp-json\/wp\/v2\/types\/post"}],"author":[{"embeddable":true,"href":"https:\/\/www.europesays.com\/fr\/wp-json\/wp\/v2\/users\/2"}],"replies":[{"embeddable":true,"href":"https:\/\/www.europesays.com\/fr\/wp-json\/wp\/v2\/comments?post=306111"}],"version-history":[{"count":0,"href":"https:\/\/www.europesays.com\/fr\/wp-json\/wp\/v2\/posts\/306111\/revisions"}],"wp:featuredmedia":[{"embeddable":true,"href":"https:\/\/www.europesays.com\/fr\/wp-json\/wp\/v2\/media\/306112"}],"wp:attachment":[{"href":"https:\/\/www.europesays.com\/fr\/wp-json\/wp\/v2\/media?parent=306111"}],"wp:term":[{"taxonomy":"category","embeddable":true,"href":"https:\/\/www.europesays.com\/fr\/wp-json\/wp\/v2\/categories?post=306111"},{"taxonomy":"post_tag","embeddable":true,"href":"https:\/\/www.europesays.com\/fr\/wp-json\/wp\/v2\/tags?post=306111"}],"curies":[{"name":"wp","href":"https:\/\/api.w.org\/{rel}","templated":true}]}}