{"id":306116,"date":"2025-08-08T23:10:11","date_gmt":"2025-08-08T23:10:11","guid":{"rendered":"https:\/\/www.europesays.com\/fr\/306116\/"},"modified":"2025-08-08T23:10:11","modified_gmt":"2025-08-08T23:10:11","slug":"a-20-ans-alexander-blockx-signe-sa-premiere-victoire-sur-le-circuit-atp-et-file-au-2e-tour-du-masters-1000-de-cincinnati","status":"publish","type":"post","link":"https:\/\/www.europesays.com\/fr\/306116\/","title":{"rendered":"\u00c0 20 ans, Alexander Blockx signe sa premi\u00e8re victoire sur le circuit ATP et file au 2e tour du Masters 1000 de Cincinnati"},"content":{"rendered":"<p>Sorti des qualifications, <strong>Alexander\u00a0Blockx<\/strong>, 20 ans, s\u2019est impos\u00e9 en trois manches 6-2, 3-6, 6-3, convertissant sa premi\u00e8re balle de match apr\u00e8s une heure et 52 minutes de jeu. L\u2019Anversois, ancien N.1 mondial chez les juniors, participe au 3e ATP Masters 1.000 de sa carri\u00e8re apr\u00e8s Miami en mars et Toronto en juillet. Au deuxi\u00e8me tour, un autre Am\u00e9ricain, Brandon Nakashima (ATP 32), attend Alexander Blockx. Il n\u2019a pas eu \u00e0 disputer de premier tour en tant que 27e t\u00eate de s\u00e9rie.<\/p>\n<p><strong>Zizou Bergs <\/strong>(ATP 54) s\u2019est \u00e9galement qualifi\u00e9 pour le tour suivant en battant en deux sets le Britannique Jacob Fearnley (ATP 57). <strong>David Goffin <\/strong>(ATP 64) s\u2019est de son c\u00f4t\u00e9 inclin\u00e9 en deux manches contre l\u2019Argentin Sebastian Baez (ATP 43).<\/p>\n","protected":false},"excerpt":{"rendered":"Sorti des qualifications, Alexander\u00a0Blockx, 20 ans, s\u2019est impos\u00e9 en trois manches 6-2, 3-6, 6-3, convertissant sa premi\u00e8re balle&hellip;\n","protected":false},"author":2,"featured_media":306117,"comment_status":"","ping_status":"","sticky":false,"template":"","format":"standard","meta":{"footnotes":""},"categories":[1415],"tags":[1011,27,60,1467],"class_list":{"0":"post-306116","1":"post","2":"type-post","3":"status-publish","4":"format-standard","5":"has-post-thumbnail","7":"category-tennis","8":"tag-fr","9":"tag-france","10":"tag-sports","11":"tag-tennis"},"share_on_mastodon":{"url":"https:\/\/pubeurope.com\/@fr\/114995673435786685","error":""},"_links":{"self":[{"href":"https:\/\/www.europesays.com\/fr\/wp-json\/wp\/v2\/posts\/306116","targetHints":{"allow":["GET"]}}],"collection":[{"href":"https:\/\/www.europesays.com\/fr\/wp-json\/wp\/v2\/posts"}],"about":[{"href":"https:\/\/www.europesays.com\/fr\/wp-json\/wp\/v2\/types\/post"}],"author":[{"embeddable":true,"href":"https:\/\/www.europesays.com\/fr\/wp-json\/wp\/v2\/users\/2"}],"replies":[{"embeddable":true,"href":"https:\/\/www.europesays.com\/fr\/wp-json\/wp\/v2\/comments?post=306116"}],"version-history":[{"count":0,"href":"https:\/\/www.europesays.com\/fr\/wp-json\/wp\/v2\/posts\/306116\/revisions"}],"wp:featuredmedia":[{"embeddable":true,"href":"https:\/\/www.europesays.com\/fr\/wp-json\/wp\/v2\/media\/306117"}],"wp:attachment":[{"href":"https:\/\/www.europesays.com\/fr\/wp-json\/wp\/v2\/media?parent=306116"}],"wp:term":[{"taxonomy":"category","embeddable":true,"href":"https:\/\/www.europesays.com\/fr\/wp-json\/wp\/v2\/categories?post=306116"},{"taxonomy":"post_tag","embeddable":true,"href":"https:\/\/www.europesays.com\/fr\/wp-json\/wp\/v2\/tags?post=306116"}],"curies":[{"name":"wp","href":"https:\/\/api.w.org\/{rel}","templated":true}]}}