{"id":306118,"date":"2025-08-08T23:11:15","date_gmt":"2025-08-08T23:11:15","guid":{"rendered":"https:\/\/www.europesays.com\/fr\/306118\/"},"modified":"2025-08-08T23:11:15","modified_gmt":"2025-08-08T23:11:15","slug":"nouvel-appel-a-projets-pour-allier-basket-ball-et-impact-societal","status":"publish","type":"post","link":"https:\/\/www.europesays.com\/fr\/306118\/","title":{"rendered":"nouvel appel \u00e0 projets pour allier basket-ball et impact soci\u00e9tal"},"content":{"rendered":"<p><strong>Un m\u00e9moire, une th\u00e8se, un travail de recherche ? La FFBB vous tend la main. Avec la troisi\u00e8me \u00e9dition de son appel \u00e0 projets Responsabilit\u00e9 Soci\u00e9tale des Organisations, la F\u00e9d\u00e9ration encourage celles et ceux qui pensent le sport autrement. \u00c9cologie, \u00e9galit\u00e9, citoyennet\u00e9\u2026 Place aux projets qui font du basket un vrai levier d\u2019impact.<\/strong><\/p>\n<p>Pour la troisi\u00e8me ann\u00e9e cons\u00e9cutive, la F\u00e9d\u00e9ration Fran\u00e7aise de BasketBall (FFBB) lance son appel \u00e0 projets d\u00e9di\u00e9 \u00e0 la Responsabilit\u00e9 Soci\u00e9tale des Organisations (RSO). Objectif : soutenir et encourager des actions innovantes qui font progresser \u00e0 la fois le basketball et son r\u00f4le social. Un appel \u00e0 penser le sport autrement, \u00e0 l\u2019\u00e9chelle des territoires comme de la recherche.<\/p>\n<p><strong>Qu\u2019est-ce que cet appel \u00e0 projets ?<\/strong><\/p>\n<p>Les Troph\u00e9es de la Recherche RSO, c\u2019est l\u2019occasion de mettre en lumi\u00e8re des travaux porteurs de sens. L\u2019initiative s\u2019adresse \u00e0 toute personne ayant soutenu un m\u00e9moire de niveau Bac+3 \u00e0 Bac+5 ou une th\u00e8se portant sur des th\u00e9matiques comme l\u2019\u00e9cologie, l\u2019inclusion, la citoyennet\u00e9, l\u2019\u00e9galit\u00e9 ou la pr\u00e9vention.<\/p>\n<p>L\u2019id\u00e9e est simple : tendre un pont entre recherche acad\u00e9mique et pratique sportive, et faire \u00e9merger des solutions applicables sur le terrain pour faire avancer le sport et la soci\u00e9t\u00e9.<\/p>\n<p align=\"JUSTIFY\"><a href=\"https:\/\/www.sportmag.fr\/abonnement\/\" target=\"_blank\" rel=\"noopener\"><img loading=\"lazy\" decoding=\"async\" class=\"size-medium wp-image-162612 alignleft entered lazyloaded\" src=\"https:\/\/www.europesays.com\/fr\/wp-content\/uploads\/2025\/07\/PUB-MAG-JUILLET-AOUT-212x300.jpg\"   alt=\"\" width=\"212\" height=\"300\" data-lazy- data-lazy- data-pin-no-hover=\"true\" data-lazy-src=\"https:\/\/www.europesays.com\/fr\/wp-content\/uploads\/2025\/07\/PUB-MAG-JUILLET-AOUT-212x300.jpg\" data-ll-status=\"loaded\"\/><\/a><\/p>\n<p><strong>Retour sur les deux \u00e9ditions pr\u00e9c\u00e9dentes<\/strong><\/p>\n<p>2025 : Lors des Journ\u00e9es de la RSO en avril 2025, deux projets ont \u00e9t\u00e9 r\u00e9compens\u00e9s. Le premier, r\u00e9alis\u00e9 par des \u00e9tudiants du Master 2 Management du Sport de l\u2019ESC Clermont Business School, portait sur la valeur per\u00e7ue des actions citoyennes par les sponsors. Le second, sign\u00e9 Zo\u00e9 Romain, proposait une analyse concr\u00e8te de la transition \u00e9cologique appliqu\u00e9e au basket.<\/p>\n<p>2024 : Un an plus t\u00f4t, c\u2019est Audrey Amato qui avait \u00e9t\u00e9 distingu\u00e9e pour une recherche men\u00e9e \u00e0 Clermont-Ferrand autour des actions \u00e9ducatives des associations sportives dans les quartiers populaires. Son \u00e9tude, en lien avec le club ALFA Saint-Jacques, interrogeait la port\u00e9e r\u00e9elle de ces projets sur le terrain. R\u00e9sultat : une reconnaissance claire des b\u00e9n\u00e9fices par les habitants, mais aussi un besoin criant de renforcer les moyens et les structures existantes.<\/p>\n<p><strong>Comment participer ?<\/strong><\/p>\n<p>L\u2019appel \u00e0 projets est ouvert \u00e0 toute personne ayant soutenu un travail de recherche valid\u00e9, y compris lors des ann\u00e9es pr\u00e9c\u00e9dentes, \u00e0 condition qu\u2019il soit en lien direct avec le basket-ball et qu\u2019il s\u2019inscrive dans une logique RSO.<br \/>Attention : le projet doit bien s\u2019inscrire dans les th\u00e9matiques cibl\u00e9es et pr\u00eats \u00e0 \u00eatre d\u00e9ploy\u00e9s sur le terrain.<\/p>\n<p>Date limite de candidature : 15 octobre 2025<br \/>Dossier \u00e0 fournir : travail de recherche (PDF) + formulaire de candidature<br \/>Envoi par mail : citoyenne@ffbb.com<\/p>\n<p>Les travaux re\u00e7us seront \u00e9valu\u00e9s par un jury compos\u00e9 de membres de la Commission F\u00e9d\u00e9rale Responsabilit\u00e9 Soci\u00e9tale et d\u2019expert(e)(s) invit\u00e9(e)(s), selon trois crit\u00e8res principaux :<\/p>\n<ul>\n<li>La qualit\u00e9 de la d\u00e9marche scientifique<\/li>\n<li>La pertinence du sujet pour la FFBB<\/li>\n<li>La port\u00e9e des propositions concr\u00e8tes<\/li>\n<\/ul>\n<p><strong>Ce que re\u00e7oivent les laur\u00e9ats<\/strong><\/p>\n<ul>\n<li>Un prix officiel<\/li>\n<li>Une invitation \u00e0 un \u00e9v\u00e9nement f\u00e9d\u00e9ral<\/li>\n<li>Un courrier de reconnaissance sign\u00e9 par la F\u00e9d\u00e9ration<\/li>\n<li>Une valorisation sur les supports de communication f\u00e9d\u00e9raux<\/li>\n<\/ul>\n<p>La FFBB poursuit ainsi sa d\u00e9marche d\u2019innovation soci\u00e9tale, convaincue que le sport peut \u00eatre un levier d\u2019engagement, de r\u00e9flexion et de transformation. Aux c\u00f4t\u00e9s des clubs, des chercheur(euse)s et des territoires, le basketball continue de tracer son propre chemin\u2026 vers un impact durable.<\/p>\n<p>Pour plus d\u2019informations, rendez-vous sur le site officiel de la FFBB (ffbb.com).<\/p>\n","protected":false},"excerpt":{"rendered":"Un m\u00e9moire, une th\u00e8se, un travail de recherche ? La FFBB vous tend la main. Avec la troisi\u00e8me&hellip;\n","protected":false},"author":2,"featured_media":306119,"comment_status":"","ping_status":"","sticky":false,"template":"","format":"standard","meta":{"footnotes":""},"categories":[1414],"tags":[1465,1464,1011,27,60],"class_list":{"0":"post-306118","1":"post","2":"type-post","3":"status-publish","4":"format-standard","5":"has-post-thumbnail","7":"category-basket","8":"tag-basket","9":"tag-basketball","10":"tag-fr","11":"tag-france","12":"tag-sports"},"share_on_mastodon":{"url":"https:\/\/pubeurope.com\/@fr\/114995677454857118","error":""},"_links":{"self":[{"href":"https:\/\/www.europesays.com\/fr\/wp-json\/wp\/v2\/posts\/306118","targetHints":{"allow":["GET"]}}],"collection":[{"href":"https:\/\/www.europesays.com\/fr\/wp-json\/wp\/v2\/posts"}],"about":[{"href":"https:\/\/www.europesays.com\/fr\/wp-json\/wp\/v2\/types\/post"}],"author":[{"embeddable":true,"href":"https:\/\/www.europesays.com\/fr\/wp-json\/wp\/v2\/users\/2"}],"replies":[{"embeddable":true,"href":"https:\/\/www.europesays.com\/fr\/wp-json\/wp\/v2\/comments?post=306118"}],"version-history":[{"count":0,"href":"https:\/\/www.europesays.com\/fr\/wp-json\/wp\/v2\/posts\/306118\/revisions"}],"wp:featuredmedia":[{"embeddable":true,"href":"https:\/\/www.europesays.com\/fr\/wp-json\/wp\/v2\/media\/306119"}],"wp:attachment":[{"href":"https:\/\/www.europesays.com\/fr\/wp-json\/wp\/v2\/media?parent=306118"}],"wp:term":[{"taxonomy":"category","embeddable":true,"href":"https:\/\/www.europesays.com\/fr\/wp-json\/wp\/v2\/categories?post=306118"},{"taxonomy":"post_tag","embeddable":true,"href":"https:\/\/www.europesays.com\/fr\/wp-json\/wp\/v2\/tags?post=306118"}],"curies":[{"name":"wp","href":"https:\/\/api.w.org\/{rel}","templated":true}]}}