{"id":306120,"date":"2025-08-08T23:12:24","date_gmt":"2025-08-08T23:12:24","guid":{"rendered":"https:\/\/www.europesays.com\/fr\/306120\/"},"modified":"2025-08-08T23:12:24","modified_gmt":"2025-08-08T23:12:24","slug":"des-changements-de-reglement-a-venir-des-le-grand-prix-de-france-pour-le-motogp","status":"publish","type":"post","link":"https:\/\/www.europesays.com\/fr\/306120\/","title":{"rendered":"Des changements de r\u00e8glement \u00e0 venir d\u00e8s le Grand Prix de France pour le MotoGP"},"content":{"rendered":"<p xmlns=\"\" class=\"article_paragraphe\">Le monde des <strong class=\"article_bold\">Grand Prix moto<\/strong> est en perp\u00e9tuelle \u00e9volution.<\/p>\n<p xmlns=\"\" class=\"article_paragraphe\">\u00c0 l&rsquo;occasion du <a class=\"article_lien\" onclick=\"return xt_click(this, &#039;C&#039;,xtn2,id_context+&#039;::&#039;+id_page+&#039;::CoeurArticle_Lien_XTC&#039;, &#039;N&#039;);\" href=\"https:\/\/www.caradisiac.com\/theme-moto--gp-france-2\/\" rel=\"nofollow noopener\" target=\"_blank\">Grand Prix de France MotoGP<\/a> qui se tiendra le week-end prochain sur la piste du circuit Bugatti du Mans, les pilotes d\u00e9couvriront de nouveaux points d&rsquo;un r\u00e8glement r\u00e9cemment mis \u00e0 jour par les organisateurs.<\/p>\n<p xmlns=\"\" class=\"article_paragraphe\">Faisant directement suite aux \u00e9v\u00e9nements connus lors du d\u00e9part de l&rsquo;\u00e9preuve am\u00e9ricaine avec des pilotes loin de rencontrer un \u00e9tat d&rsquo;ataraxie complet au moment d&rsquo;enfourcher leur monture et de participer \u00e0 la course, certains courant comme des poulets sans t\u00eate pour modifier leur choix de pneumatiques et m\u00eame de moto, <strong class=\"article_bold\">la direction de course a d\u00e9cid\u00e9 d&rsquo;agir<\/strong>.<\/p>\n<p><strong class=\"article_bold\">La proc\u00e9dure de d\u00e9part \u00e9volue<\/strong><\/p>\n<p xmlns=\"\" class=\"article_paragraphe\">Le r\u00e8glement concernant la proc\u00e9dure de d\u00e9part stipule ainsi d\u00e9sormais que <strong class=\"article_bold\">les pilotes n&rsquo;ont plus la possibilit\u00e9 de quitter la grille de d\u00e9part pour des raisons techniques ou strat\u00e9giques<\/strong>. Un point de r\u00e8glement <strong class=\"article_bold\"><a class=\"article_lien\" onclick=\"return xt_click(this, &#039;C&#039;,xtn2,id_context+&#039;::&#039;+id_page+&#039;::CoeurArticle_Lien_XTC&#039;, &#039;N&#039;);\" href=\"https:\/\/www.caradisiac.com\/un-nouveau-record-pour-le-grand-prix-de-france-moto-208749.htm\" rel=\"nofollow noopener\" target=\"_blank\">appliqu\u00e9 d\u00e8s le Grand Prix de France<\/a><\/strong> qui se tient ce week-end dans la Sarthe\u00a0: \u00ab\u00a0Il y aura d\u00e9sormais une p\u00e9nalit\u00e9 pour les pilotes quittant ou ne rejoignant pas la grille. [&#8230;] Il est impossible de d\u00e9terminer si un pilote quitte la grille suite \u00e0 un probl\u00e8me technique av\u00e9r\u00e9 ou \u00e0 un changement de r\u00e9glage de la moto ou des pneus. Par cons\u00e9quent, la p\u00e9nalit\u00e9 doit \u00eatre la m\u00eame dans les deux cas.\u00a0\u00bb<\/p>\n<p xmlns=\"\" class=\"article_paragraphe\">La sanction sera m\u00eame imm\u00e9diate puisqu&rsquo;en cas de violation de ce point, le pilote concern\u00e9 devra tout simplement prendre le d\u00e9part de la course depuis la pit-lane, ou effectuer deux long laps de p\u00e9nalit\u00e9 en cas de d\u00e9part depuis leur position initiale.<\/p>\n<p><strong class=\"article_bold\">Les pilotes bless\u00e9s pourront maintenant se tester avant un retour \u00e0 la comp\u00e9tition<\/strong><\/p>\n<p xmlns=\"\" class=\"article_paragraphe\">Un autre point de r\u00e8glement \u00e9volue, et laisse d\u00e9sormais la possibilit\u00e9 aux pilotes revenant de blessure de <strong class=\"article_bold\">r\u00e9aliser des tests avec une MotoGP avant leur retour en course<\/strong>\u00a0: \u00ab\u00a0D\u00e8s \u00e0 pr\u00e9sent, les pilotes MotoGP qui ont \u00e9t\u00e9 bless\u00e9s et ont manqu\u00e9 plusieurs \u00e9preuves auront <strong class=\"article_bold\">la possibilit\u00e9 d&rsquo;effectuer un test avec une machine MotoGP <\/strong>afin de faciliter leur pr\u00e9paration physique en vue de leur retour \u00e0 la comp\u00e9tition.\u00a0Pour b\u00e9n\u00e9ficier de ce test, <strong class=\"article_bold\">un pilote doit avoir manqu\u00e9 au moins trois Grands Prix cons\u00e9cutifs<\/strong> ou <strong class=\"article_bold\">ne pas avoir \u00e9t\u00e9 en mesure de participer \u00e0 des \u00e9v\u00e9nements pendant au moins 45 jours d&rsquo;affil\u00e9e<\/strong> au cours de la saison.\u00a0\u00bb<\/p>\n<p xmlns=\"\" class=\"article_paragraphe\">La direction pr\u00e9cise \u00e9galement\u00a0: \u00ab\u00a0ce test d&rsquo;une journ\u00e9e doit \u00eatre <strong class=\"article_bold\">effectu\u00e9 sur un circuit o\u00f9 le constructeur est autoris\u00e9 \u00e0 effectuer des tests <\/strong>conform\u00e9ment \u00e0 ses r\u00e8gles de concession et\/ou au choix du circuit de test (le cas \u00e9ch\u00e9ant), ou sur tout circuit o\u00f9 aucun autre Grand Prix MotoGP n&rsquo;est pr\u00e9vu \u00e0 la suite du test au cours de la m\u00eame saison\u00a0\u00bb.<\/p>\n<p xmlns=\"\" class=\"article_paragraphe\">Un nouveau point de r\u00e8glement que l&rsquo;on peut saluer afin de <strong class=\"article_bold\">r\u00e9tablir une certaine \u00e9quit\u00e9 pour les pilotes bless\u00e9s <\/strong>qui pourront se tester avant de reprendre le guidon de leur moto apr\u00e8s une longue absence. Actuellement bless\u00e9, le champion du monde MotoGP en titre, Jorge Martin, pourrait \u00eatre le premier pilote \u00e0 en b\u00e9n\u00e9ficier.<\/p>\n","protected":false},"excerpt":{"rendered":"Le monde des Grand Prix moto est en perp\u00e9tuelle \u00e9volution. \u00c0 l&rsquo;occasion du Grand Prix de France MotoGP&hellip;\n","protected":false},"author":2,"featured_media":306121,"comment_status":"","ping_status":"","sticky":false,"template":"","format":"standard","meta":{"footnotes":""},"categories":[1413],"tags":[1011,27,1457,1456,60],"class_list":{"0":"post-306120","1":"post","2":"type-post","3":"status-publish","4":"format-standard","5":"has-post-thumbnail","7":"category-moto","8":"tag-fr","9":"tag-france","10":"tag-moto","11":"tag-motocycle","12":"tag-sports"},"share_on_mastodon":{"url":"https:\/\/pubeurope.com\/@fr\/114995681232956097","error":""},"_links":{"self":[{"href":"https:\/\/www.europesays.com\/fr\/wp-json\/wp\/v2\/posts\/306120","targetHints":{"allow":["GET"]}}],"collection":[{"href":"https:\/\/www.europesays.com\/fr\/wp-json\/wp\/v2\/posts"}],"about":[{"href":"https:\/\/www.europesays.com\/fr\/wp-json\/wp\/v2\/types\/post"}],"author":[{"embeddable":true,"href":"https:\/\/www.europesays.com\/fr\/wp-json\/wp\/v2\/users\/2"}],"replies":[{"embeddable":true,"href":"https:\/\/www.europesays.com\/fr\/wp-json\/wp\/v2\/comments?post=306120"}],"version-history":[{"count":0,"href":"https:\/\/www.europesays.com\/fr\/wp-json\/wp\/v2\/posts\/306120\/revisions"}],"wp:featuredmedia":[{"embeddable":true,"href":"https:\/\/www.europesays.com\/fr\/wp-json\/wp\/v2\/media\/306121"}],"wp:attachment":[{"href":"https:\/\/www.europesays.com\/fr\/wp-json\/wp\/v2\/media?parent=306120"}],"wp:term":[{"taxonomy":"category","embeddable":true,"href":"https:\/\/www.europesays.com\/fr\/wp-json\/wp\/v2\/categories?post=306120"},{"taxonomy":"post_tag","embeddable":true,"href":"https:\/\/www.europesays.com\/fr\/wp-json\/wp\/v2\/tags?post=306120"}],"curies":[{"name":"wp","href":"https:\/\/api.w.org\/{rel}","templated":true}]}}