{"id":306131,"date":"2025-08-08T23:19:09","date_gmt":"2025-08-08T23:19:09","guid":{"rendered":"https:\/\/www.europesays.com\/fr\/306131\/"},"modified":"2025-08-08T23:19:09","modified_gmt":"2025-08-08T23:19:09","slug":"20-000-euros-de-perte-depuis-le-debut-de-lannee-3-ans-apres-cauchemar-en-cuisine-sur-m6-marie-laure-et-patrice-lancent-un-appel-au-secours-pour-sauver-leur-restaurant-le-guillec-a-plouzeve","status":"publish","type":"post","link":"https:\/\/www.europesays.com\/fr\/306131\/","title":{"rendered":"\u00ab\u00a020.000 euros de perte depuis le d\u00e9but de l&rsquo;ann\u00e9e\u00a0\u00bb : 3 ans apr\u00e8s \u00ab\u00a0Cauchemar en cuisine\u00a0\u00bb sur M6, Marie-Laure et Patrice lancent \u00ab\u00a0un appel au secours\u00a0\u00bb pour sauver leur restaurant, Le Guillec, \u00e0 Plouz\u00e9v\u00e9d\u00e9"},"content":{"rendered":"<p>La suite apr\u00e8s la publicit\u00e9<\/p>\n<p>La crise sanitaire du Covid-19 a plong\u00e9 des centaines de restaurants dans une situation intenable. Le restaurant du Guillec \u00e0 Plouz\u00e9v\u00e9d\u00e9 (Finist\u00e8re) a bien failli passer \u00e0 l&rsquo;as et comptait sur <a href=\"https:\/\/www.ozap.com\/personnalite\/philippe-etchebest_e189583\" rel=\"nofollow noopener\" target=\"_blank\">Philippe Etchebest<\/a> et <a href=\"https:\/\/www.ozap.com\/actu\/un-chiffre-daffaires-en-progression-de-4000-euros-5-mois-apres-le-tournage-de-cauchemar-en-cuisine-sur-m6-le-restaurant-de-steve-a-saint-vrain-sort-enfin-la-tete-de-leau\/650756\" rel=\"nofollow noopener\" target=\"_blank\">les \u00e9quipes de \u00ab\u00a0Cauchemar en cuisine\u00a0\u00bb<\/a> pour sauver Marie-Laure Cabioch, g\u00e9rante de l\u2019\u00e9tablissement avec son mari Patrice Cabioch, chef cuisinier salari\u00e9 depuis dix ans, de la banqueroute. Arm\u00e9 de <a href=\"https:\/\/www.ozap.com\/actu\/je-suis-decontenance-philippe-etchebest-setrangle-de-la-tenue-vestimentaire-dun-restaurateur-dans-cauchemar-en-cuisine\/650906\" rel=\"nofollow noopener\" target=\"_blank\">ses m\u00e9thodes cors\u00e9es<\/a> et de ses conseils pr\u00e9cieux, <a href=\"https:\/\/www.ozap.com\/actu\/on-savait-que-ca-allait-faire-causer-philippe-etchebest-revient-sur-le-partenariat-de-top-chef-avec-le-guide-michelin-pour-cette-edition-2025\/649219\" rel=\"nofollow noopener\" target=\"_blank\">la forte t\u00eate de \u00ab\u00a0Top Chef\u00a0\u00bb<\/a> s&rsquo;est rendu en Bretagne au mois de janvier 2022, et a pass\u00e9 une semaine sur place pour redresser la situation. L&rsquo;\u00e9pisode, retransmis pour la premi\u00e8re fois en mars de la m\u00eame ann\u00e9e, sera rediffus\u00e9 ce vendredi 8 ao\u00fbt 2025 \u00e0 22h50 sur M6, et verra le meilleur ouvrier de France pointer des failles dans l&rsquo;organisation de cette institution familiale.<\/p>\n<p>Un regain d&rsquo;activit\u00e9&#8230;puis la d\u00e9gringolade<\/p>\n<p>\u00ab\u00a0Les probl\u00e8mes venaient essentiellement de notre organisation. Nous avions repris, en 2015, le restaurant cr\u00e9\u00e9 en 1971 par ma m\u00e8re et ma grand-m\u00e8re. Il fallait que je prenne mon envol, en fait\u00a0\u00bb, rapportait, avec le recul, Marie-Laure Cabioch au m\u00e9dia \u00ab\u00a0Actu.fr\u00a0\u00bb. \u00ab\u00a0Il nous a d\u00e9livr\u00e9s de nombreux et bons conseils. Comme celui de savoir parfois refuser du monde pour bien accueillir les clients et les servir. Ou de fermer un jour dans la semaine\u00a0\u00bb, ajoutait la maman d&rsquo;un petit gar\u00e7on, ravie de cette \u00ab\u00a0belle rencontre avec une belle personne\u00a0\u00bb. \u00c0 la suite de cette exposition en prime-time (3,3 millions de t\u00e9l\u00e9spectateurs), le restaurant avait grimp\u00e9 jusqu\u2019\u00e0 100 couverts par service, et affichait complet pendant pr\u00e8s d\u2019un an et demi.<\/p>\n<p>Mais le vent nouveau insuffl\u00e9 par l&rsquo;\u00e9mission s&rsquo;est estomp\u00e9. L&rsquo;affluence a baiss\u00e9, une quarantaine de clients en moyenne, et le chiffre d&rsquo;affaires de 2024 est loin de celui des 50.000 euros par mois enregistr\u00e9 juste apr\u00e8s le passage de Philippe Etchebest. \u00ab\u00a0On est d\u00e9j\u00e0 au moins \u00e0 20.000 euros de perte depuis le d\u00e9but de l&rsquo;ann\u00e9e 2025\u00a0\u00bb, soupire aujourd&rsquo;hui la patronne d\u00e9sesp\u00e9r\u00e9e dans les pages du \u00ab\u00a0T\u00e9l\u00e9gramme\u00a0\u00bb. La situation est devenue tellement critique que la responsable du Guillec a d\u00fb r\u00e9duire de moiti\u00e9 son salaire ces cinq derniers mois pour subvenir aux difficult\u00e9s, et passer \u00ab\u00a0un appel au secours\u00a0\u00bb sur les r\u00e9seaux sociaux, le 1er ao\u00fbt dernier. \u00ab\u00a0Les gens sont persuad\u00e9s que depuis &lsquo;Cauchemar en cuisine&rsquo;, on roule sur l\u2019or\u2026 Mais pas du tout\u00a0\u00bb, d\u00e9plore-t-elle dans le quotidien.<\/p>\n<p>A lire aussi : <a href=\"https:\/\/www.ozap.com\/actu\/cauchemar-en-cuisine-sur-m6-que-devient-le-restaurant-de-laurence-et-martine-depuis-le-passage-de-philippe-etchebest-a-criquebeuf-sur-seine\/650920\" rel=\"nofollow noopener\" target=\"_blank\"><strong>\u00ab\u00a0Cauchemar en cuisine\u00a0\u00bb sur M6 : Que devient le restaurant de Laurence et Martine depuis le passage de Philippe Etchebest \u00e0 Criquebeuf-sur-Seine ?<\/strong><\/a><\/p>\n<p>\u00ab\u00a0On ne tiendra pas longtemps comme \u00e7a\u00a0\u00bb<\/p>\n<p>Sa bouteille \u00e0 la mer a n\u00e9anmoins \u00e9t\u00e9 ramass\u00e9e par des habitants du village finist\u00e9rien et du coin. \u00ab\u00a0On a eu de super belles r\u00e9actions, les gens ont \u00e9t\u00e9 tr\u00e8s bienveillants. Une dame de Morlaix va venir nous aider \u00e0 g\u00e9rer notre communication, d\u2019autres ont r\u00e9serv\u00e9 pour un bapt\u00eame cette semaine, d\u2019autres restaurateurs nous ont soutenu\u00a0\u00bb, se r\u00e9jouit Marie-Laure Cabioch, heureuse de pouvoir compter sur un afflux de r\u00e9servations et l&rsquo;aide d&rsquo;apprentis cuisiniers. Mais l&rsquo;\u00e9quilibre de son \u00e9tablissement tient \u00e0 un fil : \u00ab\u00a0M\u00eame si on a l\u2019envie de continuer, on ne tiendra pas longtemps comme \u00e7a\u00a0\u00bb.<\/p>\n","protected":false},"excerpt":{"rendered":"La suite apr\u00e8s la publicit\u00e9 La crise sanitaire du Covid-19 a plong\u00e9 des centaines de restaurants dans une&hellip;\n","protected":false},"author":2,"featured_media":306132,"comment_status":"","ping_status":"","sticky":false,"template":"","format":"standard","meta":{"footnotes":""},"categories":[1356],"tags":[58,59,1011,27,252,1364],"class_list":{"0":"post-306131","1":"post","2":"type-post","3":"status-publish","4":"format-standard","5":"has-post-thumbnail","7":"category-television","8":"tag-divertissement","9":"tag-entertainment","10":"tag-fr","11":"tag-france","12":"tag-television","13":"tag-tv"},"share_on_mastodon":{"url":"https:\/\/pubeurope.com\/@fr\/114995708865007807","error":""},"_links":{"self":[{"href":"https:\/\/www.europesays.com\/fr\/wp-json\/wp\/v2\/posts\/306131","targetHints":{"allow":["GET"]}}],"collection":[{"href":"https:\/\/www.europesays.com\/fr\/wp-json\/wp\/v2\/posts"}],"about":[{"href":"https:\/\/www.europesays.com\/fr\/wp-json\/wp\/v2\/types\/post"}],"author":[{"embeddable":true,"href":"https:\/\/www.europesays.com\/fr\/wp-json\/wp\/v2\/users\/2"}],"replies":[{"embeddable":true,"href":"https:\/\/www.europesays.com\/fr\/wp-json\/wp\/v2\/comments?post=306131"}],"version-history":[{"count":0,"href":"https:\/\/www.europesays.com\/fr\/wp-json\/wp\/v2\/posts\/306131\/revisions"}],"wp:featuredmedia":[{"embeddable":true,"href":"https:\/\/www.europesays.com\/fr\/wp-json\/wp\/v2\/media\/306132"}],"wp:attachment":[{"href":"https:\/\/www.europesays.com\/fr\/wp-json\/wp\/v2\/media?parent=306131"}],"wp:term":[{"taxonomy":"category","embeddable":true,"href":"https:\/\/www.europesays.com\/fr\/wp-json\/wp\/v2\/categories?post=306131"},{"taxonomy":"post_tag","embeddable":true,"href":"https:\/\/www.europesays.com\/fr\/wp-json\/wp\/v2\/tags?post=306131"}],"curies":[{"name":"wp","href":"https:\/\/api.w.org\/{rel}","templated":true}]}}