{"id":306144,"date":"2025-08-08T23:26:13","date_gmt":"2025-08-08T23:26:13","guid":{"rendered":"https:\/\/www.europesays.com\/fr\/306144\/"},"modified":"2025-08-08T23:26:13","modified_gmt":"2025-08-08T23:26:13","slug":"trump-met-un-pied-a-la-fed-en-nommant-gouverneur-un-de-ses-conseillers-08-08-2025-a-2039","status":"publish","type":"post","link":"https:\/\/www.europesays.com\/fr\/306144\/","title":{"rendered":"Trump met un pied \u00e0 la Fed en nommant gouverneur un de ses conseillers &#8211; 08\/08\/2025 \u00e0 20:39"},"content":{"rendered":"<p>        <img fetchpriority=\"high\" decoding=\"async\" src=\"https:\/\/www.europesays.com\/fr\/wp-content\/uploads\/2025\/08\/5f4be87868db5ae33817b4ce6bdc2150-760x570.jpg\" alt=\"Montage photo r\u00e9alis\u00e9 le 7 ao\u00fbt 2025 montrant le conseiller \u00e9conomique Stephen Miran \u00e0 Washington, le 30 avril 2025 (\u00e0 gauche), et le pr\u00e9sident am\u00e9ricain Donald Trump \u00e0 Washington, le 6 ao\u00fbt 2025 (\u00e0 droite) ( AFP \/ Brendan SMIALOWSKI )\" loading=\"eager\" width=\"760\" height=\"570\" style=\"max-width: 100%!important; height: auto;\"\/><\/p>\n<p class=\"c-image-news__legend\">Montage photo r\u00e9alis\u00e9 le 7 ao\u00fbt 2025 montrant le conseiller \u00e9conomique Stephen Miran \u00e0 Washington, le 30 avril 2025 (\u00e0 gauche), et le pr\u00e9sident am\u00e9ricain Donald Trump \u00e0 Washington, le 6 ao\u00fbt 2025 (\u00e0 droite) ( AFP \/ Brendan SMIALOWSKI )<\/p>\n<p>\n Le pr\u00e9sident am\u00e9ricain Donald Trump compte propulser son conseiller \u00e9conomique Stephen Miran \u00e0 un poste strat\u00e9gique au sein de la banque centrale des Etats-Unis (Fed), qu&rsquo;il veut voir baisser les taux d&rsquo;int\u00e9r\u00eat.\n<\/p>\n<p>\n La nomination de Stephen Miran, d\u00e9fenseur inlassable de la politique \u00e9conomique du pr\u00e9sident dans les m\u00e9dias, doit encore \u00eatre confirm\u00e9e par le S\u00e9nat \u00e0 majorit\u00e9 r\u00e9publicaine.\n<\/p>\n<p>\n Le chef de l&rsquo;Etat s&rsquo;\u00e9tait donn\u00e9 quelques jours pour d\u00e9cider du nom de la personne qui prendra la place de la gouverneure Adriana Kugler.\n<\/p>\n<p>\n Mme Kugler a annonc\u00e9 sa d\u00e9mission la semaine derni\u00e8re, alors que son mandat devait prendre fin quelques mois plus tard.\n<\/p>\n<p>\n Dans un message jeudi sur son r\u00e9seau Truth Social, Donald Trump a annonc\u00e9 que Stephen Miran, qui pr\u00e9side le Conseil \u00e9conomique de la Maison Blanche, occuperait le si\u00e8ge de Mme Kugler jusqu&rsquo;au terme du mandat, le 31 janvier 2026.\n<\/p>\n<p>\n \u00ab\u00a0Dans l&rsquo;intervalle, nous continuerons \u00e0 chercher un rempla\u00e7ant permanent\u00a0\u00bb, a-t-il pr\u00e9cis\u00e9.\n<\/p>\n<p>\n Le conseil des gouverneurs de la R\u00e9serve f\u00e9d\u00e9rale comprend sept membres, dont le pr\u00e9sident de la banque centrale, Jerome Powell. Tous si\u00e8gent au comit\u00e9 de politique mon\u00e9taire (FOMC) qui compte douze personnes votant sur les taux d&rsquo;int\u00e9r\u00eat am\u00e9ricains.\n<\/p>\n<p>\n Donald Trump, qui fait fi de l&rsquo;ind\u00e9pendance de la banque centrale, r\u00e9clame depuis son retour au pouvoir des baisses drastiques de ces taux qui guident le co\u00fbt du cr\u00e9dit et ont une forte influence sur les march\u00e9s financiers.\n<\/p>\n<p>\n \u00ab\u00a0Stephen est titulaire d&rsquo;un doctorat en \u00e9conomie de l&rsquo;universit\u00e9 Harvard et s&rsquo;est distingu\u00e9 pendant mon premier mandat. Il m&rsquo;accompagne depuis le d\u00e9but de mon deuxi\u00e8me mandat et son expertise dans le domaine de l&rsquo;\u00e9conomie est sans \u00e9gale. Il fera un travail remarquable\u00a0\u00bb, estime le pr\u00e9sident dans son message.\n<\/p>\n<p>\n Adriana Kugler \u00e9tait devenue gouverneure en 2023 sur proposition de l&rsquo;ex-pr\u00e9sident d\u00e9mocrate Joe Biden.\n<\/p>\n<p>\n Son d\u00e9part, dont elle n&rsquo;a pas d\u00e9voil\u00e9 les raisons, permet \u00e0 Donald Trump d&rsquo;acc\u00e9l\u00e9rer le changement de gouvernance au sommet de l&rsquo;institution.\n<\/p>\n<p> &#8211; \u00ab\u00a0Servir Trump ?\u00a0\u00bb &#8211;<\/p>\n<p>\n Une autre nomination est tr\u00e8s attendue: celle de la personne qui remplacera Jerome Powell, dont le mandat prend fin au printemps.\n<\/p>\n<p>\n Donald Trump a expliqu\u00e9 en d\u00e9but de semaine qu&rsquo;il avait quatre candidats pour ce poste.\n<\/p>\n<p>\n Le gouverneur Christopher Waller fait figure de favori, selon l&rsquo;agence Bloomberg jeudi. Il s&rsquo;est oppos\u00e9 au maintien des taux \u00e0 leur niveau actuel lors de la r\u00e9union de la Fed, fin juillet, plaidant au contraire pour une baisse, de crainte d&rsquo;une d\u00e9gradation rapide du march\u00e9 du travail.\n<\/p>\n<p>\n Les chiffres de l&#8217;emploi pour juillet, publi\u00e9s deux jours plus tard, ont montr\u00e9 que le march\u00e9 du travail allait plus mal qu&rsquo;attendu, donnant aux commentaires de M. Waller des airs de proph\u00e9tie.\n<\/p>\n<p>\n Jerome Powell, qui \u00e9tait devenu pr\u00e9sident de la Fed sur proposition de Donald Trump pendant son premier mandat, est d\u00e9sormais la b\u00eate noire du pr\u00e9sident am\u00e9ricain.\n<\/p>\n<p>\n Ce dernier a paru chercher un moyen de le limoger et lui a demand\u00e9 de d\u00e9missionner. Il a aussi fortement sugg\u00e9r\u00e9 aux autres banquiers centraux de le renverser.\n<\/p>\n<p>\n Selon les analystes, la volont\u00e9 de Donald Trump de peser sur les d\u00e9cisions de politique mon\u00e9taire va jeter le soup\u00e7on sur ceux qu&rsquo;ils nomment, au moment o\u00f9 l&rsquo;\u00e9conomie am\u00e9ricaine semble vaciller sous l&rsquo;effet de son offensive protectionniste.\n<\/p>\n<p>\n \u00ab\u00a0Stephen Miran est un fid\u00e8le partisan de Trump et l&rsquo;un des principaux architectes de (s)a politique commerciale chaotique (&#8230;) qui p\u00e8se sur le portefeuille des Am\u00e9ricains et notre \u00e9conomie\u00a0\u00bb, a r\u00e9agi dans un communiqu\u00e9 la s\u00e9natrice d\u00e9mocrate Elizabeth Warren.\n<\/p>\n<p>\n L&rsquo;opposante pr\u00e9vient qu&rsquo;elle essaiera de savoir, lors de l&rsquo;audition au S\u00e9nat, \u00ab\u00a0s&rsquo;il servira le peuple am\u00e9ricain en tant que voix ind\u00e9pendante au sein de la Fed ou s&rsquo;il se contentera de servir Donald Trump\u00a0\u00bb.<\/p>\n","protected":false},"excerpt":{"rendered":"Montage photo r\u00e9alis\u00e9 le 7 ao\u00fbt 2025 montrant le conseiller \u00e9conomique Stephen Miran \u00e0 Washington, le 30 avril&hellip;\n","protected":false},"author":2,"featured_media":306145,"comment_status":"","ping_status":"","sticky":false,"template":"","format":"standard","meta":{"footnotes":""},"categories":[6],"tags":[400,398,408,35,405,33,34,1011,27,403,402,399,404,401,406,407],"class_list":{"0":"post-306144","1":"post","2":"type-post","3":"status-publish","4":"format-standard","5":"has-post-thumbnail","7":"category-economie","8":"tag-action-cac-40","9":"tag-bourse-de-paris","10":"tag-boursorama","11":"tag-business","12":"tag-cotations","13":"tag-economie","14":"tag-economy","15":"tag-fr","16":"tag-france","17":"tag-indices-devises","18":"tag-investir","19":"tag-investissement","20":"tag-marche-boursier","21":"tag-sicav","22":"tag-trackers","23":"tag-warrants"},"share_on_mastodon":{"url":"https:\/\/pubeurope.com\/@fr\/114995736341576556","error":""},"_links":{"self":[{"href":"https:\/\/www.europesays.com\/fr\/wp-json\/wp\/v2\/posts\/306144","targetHints":{"allow":["GET"]}}],"collection":[{"href":"https:\/\/www.europesays.com\/fr\/wp-json\/wp\/v2\/posts"}],"about":[{"href":"https:\/\/www.europesays.com\/fr\/wp-json\/wp\/v2\/types\/post"}],"author":[{"embeddable":true,"href":"https:\/\/www.europesays.com\/fr\/wp-json\/wp\/v2\/users\/2"}],"replies":[{"embeddable":true,"href":"https:\/\/www.europesays.com\/fr\/wp-json\/wp\/v2\/comments?post=306144"}],"version-history":[{"count":0,"href":"https:\/\/www.europesays.com\/fr\/wp-json\/wp\/v2\/posts\/306144\/revisions"}],"wp:featuredmedia":[{"embeddable":true,"href":"https:\/\/www.europesays.com\/fr\/wp-json\/wp\/v2\/media\/306145"}],"wp:attachment":[{"href":"https:\/\/www.europesays.com\/fr\/wp-json\/wp\/v2\/media?parent=306144"}],"wp:term":[{"taxonomy":"category","embeddable":true,"href":"https:\/\/www.europesays.com\/fr\/wp-json\/wp\/v2\/categories?post=306144"},{"taxonomy":"post_tag","embeddable":true,"href":"https:\/\/www.europesays.com\/fr\/wp-json\/wp\/v2\/tags?post=306144"}],"curies":[{"name":"wp","href":"https:\/\/api.w.org\/{rel}","templated":true}]}}