{"id":306146,"date":"2025-08-08T23:27:10","date_gmt":"2025-08-08T23:27:10","guid":{"rendered":"https:\/\/www.europesays.com\/fr\/306146\/"},"modified":"2025-08-08T23:27:10","modified_gmt":"2025-08-08T23:27:10","slug":"une-paix-inimaginable-lazerbaidjan-et-larmenie-signent-un-accord-historique-apres-des-decennies-de-conflit","status":"publish","type":"post","link":"https:\/\/www.europesays.com\/fr\/306146\/","title":{"rendered":"Une paix inimaginable : l&rsquo;Azerba\u00efdjan et l&rsquo;Arm\u00e9nie signent un accord historique apr\u00e8s des d\u00e9cennies de conflit"},"content":{"rendered":"<p>          <img decoding=\"async\" class=\"c-ad__placeholder__logo\" src=\"https:\/\/static.euronews.com\/website\/images\/logos\/logo-euronews-stacked-outlined-72x72-grey-9.svg\" width=\"72\" height=\"72\" alt=\"\" loading=\"lazy\"\/><br \/>\n          PUBLICIT\u00c9<\/p>\n<p>Les dirigeants de l&rsquo;Arm\u00e9nie et de l&rsquo;Azerba\u00efdjan Nikol Pashinyan et Ilham Aliyev ont sign\u00e9 un accord de paix vendredi en pr\u00e9sence du pr\u00e9sident am\u00e9ricain Donald Trump \u00e0 Washington, apr\u00e8s pr\u00e8s de quatre d\u00e9cennies d&rsquo;un conflit sanglant au Karabakh.<\/p>\n<p>\u00ab\u00a0Nous \u00e9tablissons aujourd&rsquo;hui la paix dans le Caucase du Sud\u00a0\u00bb, a d\u00e9clar\u00e9 le pr\u00e9sident azerba\u00efdjanais Aliyev. \u00ab\u00a0Aujourd&rsquo;hui, nous \u00e9crivons une nouvelle grande histoire\u00a0\u00bb.<\/p>\n<p>Le premier ministre arm\u00e9nien, M. Pashinyan, a ajout\u00e9 que cet accord repr\u00e9sentait \u00ab\u00a0l&rsquo;ouverture d&rsquo;un chapitre de la paix\u00a0\u00bb. \u00ab\u00a0Nous jetons les bases d&rsquo;une histoire meilleure que celle que nous avons connue dans le pass\u00e9\u00a0\u00bb, a-t-il ajout\u00e9.<\/p>\n<p>\u00ab\u00a0Les pays d&rsquo;Arm\u00e9nie et d&rsquo;Azerba\u00efdjan s&rsquo;engagent \u00e0 mettre un terme d\u00e9finitif \u00e0 tous les combats\u00a0\u00bb, a d\u00e9clar\u00e9 M. Trump lors d&rsquo;une conf\u00e9rence de presse conjointe avec les deux dirigeants.<\/p>\n<p>\u00ab\u00a0Ils ont beaucoup souffert pendant tant d&rsquo;ann\u00e9es, beaucoup ont essay\u00e9 de trouver une solution, l&rsquo;Union europ\u00e9enne, les Russes, cela ne s&rsquo;est jamais produit\u00a0\u00bb, a-t-il ajout\u00e9. \u00ab\u00a0Mais avec cet accord, nous avons finalement r\u00e9ussi \u00e0 faire la paix.<\/p>\n<p>En septembre 2023, l&rsquo;Azerba\u00efdjan a repris le contr\u00f4le total de la r\u00e9gion du Karabakh apr\u00e8s une campagne militaire \u00e9clair et, au cours de l&rsquo;ann\u00e9e \u00e9coul\u00e9e, Bakou et Erevan ont progress\u00e9 dans la normalisation de leurs relations.<\/p>\n<p>Bien que la c\u00e9r\u00e9monie de signature de vendredi ait r\u00e9uni non seulement Pashinyan et Aliyev, mais aussi Trump, les anciens adversaires n&rsquo;ont r\u00e9ussi \u00e0 se r\u00e9concilier que lorsqu&rsquo;il n&rsquo;y avait plus de tierce partie impliqu\u00e9e, y compris Washington et Moscou. Mais contrairement \u00e0 la Russie, les \u00c9tats-Unis b\u00e9n\u00e9ficieront de l&rsquo;accord de paix.<\/p>\n<p><strong>La \u00ab\u00a0route Trump\u00a0\u00bb dans le Caucase du Sud<\/strong><\/p>\n<p>L&rsquo;Arm\u00e9nie et l&rsquo;Azerba\u00efdjan ont convenu de cr\u00e9er un important corridor de transit qui sera baptis\u00e9 \u00ab\u00a0Route Trump pour la paix et la prosp\u00e9rit\u00e9 internationales\u00a0\u00bb.<\/p>\n<p>Il reliera l&rsquo;Azerba\u00efdjan continental et sa r\u00e9gion du Nakhchivan, qui borde la Turquie, alli\u00e9e de Bakou, en passant par le territoire arm\u00e9nien.<\/p>\n<p>La porte-parole de la Maison Blanche, Anna Kelly, a d\u00e9clar\u00e9 que le nouveau corridor de transit \u00ab\u00a0permettra une connectivit\u00e9 sans entrave entre les deux pays tout en respectant la souverainet\u00e9 et l&rsquo;int\u00e9grit\u00e9 territoriale de l&rsquo;Arm\u00e9nie et de son peuple\u00a0\u00bb.<\/p>\n<p>L&rsquo;Azerba\u00efdjan et le Nakhitchevan sont s\u00e9par\u00e9s par une parcelle de 32 kilom\u00e8tres du territoire arm\u00e9nien.<\/p>\n<p>Pour Bakou, le corridor offre une liaison terrestre directe avec le Nakhitchevan, renforce les liens avec la Turquie et consolide les acquis de l&rsquo;apr\u00e8s-guerre gr\u00e2ce \u00e0 la diplomatie des infrastructures.<\/p>\n<p>Il renforce \u00e9galement la position de l&rsquo;Azerba\u00efdjan en tant que plaque tournante du transport et de la logistique \u00e0 l&rsquo;\u00e9chelle mondiale. Au d\u00e9part, l&rsquo;Azerba\u00efdjan ne voulait pas qu&rsquo;une tierce partie soit impliqu\u00e9e et pr\u00e9f\u00e9rait que le projet soit contr\u00f4l\u00e9 par Bakou, sans l&rsquo;intervention des \u00c9tats-Unis, de l&rsquo;Europe ou de la Russie.<\/p>\n<p>Pour Erevan, la voie de transport est l&rsquo;occasion de s&rsquo;int\u00e9grer davantage dans des r\u00e9seaux commerciaux plus vastes, de diversifier son \u00e9conomie malmen\u00e9e et d&rsquo;attirer les investissements \u00e9trangers. D&rsquo;un point de vue g\u00e9opolitique, elle aiderait \u00e9galement l&rsquo;Arm\u00e9nie \u00e0 normaliser ses relations avec ses voisins.<\/p>\n<p>Erevan craignait qu&rsquo;elle ne menace la souverainet\u00e9 arm\u00e9nienne et souhaitait qu&rsquo;elle reste sous le contr\u00f4le de l&rsquo;Arm\u00e9nie.<\/p>\n<p>La nouvelle route Trump sera exploit\u00e9e conform\u00e9ment \u00e0 la l\u00e9gislation arm\u00e9nienne, et les \u00c9tats-Unis sous-loueront le terrain \u00e0 un consortium pour l&rsquo;infrastructure et la gestion, ont d\u00e9clar\u00e9 les responsables.<\/p>\n<p>M. Trump a donn\u00e9 un avant-go\u00fbt du projet de vendredi dans un message publi\u00e9 jeudi soir sur les r\u00e9seaux sociaux, d\u00e9clarant que les deux dirigeants signeraient des accords \u00e9conomiques avec les \u00c9tats-Unis qui \u00ab\u00a0lib\u00e9reraient pleinement le potentiel de la r\u00e9gion du Caucase du Sud\u00a0\u00bb.<\/p>\n<p>\u00ab\u00a0De nombreux dirigeants ont essay\u00e9 de mettre fin \u00e0 la guerre, sans succ\u00e8s, jusqu&rsquo;\u00e0 aujourd&rsquo;hui, gr\u00e2ce \u00e0 Trump\u00a0\u00bb, a d\u00e9clar\u00e9 le pr\u00e9sident am\u00e9ricain sur son site Truth Social.<\/p>\n<p><strong>Anciens alli\u00e9s<\/strong><\/p>\n<p>La signature de l&rsquo;accord de paix \u00e0 Washington aux c\u00f4t\u00e9s du pr\u00e9sident am\u00e9ricain envoie un signal fort \u00e0 Moscou concernant l&rsquo;engagement des deux pays \u00e0 trouver une solution entre eux, mais r\u00e9oriente \u00e9galement leur politique \u00e9trang\u00e8re vers l&rsquo;Occident.<\/p>\n<p>Moscou a tent\u00e9 de r\u00e9parer la coop\u00e9ration avec Bakou et Erevan, en proposant une \u00ab\u00a0m\u00e9diation\u00a0\u00bb et en lan\u00e7ant des campagnes de d\u00e9sinformation contre Erevan.<\/p>\n<p>Ces derniers jours, les m\u00e9dias contr\u00f4l\u00e9s par l&rsquo;\u00c9tat russe ont \u00e9mis des critiques massives et de nombreuses attaques contre Nikol Pashinyan, l&rsquo;accusant d&rsquo;avoir \u00ab\u00a0\u00e9chang\u00e9\u00a0\u00bb la souverainet\u00e9 arm\u00e9nienne contre des gains financiers personnels et le qualifiant m\u00eame de \u00ab\u00a0marionnette\u00a0\u00bb.<\/p>\n<p>Auparavant, Moscou avait \u00e9galement lanc\u00e9 des campagnes de d\u00e9sinformation contre Erevan avec de fausses all\u00e9gations concernant \u00ab\u00a0une installation d&rsquo;armes biologiques en Arm\u00e9nie orchestr\u00e9e par les Am\u00e9ricains\u00a0\u00bb.<\/p>\n<p>Moscou avait \u00e0 plusieurs reprises fait des d\u00e9clarations similaires concernant des installations d&rsquo;armes biologiques am\u00e9ricaines en Ukraine avant l&rsquo;invasion \u00e0 grande \u00e9chelle. La Russie a \u00e9galement fait de fausses all\u00e9gations similaires sur la G\u00e9orgie dans le pass\u00e9.<\/p>\n<p>Les tentatives de la Russie de r\u00e9parer ses liens avec Bakou ont \u00e9t\u00e9 enti\u00e8rement an\u00e9anties lorsqu&rsquo;un avion de ligne azerba\u00efdjanais s&rsquo;est \u00e9cras\u00e9 au Kazakhstan en d\u00e9cembre, tuant 38 des 67 personnes qui se trouvaient \u00e0 bord.<\/p>\n<p><a href=\"https:\/\/fr.euronews.com\/2024\/12\/26\/exclusif-lenquete-preliminaire-confirme-quun-missile-russe-est-a-lorigine-du-crash-dazerba\" target=\"_blank\" rel=\"noopener\">Comme le rapporte en exclusivit\u00e9 Euronews, l&rsquo;enqu\u00eate<\/a> sur l&rsquo;incident a r\u00e9v\u00e9l\u00e9 que le vol 8243 d&rsquo;Azerbaijan Airlines avait \u00e9t\u00e9 pris pour cible par la d\u00e9fense a\u00e9rienne russe au-dessus de Grozny, en Russie, et rendu incontr\u00f4lable par la guerre \u00e9lectronique.<\/p>\n<p>Le pr\u00e9sident azerba\u00efdjanais Aliyev a r\u00e9cemment annonc\u00e9 que son pays s&rsquo;appr\u00eatait \u00e0 porter plainte contre la Russie devant les tribunaux internationaux au sujet de l&rsquo;accident de l&rsquo;avion de la compagnie Azerbaijan Airlines.<\/p>\n<p>Faisant r\u00e9f\u00e9rence \u00e0 l&rsquo;enqu\u00eate sur l&rsquo;affaire du Boeing de la compagnie a\u00e9rienne malaisienne, abattu par des militants russes au-dessus de la r\u00e9gion de Donetsk, occup\u00e9e par la Russie, en Ukraine, M. Aliyev a d\u00e9clar\u00e9 que Bakou \u00e9tait pr\u00eat \u00e0 attendre aussi longtemps qu&rsquo;il le faudrait.<\/p>\n<p>\u00ab\u00a0Nous sommes pr\u00eats \u00e0 attendre dix ans, mais la justice doit l&#8217;emporter. Et malheureusement, la situation, qui est actuellement dans les limbes, ne contribue pas au d\u00e9veloppement des relations bilat\u00e9rales entre la Russie et l&rsquo;Azerba\u00efdjan\u00a0\u00bb, a-t-il expliqu\u00e9.<\/p>\n<p>Le mois dernier, l&rsquo;Azerba\u00efdjan et la Russie se sont livr\u00e9s \u00e0 une nouvelle escalade. <a href=\"https:\/\/www.euronews.com\/2025\/07\/01\/azerbaijan-jails-sputnik-executives-amid-escalating-tensions-with-russia\" target=\"_blank\" rel=\"noopener\">Bakou a arr\u00eat\u00e9 le directeur ex\u00e9cutif et le r\u00e9dacteur en chef de l&rsquo;agence de presse publique russe<\/a> Sputnik \u00e0 la suite des raids men\u00e9s par Moscou dans la communaut\u00e9 az\u00e9rie d&rsquo;Ekaterinbourg.<\/p>\n<p>Deux personnes sont mortes au cours de l&rsquo;op\u00e9ration men\u00e9e par le service f\u00e9d\u00e9ral de s\u00e9curit\u00e9 russe (FSB), et 50 autres ont \u00e9t\u00e9 arr\u00eat\u00e9es.<\/p>\n","protected":false},"excerpt":{"rendered":"PUBLICIT\u00c9 Les dirigeants de l&rsquo;Arm\u00e9nie et de l&rsquo;Azerba\u00efdjan Nikol Pashinyan et Ilham Aliyev ont sign\u00e9 un accord de&hellip;\n","protected":false},"author":2,"featured_media":306147,"comment_status":"","ping_status":"","sticky":false,"template":"","format":"standard","meta":{"footnotes":""},"categories":[5],"tags":[11,5950,15149,75,1011,27,14,12,28],"class_list":{"0":"post-306146","1":"post","2":"type-post","3":"status-publish","4":"format-standard","5":"has-post-thumbnail","7":"category-international","8":"tag-actualites","9":"tag-armenie","10":"tag-azerbaidjan","11":"tag-donald-trump","12":"tag-fr","13":"tag-france","14":"tag-international","15":"tag-news","16":"tag-world"},"share_on_mastodon":{"url":"https:\/\/pubeurope.com\/@fr\/114995740335166254","error":""},"_links":{"self":[{"href":"https:\/\/www.europesays.com\/fr\/wp-json\/wp\/v2\/posts\/306146","targetHints":{"allow":["GET"]}}],"collection":[{"href":"https:\/\/www.europesays.com\/fr\/wp-json\/wp\/v2\/posts"}],"about":[{"href":"https:\/\/www.europesays.com\/fr\/wp-json\/wp\/v2\/types\/post"}],"author":[{"embeddable":true,"href":"https:\/\/www.europesays.com\/fr\/wp-json\/wp\/v2\/users\/2"}],"replies":[{"embeddable":true,"href":"https:\/\/www.europesays.com\/fr\/wp-json\/wp\/v2\/comments?post=306146"}],"version-history":[{"count":0,"href":"https:\/\/www.europesays.com\/fr\/wp-json\/wp\/v2\/posts\/306146\/revisions"}],"wp:featuredmedia":[{"embeddable":true,"href":"https:\/\/www.europesays.com\/fr\/wp-json\/wp\/v2\/media\/306147"}],"wp:attachment":[{"href":"https:\/\/www.europesays.com\/fr\/wp-json\/wp\/v2\/media?parent=306146"}],"wp:term":[{"taxonomy":"category","embeddable":true,"href":"https:\/\/www.europesays.com\/fr\/wp-json\/wp\/v2\/categories?post=306146"},{"taxonomy":"post_tag","embeddable":true,"href":"https:\/\/www.europesays.com\/fr\/wp-json\/wp\/v2\/tags?post=306146"}],"curies":[{"name":"wp","href":"https:\/\/api.w.org\/{rel}","templated":true}]}}