{"id":306150,"date":"2025-08-08T23:29:16","date_gmt":"2025-08-08T23:29:16","guid":{"rendered":"https:\/\/www.europesays.com\/fr\/306150\/"},"modified":"2025-08-08T23:29:16","modified_gmt":"2025-08-08T23:29:16","slug":"le-resume-de-la-defaite-des-monegasques-pour-leur-dernier-match-de-presaison","status":"publish","type":"post","link":"https:\/\/www.europesays.com\/fr\/306150\/","title":{"rendered":"le r\u00e9sum\u00e9 de la d\u00e9faite des Mon\u00e9gasques pour leur dernier match de pr\u00e9saison"},"content":{"rendered":"<p>Les joueurs d\u2019Adi H\u00fctter affrontaient les vice-champions d\u2019Europe de l\u2019Inter ce vendredi, \u00e0 Louis II, pour le compte de leur dernier match de pr\u00e9saison.<\/p>\n<p>\n        22:09\n            <\/p>\n<p class=\"fig-live-post__title\" role=\"heading\" aria-level=\"3\">Bonne soir\u00e9e !<\/p>\n<p class=\"fig-paragraph\">Merci d\u2019avoir suivi ce live comment\u00e9 en notre compagnie. Bonne soir\u00e9e.<\/p>\n<p>\n        21:55\n            <\/p>\n<p class=\"fig-live-post__title\" role=\"heading\" aria-level=\"3\">C\u2019est fini \u00e0 Louis II !<\/p>\n<p class=\"fig-paragraph\">Maghnes Akliouche et ses partenaires terminent leur pr\u00e9saison sur une mauvaise note. Invaincus lors des sept premiers matches amicaux, ils ont \u00e9t\u00e9 surpris par le finaliste de la derni\u00e8re Ligue des champions. Ils ont pourtant \u00e9t\u00e9 en sup\u00e9riorit\u00e9 num\u00e9rique pendant une heure, mais Martinez puis Bonny ont r\u00e9pondu \u00e0 Akliouche en seconde p\u00e9riode.<\/p>\n<p>\n        21:52\n            <\/p>\n<p class=\"fig-live-post__title\" role=\"heading\" aria-level=\"3\">Le tir du d\u00e9sespoir d\u2019Embolo (1-2, 88e)<\/p>\n<p class=\"fig-paragraph\">Les Mon\u00e9gasques semblent laisser filer le match malgr\u00e9 leur sup\u00e9riorit\u00e9 num\u00e9rique. Sans solution, Embolo tente une frappe de 35m qui s\u2019envole dans le ciel de Louis II.<\/p>\n<p>\n        21:45\n            <\/p>\n<p class=\"fig-live-post__title\" role=\"heading\" aria-level=\"3\">Bonny permet \u00e0 l\u2019Inter Milan de prendre l\u2019avantage (1-2, 79e)<\/p>\n<p class=\"fig-paragraph\">Premier but avec les Nerazzurri pour l\u2019attaquant fran\u00e7ais de 21 ans, d\u00e9barqu\u00e9 de Parme cet \u00e9t\u00e9. Apr\u00e8s une passe compl\u00e8tement manqu\u00e9e de Golovin, Bonny se joue de Kehrer une nouvelle fois et conclue d\u2019une frappe \u00e9cras\u00e9e qui trompe Hradecky.<\/p>\n<p>\n        21:42\n            <\/p>\n<p class=\"fig-live-post__title\" role=\"heading\" aria-level=\"3\">Esposito manque sa reprise (1-1, 75e)<\/p>\n<p class=\"fig-paragraph\">L\u2019attaquant italien, chouchou du public interiste, est enfin parvenu \u00e0 conclure une action des visiteurs, qui font le jeu en cette fin de match. Aucun danger pour Hradecky puisque \u00e7a passe largement au-dessus. \u00c0 noter que Zalewsky et Darmian sont rentr\u00e9s pour les Milanais tandis que Ouattara et Embolo ont remplac\u00e9 Henrique et Biereth.<\/p>\n<p>\n        21:31\n            <\/p>\n<p class=\"fig-live-post__title\" role=\"heading\" aria-level=\"3\">L\u2019heure des changements (1-1, 67e)<\/p>\n<p class=\"fig-paragraph\">Ilenikhena, Zakaria, Vanderson et Ben Seghir sont remplac\u00e9s par Teze, Golovin, Brunner et Bamba. Ange-Yoan Bonny est rentr\u00e9 c\u00f4t\u00e9 italien.<\/p>\n<p>\n        21:27\n            <\/p>\n<p class=\"fig-live-post__title\" role=\"heading\" aria-level=\"3\">Zakaria sur le poteau (1-1, 62e)<\/p>\n<p class=\"fig-paragraph\">Pas le temps de s\u2019endormir pour les Int\u00e9ristes, qui manquent d\u2019\u00eatre \u00e0 nouveau men\u00e9 sur une frappe du capitaine Denis Zakaria venue mourir sur le poteau de Sommer.<\/p>\n<p>\n        21:26\n            <\/p>\n<p class=\"fig-live-post__title\" role=\"heading\" aria-level=\"3\">Martinez \u00e9galise ! (1-1, 59e)<\/p>\n<p class=\"fig-paragraph\">Il aura fallu une frappe d\u00e9vi\u00e9e au capitaine milanais pour battre le nouveau gardien mon\u00e9gasque. Laiss\u00e9 en 1 contre 1 par sa d\u00e9fense, Thilo Kehrer a \u00e9t\u00e9 mang\u00e9 par l\u2019Argentin sur un dribble int\u00e9rieur-exterieur. Caio Henrique, revenu sur les deux hommes, a d\u00e9vi\u00e9 le ballon pour tromper Hradecky.<\/p>\n<p>\n        21:21\n            <\/p>\n<p class=\"fig-live-post__title\" role=\"heading\" aria-level=\"3\">Encore une intervention propre de Hradecky (1-0, 57e)<\/p>\n<p class=\"fig-paragraph\">L\u2019exp\u00e9riment\u00e9 gardien finlandais n\u2019a pas eu grand-chose \u00e0 faire mais il l\u2019a bien fait. Il intervient \u00e0 nouveau sur une frappe de Susic cadr\u00e9e mais trop axiale. Il capte le ballon en deux temps avec un rebond. Sur l\u2019action qui suit, Ilenikhena trouve une position de frappe pour Monaco mais \u00e7a s\u2019envole au-dessus de la barre.<\/p>\n<p>\n        21:17\n            <\/p>\n<p class=\"fig-live-post__title\" role=\"heading\" aria-level=\"3\">Biereth trop collectif (1-0, 53e)<\/p>\n<p class=\"fig-paragraph\">Les occasions franches s\u2019accumulent pour les joueurs d\u2019Adi Hutter. Cette fois, c\u2019est Biereth qui est trop altruiste alors qu\u2019Akliouche l\u2019avait servi id\u00e9alement au bout d\u2019un long rush solitaire. R\u00e9sultat\u00a0: un centre rat\u00e9 et une frappe de loin de Camara sans succ\u00e8s.<\/p>\n<p>\n        21:11\n            <\/p>\n<p class=\"fig-live-post__title\" role=\"heading\" aria-level=\"3\">Ilenikhena encore impr\u00e9cis (1-0, 47e)<\/p>\n<p class=\"fig-paragraph\">L\u2019attaquant de 18 ans a encore manqu\u00e9 une belle occasion de but d\u00e8s le retour des vestiaires en tergiversant trop devant Francesco Acerbi, pourtant battu en vitesse au d\u00e9but de l\u2019action.<\/p>\n<p>\n        21:09\n            <\/p>\n<p class=\"fig-live-post__title\" role=\"heading\" aria-level=\"3\">C\u2019est reparti pour 45 minutes (1-0, 46e)<\/p>\n<p class=\"fig-paragraph\">Lautaro Martinez donne le coup d\u2019envoi de la seconde periode. Aucun changement des deux c\u00f4t\u00e9s alors que les Italiens \u00e9voluent \u00e0 10.<\/p>\n<p>\n        21:07\n            <\/p>\n<p class=\"fig-live-post__title\" role=\"heading\" aria-level=\"3\">Fin de la premi\u00e8re mi-temps (1-0, 45e)<\/p>\n<p class=\"fig-paragraph\">Une entame de match parfaite ponctu\u00e9e d\u2019un missile d\u2019Akliouche apr\u00e8s une minute de jeu permet aux joueurs de l\u2019ASM de mener 1-0 \u00e0 la mi-temps. Hakan Calhanoglu a \u00e9t\u00e9 expuls\u00e9 juste apr\u00e8s la demi-heure de jeu pour un deuxi\u00e8me carton jaune. Yann Sommer a effectu\u00e9 une derni\u00e8re parade juste avant le coup de sifflet de Mathieu Vernice pour rester au contact.<\/p>\n<p>\n        20:45\n            <\/p>\n<p class=\"fig-live-post__title\" role=\"heading\" aria-level=\"3\">But refus\u00e9 pour Ilenikhena (1-0, 41e)<\/p>\n<p class=\"fig-paragraph\">Le jeune attaquant a \u00e9t\u00e9 trop impatient apr\u00e8s un d\u00e9bordement de Zakaria c\u00f4t\u00e9 droit. Il avait pourtant parfaitement ajust\u00e9 Sommer en une touche apr\u00e8s le centre de son capitaine. Les Mon\u00e9gasques \u00e9taient \u00e0 3 contre 2. Encore une grosse occasion manqu\u00e9e de se mettre \u00e0 l\u2019abri.<\/p>\n<p>\n        20:44\n            <\/p>\n<p class=\"fig-live-post__title\" role=\"heading\" aria-level=\"3\">La passe g\u00e9niale de Camara pour Biereth (1-0, 39e)<\/p>\n<p class=\"fig-paragraph\">Quel ext\u00e9rieur du pied du milieu de terrain s\u00e9n\u00e9galais. Celui-ci trouve Biereth dans le dos des d\u00e9fenseurs, qui tente de dribbler Sommer pour ajuster un ext\u00e9rieur du droit. Une frappe qui meurt dans le petit filet ext\u00e9rieur.<\/p>\n<p>\n        20:40\n            <\/p>\n<p class=\"fig-live-post__title\" role=\"heading\" aria-level=\"3\">Calhanoglu expuls\u00e9 (1-0, 36e)<\/p>\n<p class=\"fig-paragraph\">Emport\u00e9 par son \u00e9lan, le milieu de terrain int\u00e9riste a fauch\u00e9 Vanderson. Pas d\u2019h\u00e9sitation pour l\u2019arbitre fran\u00e7ais, qui sort le deuxi\u00e8me jaune. Un membre du staff de Christian Chivu est averti \u00e9galement pour protestation.<\/p>\n<p>\n        20:35\n            <\/p>\n<p class=\"fig-live-post__title\" role=\"heading\" aria-level=\"3\">Premier arr\u00eat de Hradecky (1-0, 30e)<\/p>\n<p class=\"fig-paragraph\">Susic a mis \u00e0 contribution le nouveau portier de l\u2019ASM avec une frappe enroul\u00e9e en dehors de la surface juste avant la demi-heure de jeu. Pas de souci pour l\u2019ancien du Bayer Leverkusen, qui se d\u00e9tend parfaitement sur sa gauche.<\/p>\n<p>\n        20:33\n            <\/p>\n<p class=\"fig-live-post__title\" role=\"heading\" aria-level=\"3\">Ilenikhena perd ses appuis (1-0, 28e)<\/p>\n<p class=\"fig-paragraph\">Gros temps fort des hommes d\u2019Adi Hutter. Une nouvelle fois servi par Akliouche, Biereth sert en une touche Ilenikhena au second poteau mais celui-ci manque sa frappe, qui s\u2019envole au-dessus de la cage int\u00e9riste.<\/p>\n<p>\n        20:31\n            <\/p>\n<p class=\"fig-live-post__title\" role=\"heading\" aria-level=\"3\">Biereth \u00e9crase sa frappe (1-0, 27e)<\/p>\n<p class=\"fig-paragraph\">Encore une occasion pour les joueurs du Rocher, cette fois-ci en contre-attaque. Parti seul en profondeur, l\u2019attaquant danois manque sa frappe crois\u00e9e, qui vient mourir \u00e0 c\u00f4t\u00e9 du poteau gauche de Sommer.<\/p>\n<p>\n        20:29\n            <\/p>\n<p class=\"fig-live-post__title\" role=\"heading\" aria-level=\"3\">Grosse semelle de Zakaria sur Bastoni (1-0, 25e)<\/p>\n<p class=\"fig-paragraph\">Le milieu de terrain suisse a \u00e9t\u00e9 pris de vitesse par le d\u00e9fenseur italien, qui reste au sol apr\u00e8s une belle semelle. Pas de carton jaune d\u00e9gain\u00e9 par le sifflet Mathieu Vernice cette fois-ci.<\/p>\n<p>\n        20:26\n            <\/p>\n<p class=\"fig-live-post__title\" role=\"heading\" aria-level=\"3\">Sommer s\u2019interpose devant Camara par deux fois (1-0, 22e)<\/p>\n<p class=\"fig-paragraph\">Le jeune milieu de terrain de 21 ans n\u2019a pas froid aux yeux et le prouve en encha\u00eenant coup sur coup deux frappes qui obligent le portier suisse \u00e0 la parade. Pour l\u2019instant, le pressing mon\u00e9gasque fonctionne \u00e0 merveille.<\/p>\n<p>\n        20:22\n            <\/p>\n<p class=\"fig-live-post__title\" role=\"heading\" aria-level=\"3\">Carton jaune pour Calhanoglu (1-0, 18e)<\/p>\n<p class=\"fig-paragraph\">Bien en jambes sur ses premiers appuis, Camara a pris le dessus sur son vis-\u00e0-vis turc, oblig\u00e9 de faire faute et de prendre un carton jaune pour annihiler la contre-attaque mon\u00e9gasque.<\/p>\n<p>\n        20:20\n            <\/p>\n<p class=\"fig-live-post__title\" role=\"heading\" aria-level=\"3\">Hradecky miracul\u00e9 (1-0, 15e)<\/p>\n<p class=\"fig-paragraph\">Le gardien finlandais a vu Marcus Thuram parfaitement servi par Nicol\u00f2 Barella \u00e0 l\u2019issue d\u2019une sublime action \u00e0 trois avec Hakan Calhanoglu \u00e0 l\u2019initiative. Heureusement, Caio Henrique a d\u00e9vi\u00e9 le ballon en corner.<\/p>\n<p>\n        20:16\n            <\/p>\n<p class=\"fig-live-post__title\" role=\"heading\" aria-level=\"3\">Akliouche repris in extremis (1-0, 12e)<\/p>\n<p class=\"fig-paragraph\">Apr\u00e8s une excellente r\u00e9cup\u00e9ration de sa part, l\u2019attaquant de 23 ans se projette et est trouv\u00e9 par Mika Biereth mais son crochet est intercept\u00e9 par Pavard juste devant son gardien Yann Sommet.<\/p>\n<p>\n        20:13\n            <\/p>\n<p class=\"fig-live-post__title\" role=\"heading\" aria-level=\"3\">\u00c7a va mieux pour l\u2019Inter (1-0, 8e)<\/p>\n<p class=\"fig-paragraph\">Barella se montre enfin apr\u00e8s un centre d\u2019Acerbi repouss\u00e9 par la d\u00e9fense des locaux. Il tente une reprise pied droit finalement compl\u00e8tement d\u00e9viss\u00e9e. Sur l\u2019action qui suit, il r\u00e9cup\u00e8re un ballon dans l\u2019axe \u00e0 25m mais manque une nouvelle fois sa frappe.<\/p>\n<p>\n        20:08\n            <\/p>\n<p class=\"fig-live-post__title\" role=\"heading\" aria-level=\"3\">Encore une frappe du capitaine Zakaria (1-0, 3e)<\/p>\n<p class=\"fig-paragraph\">L\u2019entame des Mon\u00e9gasques est excellente avec des r\u00e9cup\u00e9rations hautes et une vitesse d\u2019ex\u00e9cution affolante. Pour l\u2019instant, les Milanais sont d\u00e9pass\u00e9s et manquent de conc\u00e9der le 2-0 sur une nouvelle frappe au dessus de Zakaria.<\/p>\n<p>\n        20:06\n            <\/p>\n<p class=\"fig-live-post__title\" role=\"heading\" aria-level=\"3\">Akliouche fait parler la poudre (1-0, 2e)<\/p>\n<p class=\"fig-paragraph\">Quelle frappe du jeune mon\u00e9gasque. Apr\u00e8s une perc\u00e9e de Zakaria, Akliouche est trouv\u00e9 aux abords de la surface et ouvre le score apr\u00e8s \u00e0 peine une minute.<\/p>\n<p>\n        20:04\n            <\/p>\n<p class=\"fig-live-post__title\" role=\"heading\" aria-level=\"3\">C\u2019est parti !!!! (0-0, 1e)<\/p>\n<p class=\"fig-paragraph\">Le capitaine Int\u00e9riste Lautaro Martinez a perdu le Toss. Apr\u00e8s le coup d\u2019envoi fictif donn\u00e9 par l\u2019ancien de l\u2019ASM Shabani Nonda, ce sont donc les Mon\u00e9gasques qui auront la premi\u00e8re possession.<\/p>\n<p>\n        20:01\n            <\/p>\n<p class=\"fig-live-post__title\" role=\"heading\" aria-level=\"3\">Les Rouge et Blanc sur la pelouse du stade Louis II<\/p>\n<p>\n        19:56\n            <\/p>\n<p class=\"fig-live-post__title\" role=\"heading\" aria-level=\"3\">Les Mon\u00e9gasques d\u00e9filent devant leur public<\/p>\n<p class=\"fig-paragraph\">Un tapis rouge et blanc a \u00e9t\u00e9 d\u00e9roul\u00e9 sur la pelouse du stade Louis II pour que les joueurs mon\u00e9gasques puissent \u00eatre pr\u00e9sent\u00e9s au public. Plus que 5 minutes avant le coup d\u2019envoi.<\/p>\n<p>\n        19:52\n            <\/p>\n<p class=\"fig-live-post__title\" role=\"heading\" aria-level=\"3\">Deux \u00e9quipes aux \u00e9tats de forme disparates<\/p>\n<p class=\"fig-paragraph\">Alors que Monaco s\u2019appr\u00eate \u00e0 encha\u00eener un huiti\u00e8me match de pr\u00e9saison (5 victoires, 2 nuls), l\u2019Inter Milan a seulement jou\u00e9 un amical contre les U23 du club dimanche dernier. Avant cela, le club italien a disput\u00e9 une finale de Ligue des champions le 31 mai dernier \u00e0 l\u2019Allianz Arena (perdue 5-0 face au PSG) puis la Coupe du monde des clubs (d\u00e9faite en huiti\u00e8mes de finale face \u00e0 Fluminense).<\/p>\n<p>\n        19:50\n            <\/p>\n<p class=\"fig-live-post__title\" role=\"heading\" aria-level=\"3\">\u00ab\u00c7a fait du bien d\u2019avoir des co\u00e9quipiers autour de moi\u00bb, Paul Pogba au micro de beIN Sports<\/p>\n<p class=\"fig-paragraph\">\u00abOn reprend le football, je suis comme un gamin. Je suis en train de me pr\u00e9parer pour rejoindre mes co\u00e9quipiers sur le terrain. On s\u2019occupe bien de moi. C\u2019est une question de temps pour \u00eatre en pleine forme et tout donner sur le terrain. Il n\u2019y a m\u00eame pas 24h, c\u2019\u00e9tait moi le plus vieux de l\u2019effectif (la nouvelle recrue Lukas Hradeck\u00fd, 35 ans, l\u2019a depuis d\u00e9pass\u00e9). Je suis l\u00e0 pour montrer l\u2019exemple, donner des conseils aux jeunes. Je donne mon exp\u00e9rience avec grand plaisir. \u00c7a fait du bien d\u2019avoir des co\u00e9quipiers autour de moi. Je ne regrette en aucun cas mon choix. Je suis vraiment heureux. Il y a des \u00e9tapes. Je n\u2019ai pas envie de venir sur le terrain et ne pas \u00eatre moi. Tout le monde veut voir un grand Paul Pogba, c\u2019est ce que je suis en train de pr\u00e9parer.\u00bb<\/p>\n<p>\n        19:36\n            <\/p>\n<p class=\"fig-live-post__title\" role=\"heading\" aria-level=\"3\">La composition mon\u00e9gasque<\/p>\n<p class=\"fig-paragraph\">Adi Hutter ne tarde pas \u00e0 aligner<a href=\"http:\/\/www.lefigaro.fr\/sports\/football\/transferts\/mercato-monaco-tient-son-nouveau-gardien-lukas-hradecky-20250808\" data-fig-type=\"NewsFlash\" data-gtm-custom-categorie=\"navigation\" data-gtm-custom-action=\"crossclick\" data-gtm-custom-label=\"Contextuel\" data-gtm-event=\"customEventSPE\" data-fig-domain=\"LEFIGARO\" target=\"_blank\" rel=\"noopener\">\u00a0sa nouvelle recrue Lukas Hradeck\u00fd<\/a>. Le Finlandais est titulaire dans une \u00e9quipe sensiblement similaire \u00e0 celle qui a obtenu la troisi\u00e8me place de Ligue 1 la saison derni\u00e8re. Eric Dier sera sur le banc au coup d\u2019envoi tandis que Paul Pogba et Ansu Fati ne sont pas inscrits sur la feuille de match.<\/p>\n<p>\n        19:30\n            <\/p>\n<p class=\"fig-live-post__title\" role=\"heading\" aria-level=\"3\">La composition de l\u2019Inter Milan<\/p>\n<p class=\"fig-paragraph\">Trois anciens de Ligue 1 sont pr\u00e9sents dans le onze titulaire propos\u00e9 par Christian Chivu ce soir \u00e0 Louis II\u00a0: Marcus Thuram, titularis\u00e9 en pointe aux c\u00f4t\u00e9s de Lautaro Martinez, Luis Henrique, qui a quitt\u00e9 l\u2019OM cet \u00e9t\u00e9 apr\u00e8s une saison r\u00e9ussie dans l\u2019hexagone, et Benjamin Pavard,\u00a0<a href=\"http:\/\/www.lefigaro.fr\/sports\/football\/transferts\/mercato-pavard-pousse-vers-la-sortie-l-inter-milan-piste-une-pepite-pour-le-remplacer-20250808\" data-fig-type=\"NewsFlash\" data-gtm-custom-categorie=\"navigation\" data-gtm-custom-action=\"crossclick\" data-gtm-custom-label=\"Contextuel\" data-gtm-event=\"customEventSPE\" data-fig-domain=\"LEFIGARO\" target=\"_blank\" rel=\"noopener\">qui pourrait quitter le club cet \u00e9t\u00e9<\/a>.<\/p>\n<p>\n        19:25\n            <\/p>\n<p class=\"fig-live-post__title\" role=\"heading\" aria-level=\"3\">Une recrue officialis\u00e9e en marge de la rencontre<\/p>\n<p class=\"fig-paragraph\">L\u2019ASM a trouv\u00e9 un accord avec le Bayer Leverkusen pour le transfert de Lukas Hradeck\u00fd. Le gardien de 35 ans \u00e9tait attendu avec impatience du c\u00f4t\u00e9 du Rocher pour prendre la succession de Radoslaw Majecki,\u00a0<a href=\"http:\/\/www.lefigaro.fr\/sports\/football\/transferts\/mercato-gardien-de-monaco-radoslaw-majecki-vers-un-depart-a-brest-20250808\" data-fig-type=\"NewsFlash\" data-gtm-custom-categorie=\"navigation\" data-gtm-custom-action=\"crossclick\" data-gtm-custom-label=\"Contextuel\" data-gtm-event=\"customEventSPE\" data-fig-domain=\"LEFIGARO\" target=\"_blank\" rel=\"noopener\">en partance pour le Stade brestois<\/a>.<\/p>\n<p>\n        19:22\n            <\/p>\n<p class=\"fig-live-post__title\" role=\"heading\" aria-level=\"3\">Bonjour \u00e0 tous !<\/p>\n<p class=\"fig-paragraph\">Bienvenue sur le site du Figaro pour un dernier match amical avant la reprise de la Ligue 1. Monaco re\u00e7oit l\u2019Inter Milan au stade Louis II. Coup d\u2019envoi \u00e0 20h.<\/p>\n<p>                Les publications appara\u00eetront ici<\/p>\n<p>        Fermer<\/p>\n","protected":false},"excerpt":{"rendered":"Les joueurs d\u2019Adi H\u00fctter affrontaient les vice-champions d\u2019Europe de l\u2019Inter ce vendredi, \u00e0 Louis II, pour le compte&hellip;\n","protected":false},"author":2,"featured_media":306151,"comment_status":"","ping_status":"","sticky":false,"template":"","format":"standard","meta":{"footnotes":""},"categories":[2],"tags":[11,2266,525,1981,814,2257,63,1011,27,4788,3309,66,1307,955,12,1176,978,93,1980],"class_list":{"0":"post-306150","1":"post","2":"type-post","3":"status-publish","4":"format-standard","5":"has-post-thumbnail","7":"category-actualites","8":"tag-actualites","9":"tag-as-monaco","10":"tag-calendrier","11":"tag-classement","12":"tag-direct","13":"tag-foot","14":"tag-football","15":"tag-fr","16":"tag-france","17":"tag-inter-milan","18":"tag-l1","19":"tag-ligue-1","20":"tag-lille","21":"tag-match","22":"tag-news","23":"tag-olympique-de-marseille","24":"tag-olympique-lyonnais","25":"tag-psg","26":"tag-resultats"},"share_on_mastodon":{"url":"https:\/\/pubeurope.com\/@fr\/114995748062542386","error":""},"_links":{"self":[{"href":"https:\/\/www.europesays.com\/fr\/wp-json\/wp\/v2\/posts\/306150","targetHints":{"allow":["GET"]}}],"collection":[{"href":"https:\/\/www.europesays.com\/fr\/wp-json\/wp\/v2\/posts"}],"about":[{"href":"https:\/\/www.europesays.com\/fr\/wp-json\/wp\/v2\/types\/post"}],"author":[{"embeddable":true,"href":"https:\/\/www.europesays.com\/fr\/wp-json\/wp\/v2\/users\/2"}],"replies":[{"embeddable":true,"href":"https:\/\/www.europesays.com\/fr\/wp-json\/wp\/v2\/comments?post=306150"}],"version-history":[{"count":0,"href":"https:\/\/www.europesays.com\/fr\/wp-json\/wp\/v2\/posts\/306150\/revisions"}],"wp:featuredmedia":[{"embeddable":true,"href":"https:\/\/www.europesays.com\/fr\/wp-json\/wp\/v2\/media\/306151"}],"wp:attachment":[{"href":"https:\/\/www.europesays.com\/fr\/wp-json\/wp\/v2\/media?parent=306150"}],"wp:term":[{"taxonomy":"category","embeddable":true,"href":"https:\/\/www.europesays.com\/fr\/wp-json\/wp\/v2\/categories?post=306150"},{"taxonomy":"post_tag","embeddable":true,"href":"https:\/\/www.europesays.com\/fr\/wp-json\/wp\/v2\/tags?post=306150"}],"curies":[{"name":"wp","href":"https:\/\/api.w.org\/{rel}","templated":true}]}}