{"id":306157,"date":"2025-08-08T23:37:10","date_gmt":"2025-08-08T23:37:10","guid":{"rendered":"https:\/\/www.europesays.com\/fr\/306157\/"},"modified":"2025-08-08T23:37:10","modified_gmt":"2025-08-08T23:37:10","slug":"recu-par-le-stade-toulousain-a-ernest-wallon-il-a-finalement-decide-de-signer-a-toulon","status":"publish","type":"post","link":"https:\/\/www.europesays.com\/fr\/306157\/","title":{"rendered":"Re\u00e7u par le Stade-Toulousain \u00e0 Ernest-Wallon, il a finalement d\u00e9cid\u00e9 de signer \u00e0 Toulon"},"content":{"rendered":"<p>Il a grandi \u00e0 l\u2019autre bout du monde, en Nouvelle-Cal\u00e9donie. Du Pacifique \u00e0 la M\u00e9diterran\u00e9e, le voyage est long, mais pour Tuifua, il marque une nouvelle \u00e9tape dans un parcours d\u00e9j\u00e0 bien rempli.<\/p>\n<p>Pass\u00e9 par les s\u00e9lections jeunes fran\u00e7aises et form\u00e9 en Nouvelle-Z\u00e9lande, le colosse de 1,91 m pour 115 kg a longtemps h\u00e9sit\u00e9 \u00e0 rev\u00eatir le maillot \u00e0 la foug\u00e8re argent\u00e9e.<\/p>\n<p>Rep\u00e9r\u00e9 pour sa puissance, il a int\u00e9gr\u00e9 l\u2019effectif \u00e9largi des Hurricanes, tout en travaillant encore dans le b\u00e2timent. Mais les appels du Top 14 ont fini par le convaincre.<\/p>\n<p>Comme l\u2019explique Midi Olympique ce vendredi, Toulon, La Rochelle, Paris et Montpellier ont manifest\u00e9 leur int\u00e9r\u00eat.<\/p>\n<p>Le Stade-Toulousain a \u00e9galement tent\u00e9 d\u2019enr\u00f4ler le jeune troisi\u00e8me ligne. Cazalbou l\u2019avait accueilli en visite, \u00e0 Ernest-Wallon, en vain.<\/p>\n<p>En effet, c\u2019est le RCT qui a remport\u00e9 la bataille.<\/p>\n<p>S\u00e9duit par sa vitesse \u2013 flash\u00e9 \u00e0 36 km\/h \u2013 et ses qualit\u00e9s physiques impressionnantes, le staff toulonnais a vu en lui un profil rare. Emmanuel Emmanuelli, directeur sportif, confie avoir gard\u00e9 le \u00ab contact \u00bb et men\u00e9 un forcing appuy\u00e9 pour attirer un joueur d\u00e9crit comme \u00ab unique \u00bb.<\/p>\n<p><strong>Bernard Lema\u00eetre, pr\u00e9sident du club, a \u00e9t\u00e9 sensible \u00e0 sa personnalit\u00e9 :<\/strong><\/p>\n<p>\u00ab Il lui fallait un climat confortable, avec sa famille. Il fallait un cocon pour faciliter son int\u00e9gration, car on ne joue pas uniquement avec du financier. \u00bb<\/p>\n<p>Arriv\u00e9 sur la Rade, Tuifua a retrouv\u00e9 un environnement familier, avec un cousin au centre de formation et une s\u0153ur install\u00e9e dans la r\u00e9gion.<\/p>\n<p><strong>Un proche r\u00e9sume via Midi Olympique :<\/strong><\/p>\n<p>\u00ab Pour l\u2019instant, c\u2019est un peu le personnage d\u2019un Indien dans la ville\u2026 Il apprend les codes. Patrick est un gar\u00e7on tranquille, loin de tout attachement, mais avec la sociabilit\u00e9 qui, s\u2019il y son arrive, le rendra vite indispensable. \u00bb<\/p>\n<p>\u00c0 Toulon, le jeune homme de 19 ans est vu comme un pari sur l\u2019avenir. Ma\u2019a Nonu, qui le suit de pr\u00e8s, croit d\u00e9j\u00e0 en son potentiel pour briller sous le maillot rouge et noir.<\/p>\n","protected":false},"excerpt":{"rendered":"Il a grandi \u00e0 l\u2019autre bout du monde, en Nouvelle-Cal\u00e9donie. Du Pacifique \u00e0 la M\u00e9diterran\u00e9e, le voyage est&hellip;\n","protected":false},"author":2,"featured_media":306158,"comment_status":"","ping_status":"","sticky":false,"template":"","format":"standard","meta":{"footnotes":""},"categories":[9619],"tags":[1111,11,1777,674,1011,27,12,882,25,2310],"class_list":{"0":"post-306157","1":"post","2":"type-post","3":"status-publish","4":"format-standard","5":"has-post-thumbnail","7":"category-toulon","8":"tag-actu","9":"tag-actualites","10":"tag-eu","11":"tag-europe","12":"tag-fr","13":"tag-france","14":"tag-news","15":"tag-provence-alpes-cote-dazur","16":"tag-republique-francaise","17":"tag-toulon"},"share_on_mastodon":{"url":"https:\/\/pubeurope.com\/@fr\/114995779644892539","error":""},"_links":{"self":[{"href":"https:\/\/www.europesays.com\/fr\/wp-json\/wp\/v2\/posts\/306157","targetHints":{"allow":["GET"]}}],"collection":[{"href":"https:\/\/www.europesays.com\/fr\/wp-json\/wp\/v2\/posts"}],"about":[{"href":"https:\/\/www.europesays.com\/fr\/wp-json\/wp\/v2\/types\/post"}],"author":[{"embeddable":true,"href":"https:\/\/www.europesays.com\/fr\/wp-json\/wp\/v2\/users\/2"}],"replies":[{"embeddable":true,"href":"https:\/\/www.europesays.com\/fr\/wp-json\/wp\/v2\/comments?post=306157"}],"version-history":[{"count":0,"href":"https:\/\/www.europesays.com\/fr\/wp-json\/wp\/v2\/posts\/306157\/revisions"}],"wp:featuredmedia":[{"embeddable":true,"href":"https:\/\/www.europesays.com\/fr\/wp-json\/wp\/v2\/media\/306158"}],"wp:attachment":[{"href":"https:\/\/www.europesays.com\/fr\/wp-json\/wp\/v2\/media?parent=306157"}],"wp:term":[{"taxonomy":"category","embeddable":true,"href":"https:\/\/www.europesays.com\/fr\/wp-json\/wp\/v2\/categories?post=306157"},{"taxonomy":"post_tag","embeddable":true,"href":"https:\/\/www.europesays.com\/fr\/wp-json\/wp\/v2\/tags?post=306157"}],"curies":[{"name":"wp","href":"https:\/\/api.w.org\/{rel}","templated":true}]}}