{"id":306163,"date":"2025-08-08T23:44:18","date_gmt":"2025-08-08T23:44:18","guid":{"rendered":"https:\/\/www.europesays.com\/fr\/306163\/"},"modified":"2025-08-08T23:44:18","modified_gmt":"2025-08-08T23:44:18","slug":"pres-de-grenoble-le-cadre-tres-flou-de-la-baignade-dans-ce-lac-prise-la-situation-est-atypique","status":"publish","type":"post","link":"https:\/\/www.europesays.com\/fr\/306163\/","title":{"rendered":"Pr\u00e8s de Grenoble. Le cadre (tr\u00e8s) flou de la baignade dans ce lac pris\u00e9 : \u00ab\u00a0La situation est atypique\u00a0\u00bb"},"content":{"rendered":"<p>            Par<br \/>\n        <strong><br \/>\n            <a href=\"https:\/\/actu.fr\/auteur\/lisa-rodrigues\" title=\"Consulter tous les articles de Lisa Rodrigues\" target=\"_blank\" rel=\"noopener\">Lisa Rodrigues<\/a><br \/>\n        <\/strong><\/p>\n<p>        Publi\u00e9 le<\/p>\n<p>            8 ao\u00fbt 2025 \u00e0 9h38        <\/p>\n<p>Familles, groupes d\u2019amis, adolescents \u00e9parpill\u00e9s sous un grand soleil en plein mois d\u2019ao\u00fbt : l\u2019image n\u2019a rien d\u2019inhabituelle au bois d\u2019Amour, sur la rive est du <strong>lac de Paladru<\/strong>, \u00e0 Bilieu \u00e0 une quarantaine de minutes de <a href=\"https:\/\/actu.fr\/auvergne-rhone-alpes\/grenoble_38185\" target=\"_blank\" rel=\"noopener\">Grenoble<\/a>. Des personnes nagent tranquillement dans les eaux cristallines du lac\u2026 Sous les panneaux d\u2019interdiction de baignade. Car oui, comme sur une large partie des bords de Paladru, la <strong>baignade est interdite<\/strong>.\u00a0<\/p>\n<p>    <a href=\"https:\/\/www.google.com\/maps\/embed?pb=!1m18!1m12!1m3!1d11197.90088919156!2d5.51720226626926!3d45.440078987173585!2m3!1f0!2f0!3f0!3m2!1i1024!2i768!4f13.1!3m3!1m2!1s0x478ae043158cadef%3A0x57d83e8d3cdde2b4!2sBois%20d%27Amour!5e0!3m2!1sfr!2sfr!4v1754580328918!5m2!1sfr!2sfr\" title=\"Ouvrie le lien\" target=\"_blank\" rel=\"noopener\">Cliquez ici pour visualiser le contenu<\/a><\/p>\n<p class=\" wall-content\">Et pour cause : le <strong>lac est priv\u00e9<\/strong>, d\u00e9tenu par plusieurs propri\u00e9taires particuliers regroup\u00e9s dans la Soci\u00e9t\u00e9 du lac de Paladru. Mais, il existe des plages autour du lac qui, elles, sont g\u00e9r\u00e9es par arr\u00eat\u00e9s municipales des communes riveraines, qui tiennent elles-m\u00eames leur autorit\u00e9 d\u2019un arr\u00eat\u00e9 pr\u00e9fectoral datant de 2014 r\u00e9gulant les activit\u00e9s sur le lac.<\/p>\n<p class=\" wall-content\">Probl\u00e8me : rien ne dit clairement qui est responsable de quoi en cas d\u2019accident, alors que le lac est de plus en plus fr\u00e9quent\u00e9.<\/p>\n<p>Un lac priv\u00e9 avec des utilisations publiques<\/p>\n<p class=\" wall-content\">De quoi se retrouver face \u00e0 un <strong>v\u00e9ritable casse-t\u00eate administratif<\/strong> que la pr\u00e9fecture de l\u2019<a href=\"https:\/\/actu.fr\/auvergne-rhone-alpes\/isere_38\" target=\"_blank\" rel=\"noopener\">Is\u00e8re<\/a> compte bien \u00e9claircir. \u00ab\u00a0Nous sommes en train de toiletter l\u2019arr\u00eat\u00e9 pr\u00e9fectoral qui r\u00e9gie la police des activit\u00e9s nautiques sur le lac\u00a0\u00bb, confirme Richard-Daniel Boisson, sous-pr\u00e9fet de La Tour-du-Pin, lors d\u2019un point presse \u00e0 Charavines d\u00e9but ao\u00fbt.<\/p>\n<p class=\" wall-content\">De premi\u00e8res r\u00e9unions ont eu lieu avec les services de l\u2019\u00c9tat, les repr\u00e9sentants des propri\u00e9taires du lac et les communes concern\u00e9es.<\/p>\n<blockquote class=\"ac-article-quote wall-content\">\n<p>Ce n&rsquo;est pas simple, car la situation est atypique. On ne trouve pas d&rsquo;autres lacs en France qui ont exactement les m\u00eames particularit\u00e9s, avec un propri\u00e9taire priv\u00e9 et des communes qui ont un droit.<\/p>\n<p>    <strong>Richard-Daniel Boisson<\/strong><br \/>\n        Sous-pr\u00e9fet de La Tour-du-Pin    <\/p><\/blockquote>\n<p class=\" wall-content\">But affich\u00e9 avec cet arr\u00eat\u00e9 2.0 : faire en sorte qu\u2019il <strong>prot\u00e8ge tous les acteurs<\/strong> impliqu\u00e9s, collectivit\u00e9s comme propri\u00e9taires.<\/p>\n<p>Une baignade \u00e0 ses \u00ab\u00a0risques et p\u00e9rils\u00a0\u00bb<\/p>\n<p class=\" wall-content\">Dans l\u2019arr\u00eat\u00e9 pr\u00e9fectoral actuellement en vigueur, il est indiqu\u00e9 que \u00ab\u00a0la baignade hors des lieux et places r\u00e9glement\u00e9es par arr\u00eat\u00e9 municipal\u00a0\u00bb \u2013 donc les plages \u2013 se fait \u00e0 ses \u00ab\u00a0risques et p\u00e9rils\u00a0\u00bb. Mais la responsabilit\u00e9 en cas d\u2019accident ou <a href=\"https:\/\/actu.fr\/auvergne-rhone-alpes\/charavines_38082\/pres-de-grenoble-deja-quatre-noyades-mortelles-cet-ete-les-indicateurs-sont-inquietants_63003550.html\" target=\"_blank\" rel=\"noopener\">de noyade<\/a> reste floue et n\u2019est pas clairement attribu\u00e9e. Pour rappel, depuis le d\u00e9but de l\u2019\u00e9t\u00e9, <strong>deux noyades<\/strong> ont \u00e9t\u00e9 comptabilis\u00e9es sur le lac de Paladru, dont une mortelle.<\/p>\n<p class=\" wall-content\">\u00c0 Charavines, la <a href=\"https:\/\/actu.fr\/auvergne-rhone-alpes\/charavines_38082\/isere-canicule-sur-cette-plage-prisee-comment-la-mairie-limite-les-risques-de-noyade_62802098.html\" target=\"_blank\" rel=\"noopener\">plage municipale<\/a> gratuite est fr\u00e9quemment prise d\u2019assaut aux beaux jours. Bien souvent, une partie des baigneurs se rabat sur la petite parcelle de l\u2019autre c\u00f4t\u00e9 de la Fure, alors que la baignade y est interdite. Pourtant, \u00ab\u00a0tous les \u00e9t\u00e9s, on prend des arr\u00eat\u00e9s pour r\u00e9glementer la baignade\u00a0\u00bb, soupire le maire, Bruno Guillaud-Bataille. Des r\u00e8gles qui ne sont donc pas suivies.<\/p>\n<p class=\" wall-content\">Pour s\u00fbr, le nouvel arr\u00eat\u00e9 pr\u00e9fectoral ne couvrira pas cette saison estivale 2025, mais il devrait entrer en vigueur \u00e0 temps <strong>pour l\u2019\u00e9t\u00e9 2026<\/strong>, estime le sous-pr\u00e9fet.<\/p>\n<p class=\" wall-content\">Suivez toute l\u2019actualit\u00e9 de vos villes et m\u00e9dias favoris en vous inscrivant \u00e0 <a href=\"https:\/\/moncompte.actu.fr\" title=\"D\u00e9couvez Mon Actu\" rel=\"nofollow noopener\" data-trk=\"{&quot;cta&quot;:{&quot;action&quot;:&quot;https:\\\/\\\/moncompte.actu.fr&quot;,&quot;category&quot;:&quot;mon compte&quot;,&quot;from&quot;:&quot;article footer&quot;,&quot;name&quot;:&quot;Mon actu&quot;,&quot;type&quot;:&quot;cta&quot;}}\" target=\"_blank\">Mon Actu<\/a>.<\/p>\n","protected":false},"excerpt":{"rendered":"Par Lisa Rodrigues Publi\u00e9 le 8 ao\u00fbt 2025 \u00e0 9h38 Familles, groupes d\u2019amis, adolescents \u00e9parpill\u00e9s sous un grand&hellip;\n","protected":false},"author":2,"featured_media":306164,"comment_status":"","ping_status":"","sticky":false,"template":"","format":"standard","meta":{"footnotes":""},"categories":[9566],"tags":[1111,11,2430,6698,1777,674,1011,27,2731,12,25,104],"class_list":{"0":"post-306163","1":"post","2":"type-post","3":"status-publish","4":"format-standard","5":"has-post-thumbnail","7":"category-grenoble","8":"tag-actu","9":"tag-actualites","10":"tag-auvergne-rhone-alpes","11":"tag-canicule","12":"tag-eu","13":"tag-europe","14":"tag-fr","15":"tag-france","16":"tag-grenoble","17":"tag-news","18":"tag-republique-francaise","19":"tag-societe"},"share_on_mastodon":{"url":"https:\/\/pubeurope.com\/@fr\/114995807075861646","error":""},"_links":{"self":[{"href":"https:\/\/www.europesays.com\/fr\/wp-json\/wp\/v2\/posts\/306163","targetHints":{"allow":["GET"]}}],"collection":[{"href":"https:\/\/www.europesays.com\/fr\/wp-json\/wp\/v2\/posts"}],"about":[{"href":"https:\/\/www.europesays.com\/fr\/wp-json\/wp\/v2\/types\/post"}],"author":[{"embeddable":true,"href":"https:\/\/www.europesays.com\/fr\/wp-json\/wp\/v2\/users\/2"}],"replies":[{"embeddable":true,"href":"https:\/\/www.europesays.com\/fr\/wp-json\/wp\/v2\/comments?post=306163"}],"version-history":[{"count":0,"href":"https:\/\/www.europesays.com\/fr\/wp-json\/wp\/v2\/posts\/306163\/revisions"}],"wp:featuredmedia":[{"embeddable":true,"href":"https:\/\/www.europesays.com\/fr\/wp-json\/wp\/v2\/media\/306164"}],"wp:attachment":[{"href":"https:\/\/www.europesays.com\/fr\/wp-json\/wp\/v2\/media?parent=306163"}],"wp:term":[{"taxonomy":"category","embeddable":true,"href":"https:\/\/www.europesays.com\/fr\/wp-json\/wp\/v2\/categories?post=306163"},{"taxonomy":"post_tag","embeddable":true,"href":"https:\/\/www.europesays.com\/fr\/wp-json\/wp\/v2\/tags?post=306163"}],"curies":[{"name":"wp","href":"https:\/\/api.w.org\/{rel}","templated":true}]}}