{"id":306169,"date":"2025-08-08T23:54:36","date_gmt":"2025-08-08T23:54:36","guid":{"rendered":"https:\/\/www.europesays.com\/fr\/306169\/"},"modified":"2025-08-08T23:54:36","modified_gmt":"2025-08-08T23:54:36","slug":"en-aout-le-rhin-et-ses-environs-senflamment-a-1h30-de-strasbourg","status":"publish","type":"post","link":"https:\/\/www.europesays.com\/fr\/306169\/","title":{"rendered":"en ao\u00fbt, le Rhin et ses environs s\u2019enflamment \u00e0 1h30 de Strasbourg"},"content":{"rendered":"<p>    <img loading=\"lazy\" width=\"1800\" height=\"900\" src=\"https:\/\/www.europesays.com\/fr\/wp-content\/uploads\/2025\/04\/jeanne-callthepolice.jpg\" class=\"attachment-full size-full\" alt=\"\" id=\"imageLove\" decoding=\"async\"  \/><\/p>\n<p id=\"breadcrumbs\"><a href=\"https:\/\/pokaa.fr\/\" target=\"_blank\" rel=\"noopener\">Accueil<\/a> \/ <a href=\"https:\/\/pokaa.fr\/categories\/ses-sorties\/\" target=\"_blank\" rel=\"noopener\">Sorties<\/a> \/ Plage, baignade, sport : en ao\u00fbt, le Rhin et ses environs s\u2019enflamment \u00e0 1h30 de Strasbourg<\/p>\n<p>                    Sorties<\/p>\n<p><strong>Envie de vous rafra\u00eechir un peu avec les jours chauds qui reviennent, avec un petit go\u00fbt d\u2019\u00e9vasion au passage ? On a ce qu\u2019il vous faut ! Pr\u00e9parez tongs, maillots de bain et accessoires de sports nautiques, car on vous a concoct\u00e9 une petite liste d\u2019activit\u00e9s \u00e0 (re)d\u00e9couvrir dans le coin de Saint-Louis, \u00e0 environ 1h30 de Strasbourg. De quoi s\u2019offrir une petite \u00e9chapp\u00e9e \u00e0 la lisi\u00e8re des fronti\u00e8res allemandes et suisses. C\u2019est parti.<\/strong><\/p>\n<p>Soir\u00e9es th\u00e9matiques, rafting ou encore baignade insolite : <strong>la r\u00e9gion de Saint-Louis, situ\u00e9e en France \u00e0 la fronti\u00e8re imm\u00e9diate avec la Suisse et l\u2019Allemagne et bord\u00e9e par le Rhin, rec\u00e8le d\u2019activit\u00e9s aquatiques<\/strong> qui sauront rafra\u00eechir ou challenger petit(e)s et grand(e)s.<\/p>\n<p>Pour ne rien rater, <strong>on fait le tour des \u00e9v\u00e8nements du mois d\u2019ao\u00fbt\u00a0!<\/strong><\/p>\n<p>                <a href=\"https:\/\/pokaa.fr\/2025\/08\/06\/permis-bateau-aquapark-et-rhin-sauvage-3-spots-pour-se-rafraichir-a-1h30-de-strasbourg\/\" target=\"_blank\" rel=\"noopener\"><br \/>\n                    <img width=\"450\" height=\"270\" src=\"https:\/\/www.europesays.com\/fr\/wp-content\/uploads\/2025\/08\/saint-louis-2-pays-base-nautique-permis-bateau-petite-camargue-east-parkimg-8187-450x270.jpeg\" class=\"attachment-card-horizontal--same-subject size-card-horizontal--same-subject wp-post-image\" alt=\"\" decoding=\"async\" loading=\"lazy\"\/>                <\/a><\/p>\n<p>East Park : des soir\u00e9es th\u00e9matiques pour voyager les pieds dans l\u2019eau<\/p>\n<p>\u00c0 <strong>Bartenheim<\/strong>, le parc aquatique <strong>East Park<\/strong> propose sports nautiques, aire de jeux gonflable XXL, beach bar les pieds dans le sable\u2026 Et surtout, <strong>des soir\u00e9es th\u00e9matiques durant tout le mois d\u2019ao\u00fbt !<\/strong><\/p>\n<p>Le tout avec des <strong>DJ sets<\/strong> au sommet et de la <strong>nourriture \u00e0 gogo. Soir\u00e9e hawa\u00efenne, cr\u00e9ole ou encore feria :<\/strong> il y a ce qu\u2019il faut pour voyager chaque week-end sans quitter l\u2019Alsace et mettre le feu au dancefloor.<\/p>\n<p style=\"text-align: center;\"><strong>East Park, 21 rue du Printemps, 68870 Bartenheim<\/strong><br \/><a title=\"https:\/\/www.instagram.com\/eastpark.pro\" href=\"https:\/\/www.instagram.com\/eastpark.pro\" target=\"_blank\" rel=\"noopener noreferrer\" data-auth=\"NotApplicable\" data-linkindex=\"3\">Page Instagram et programme des soir\u00e9es th\u00e9matiques<\/a><br \/><a title=\"https:\/\/www.facebook.com\/eastpark.pro\" href=\"https:\/\/www.facebook.com\/eastpark.pro\" target=\"_blank\" rel=\"noopener noreferrer\" data-auth=\"NotApplicable\" data-linkindex=\"4\">Page Facebook<\/a><br \/><a href=\"https:\/\/east-park.fr\/\" target=\"_blank\" rel=\"noopener\">Site web et r\u00e9servation d\u2019activit\u00e9s<\/a><\/p>\n<p>                <img width=\"316\" height=\"500\" src=\"https:\/\/www.europesays.com\/fr\/wp-content\/uploads\/2025\/08\/east-park-barthenheim-2-316x500.png\" class=\"attachment-gallery size-gallery\" alt=\"East Park Barthenheim (2)\" data-full-url=\"https:\/\/pokaa.fr\/wp-content\/uploads\/2025\/08\/04\/east-park-barthenheim-2.png\" decoding=\"async\" loading=\"lazy\"  \/>            <\/p>\n<p>                <img width=\"319\" height=\"500\" src=\"https:\/\/www.europesays.com\/fr\/wp-content\/uploads\/2025\/08\/east-park-barthenheim-3-319x500.png\" class=\"attachment-gallery size-gallery\" alt=\"East Park Barthenheim (3)\" data-full-url=\"https:\/\/pokaa.fr\/wp-content\/uploads\/2025\/08\/04\/east-park-barthenheim-3.png\" decoding=\"async\" loading=\"lazy\"  \/>            <\/p>\n<p>                <img width=\"710\" height=\"500\" src=\"https:\/\/www.europesays.com\/fr\/wp-content\/uploads\/2025\/08\/east-park-barthenheim-1-710x500.png\" class=\"attachment-gallery size-gallery\" alt=\"East Park Barthenheim (1)\" data-full-url=\"https:\/\/pokaa.fr\/wp-content\/uploads\/2025\/08\/04\/east-park-barthenheim-1.png\" decoding=\"async\" loading=\"lazy\"  \/>            <\/p>\n<p>                    \u00a9 Page Instagram d&rsquo;East Park \/ Captures d&rsquo;\u00e9cran<\/p>\n<p>                <img width=\"375\" height=\"500\" src=\"https:\/\/www.europesays.com\/fr\/wp-content\/uploads\/2025\/08\/saint-louis-2-pays-base-nautique-permis-bateau-petite-camargue-east-parkimg-8144-375x500.jpeg\" class=\"attachment-gallery size-gallery\" alt=\"Saint Louis 2 pays base nautique permis bateau petite camargue East ParkIMG_8144\" data-full-url=\"https:\/\/pokaa.fr\/wp-content\/uploads\/2025\/07\/24\/saint-louis-2-pays-base-nautique-permis-bateau-petite-camargue-east-parkimg-8144.jpeg\" decoding=\"async\" loading=\"lazy\"  \/>            <\/p>\n<p>                <img width=\"375\" height=\"500\" src=\"https:\/\/www.europesays.com\/fr\/wp-content\/uploads\/2025\/08\/saint-louis-2-pays-base-nautique-permis-bateau-petite-camargue-east-parkimg-8242-2-375x500.jpeg\" class=\"attachment-gallery size-gallery\" alt=\"Saint Louis 2 pays base nautique permis bateau petite camargue East ParkIMG_8242 2\" data-full-url=\"https:\/\/pokaa.fr\/wp-content\/uploads\/2025\/07\/24\/saint-louis-2-pays-base-nautique-permis-bateau-petite-camargue-east-parkimg-8242-2.jpeg\" decoding=\"async\" loading=\"lazy\"  \/>            <\/p>\n<p>                <img width=\"375\" height=\"500\" src=\"https:\/\/www.europesays.com\/fr\/wp-content\/uploads\/2025\/08\/saint-louis-2-pays-base-nautique-permis-bateau-petite-camargue-east-parkimg-8143-375x500.jpeg\" class=\"attachment-gallery size-gallery\" alt=\"Saint Louis 2 pays base nautique permis bateau petite camargue East ParkIMG_8143\" data-full-url=\"https:\/\/pokaa.fr\/wp-content\/uploads\/2025\/07\/24\/saint-louis-2-pays-base-nautique-permis-bateau-petite-camargue-east-parkimg-8143.jpeg\" decoding=\"async\" loading=\"lazy\"  \/>            <\/p>\n<p>                    \u00a9 Bastien Pietronave \/ Pokaa<\/p>\n<p>\u00c0 Huningue : des sensations fortes pour les enfants et ados <\/p>\n<p style=\"text-align: left;\">Avis aux parents : le Parc des Eaux Vives propose des sessions d\u00e9couvertes d\u2019activit\u00e9s aquatiques pour vos prog\u00e9nitures, et dans un cadre nature. Pour les<strong> kids (de 6 \u00e0 9 ans), une initiation en douceur aux sports de pagaie <\/strong>est organis\u00e9e tous les mercredis matins en eau calme.<\/p>\n<p style=\"text-align: left;\">Pour les <strong>juniors (de 9 \u00e0 15 ans), des matin\u00e9es, apr\u00e8s-midis ou stages d\u00e9couverte<\/strong> sont organis\u00e9s pour se lancer ou s\u2019am\u00e9liorer en <strong>kayak, canoraft ou encore en rafting.<\/strong> De quoi se rafra\u00eechir avec des sensations fortes !<\/p>\n<p style=\"text-align: center;\"><strong>Parc des Eaux Vives, 3 quai du Maroc, 68330 Huningue<\/strong><br \/><a href=\"https:\/\/www.parc-eaux-vives.fr\/\" target=\"_blank\" rel=\"noopener\">Site web<\/a><br \/><a href=\"https:\/\/www.instagram.com\/parcdeseauxvives\/\" target=\"_blank\" rel=\"noopener\">Page Instagram<\/a><br \/><a href=\"https:\/\/www.parc-eaux-vives.fr\/seances-encadrees\/anim-ete-kids-6-9\/\" target=\"_blank\" rel=\"noopener\">Anim\u2019\u00e9t\u00e9 kids (tous les mercredis matins jusqu\u2019au 27 ao\u00fbt)<\/a><br \/><a href=\"https:\/\/www.parc-eaux-vives.fr\/seances-encadrees\/anim-ete-juniors-9-15\/\" target=\"_blank\" rel=\"noopener\">Anim\u2019\u00e9t\u00e9 juniors (du lundi au vendredi jusqu\u2019au 30 ao\u00fbt)<\/a><\/p>\n<p>                <img width=\"744\" height=\"500\" src=\"https:\/\/www.europesays.com\/fr\/wp-content\/uploads\/2025\/08\/parc-des-eaux-vives-huningue-rafting-kayak-2-744x500.png\" class=\"attachment-gallery size-gallery\" alt=\"Parc des Eaux Vives Huningue rafting kayak (2)\" data-full-url=\"https:\/\/pokaa.fr\/wp-content\/uploads\/2025\/08\/04\/parc-des-eaux-vives-huningue-rafting-kayak-2.png\" decoding=\"async\" loading=\"lazy\"  \/>            <\/p>\n<p>                <img width=\"687\" height=\"500\" src=\"https:\/\/www.europesays.com\/fr\/wp-content\/uploads\/2025\/08\/parc-des-eaux-vives-huningue-rafting-kayak-3-687x500.png\" class=\"attachment-gallery size-gallery\" alt=\"Parc des Eaux Vives Huningue rafting kayak (3)\" data-full-url=\"https:\/\/pokaa.fr\/wp-content\/uploads\/2025\/08\/04\/parc-des-eaux-vives-huningue-rafting-kayak-3.png\" decoding=\"async\" loading=\"lazy\"  \/>            <\/p>\n<p>                <img width=\"714\" height=\"500\" src=\"https:\/\/www.europesays.com\/fr\/wp-content\/uploads\/2025\/08\/parc-des-eaux-vives-huningue-rafting-kayak-1-714x500.png\" class=\"attachment-gallery size-gallery\" alt=\"Parc des Eaux Vives Huningue rafting kayak (1)\" data-full-url=\"https:\/\/pokaa.fr\/wp-content\/uploads\/2025\/08\/04\/parc-des-eaux-vives-huningue-rafting-kayak-1.png\" decoding=\"async\" loading=\"lazy\"  \/>            <\/p>\n<p>                    \u00a9 Page Instagram du Parc des Eaux Vives \/ Captures d&rsquo;\u00e9cran<\/p>\n<p>Du fitness et du paddle ensemble ? C\u2019est possible chez Alsace Plaisance !<\/p>\n<p>Envie d\u2019entretenir son summer body ou juste de profiter d\u2019un moment d\u00e9fouloir dans un cadre idyllique ? En solo, en duo, entre potes ou en famille, <strong>les s\u00e9ances Fit\u2019Paddle avec All in Sport reviennent chez Alsace Plaisance,<\/strong> \u00e0 Kembs, <strong>jusqu\u2019au 30 septembre \u2013 pour les d\u00e9butant(e)s ou les habitu\u00e9(e)s !\u00a0<\/strong><\/p>\n<p>Au programme : <strong>des cr\u00e9neaux pour enfants ou adultes,<\/strong> avec mat\u00e9riel fourni et rafra\u00eechissement garanti.<\/p>\n<p style=\"text-align: center;\"><strong>Alsace Plaisance, 25c rue de Cernay, Ecluse 23, 68210 Hagenbach<\/strong><br \/><a href=\"https:\/\/www.alsace-plaisance.com\/\" target=\"_blank\" rel=\"noopener\">Site web<\/a><br \/><a href=\"https:\/\/www.instagram.com\/alsaceplaisance\/\" target=\"_blank\" rel=\"noopener\">Page Instagram<\/a><br \/><a href=\"https:\/\/www.instagram.com\/alsaceplaisance\/\" target=\"_blank\" rel=\"noopener\">Page Facebook<\/a><br \/>Enfants de 8 \u00e0 15 ans : le mercredi de 18h \u00e0 19h30<br \/>Tout \u00e2ge : le vendredi de 18h \u00e0 19h30<br \/>Adultes : le samedi de 17h30 \u00e0 19h00<br \/>R\u00e9servation : 06.43.53.81.09 ou <a href=\"https:\/\/pokaa.fr\/cdn-cgi\/l\/email-protection\" class=\"__cf_email__\" data-cfemail=\"beddd1d0cadfddcafedfd2d2d7d0cdced1ccca90d8cc\" target=\"_blank\" rel=\"noopener\">[email\u00a0protected]<\/a><\/p>\n<p>    <img width=\"492\" height=\"600\" src=\"https:\/\/www.europesays.com\/fr\/wp-content\/uploads\/2025\/08\/capture-decran-2025-08-04-155558-492x600.png\" class=\"attachment-image-size-M size-image-size-M\" alt=\"Alsace plaisance fit paddle fitness\" decoding=\"async\" loading=\"lazy\"  \/>         \u00a9 Page Facebook d&rsquo;Alsace Plaisance \/ Capture d&rsquo;\u00e9cran <\/p>\n<p>Bonus : un petit plouf dans le Rhin, de l\u2019autre c\u00f4t\u00e9 de la fronti\u00e8re<\/p>\n<p style=\"text-align: left;\">Et si vous \u00eates dans le coin, pourquoi ne pas profiter de la <strong>Basler Rheinschwimmen<\/strong>\u00a0? Hein, K\u00e9sako\u00a0? Il s\u2019agit <strong>d\u2019une baignade b\u00e2loise dans le Rhin, qui a lieu une fois par an. Des milliers de nageurs\/ses descendent le fleuve,<\/strong> accroch\u00e9(e)s \u00e0 leur sac de natation, pour mettre des couleurs dans le centre de la ville.<\/p>\n<p style=\"text-align: left;\"><strong>Une occasion compl\u00e8tement insolite \u00e0 ne pas manquer\u00a0!<\/strong><\/p>\n<p style=\"text-align: center;\"><strong>Basler Rheinschwimmen<\/strong><br \/>12 ao\u00fbt 2025, toute la journ\u00e9e<br \/><a href=\"https:\/\/www.bs.ch\/fr\/evenements\/la-baignade-annuel-dans-le-rhin\" target=\"_blank\" rel=\"noopener\">Site web<\/a><\/p>\n<p>                <a href=\"https:\/\/pokaa.fr\/2022\/08\/06\/baignade-dans-le-rhin-et-bar-de-plage-on-sest-offert-une-viree-en-suisse-et-cetait-de-la-bale\/\" target=\"_blank\" rel=\"noopener\"><br \/>\n                    <img width=\"439\" height=\"270\" src=\"https:\/\/www.europesays.com\/fr\/wp-content\/uploads\/2025\/04\/balou.jpg\" class=\"attachment-card-horizontal--same-subject size-card-horizontal--same-subject wp-post-image\" alt=\"\" decoding=\"async\" loading=\"lazy\"  \/>                <\/a><\/p>\n<p>    <img width=\"800\" height=\"444\" src=\"https:\/\/www.europesays.com\/fr\/wp-content\/uploads\/2025\/08\/capture-decran-2025-08-04-155025-800x444.png\" class=\"attachment-image-size-L size-image-size-L\" alt=\"Basler Rheinschwimmen baignade Rhin B\u00e2le\" decoding=\"async\" loading=\"lazy\"  \/>         \u00a9 Site web de la Ville de B\u00e2le \/ Capture d&rsquo;\u00e9cran <\/p>\n<p><strong>Alors, vous vous laissez tenter ?<\/strong><\/p>\n<p>                <a href=\"https:\/\/pokaa.fr\/2025\/07\/17\/traverser-3-pays-a-velo-en-une-seule-journee-cest-possible-a-1h30-de-strasbourg\/\" target=\"_blank\" rel=\"noopener\"><br \/>\n                    <img width=\"450\" height=\"270\" src=\"https:\/\/www.europesays.com\/fr\/wp-content\/uploads\/2025\/08\/z1-450x270.png\" class=\"attachment-card-horizontal--same-subject size-card-horizontal--same-subject wp-post-image\" alt=\"\" decoding=\"async\" loading=\"lazy\"\/>                <\/a><\/p>\n<p><script async src=\"\/\/www.instagram.com\/embed.js\"><\/script><\/p>\n","protected":false},"excerpt":{"rendered":"Accueil \/ Sorties \/ Plage, baignade, sport : en ao\u00fbt, le Rhin et ses environs s\u2019enflamment \u00e0 1h30&hellip;\n","protected":false},"author":2,"featured_media":306170,"comment_status":"","ping_status":"","sticky":false,"template":"","format":"standard","meta":{"footnotes":""},"categories":[2820],"tags":[1111,11,15109,1777,674,1011,27,775,18023,12,25,13969,15103,640],"class_list":{"0":"post-306169","1":"post","2":"type-post","3":"status-publish","4":"format-standard","5":"has-post-thumbnail","7":"category-strasbourg","8":"tag-actu","9":"tag-actualites","10":"tag-baignade","11":"tag-eu","12":"tag-europe","13":"tag-fr","14":"tag-france","15":"tag-grand-est","16":"tag-nautique","17":"tag-news","18":"tag-republique-francaise","19":"tag-saint-louis","20":"tag-sports-nautiques","21":"tag-strasbourg"},"share_on_mastodon":{"url":"https:\/\/pubeurope.com\/@fr\/114995846879453036","error":""},"_links":{"self":[{"href":"https:\/\/www.europesays.com\/fr\/wp-json\/wp\/v2\/posts\/306169","targetHints":{"allow":["GET"]}}],"collection":[{"href":"https:\/\/www.europesays.com\/fr\/wp-json\/wp\/v2\/posts"}],"about":[{"href":"https:\/\/www.europesays.com\/fr\/wp-json\/wp\/v2\/types\/post"}],"author":[{"embeddable":true,"href":"https:\/\/www.europesays.com\/fr\/wp-json\/wp\/v2\/users\/2"}],"replies":[{"embeddable":true,"href":"https:\/\/www.europesays.com\/fr\/wp-json\/wp\/v2\/comments?post=306169"}],"version-history":[{"count":0,"href":"https:\/\/www.europesays.com\/fr\/wp-json\/wp\/v2\/posts\/306169\/revisions"}],"wp:featuredmedia":[{"embeddable":true,"href":"https:\/\/www.europesays.com\/fr\/wp-json\/wp\/v2\/media\/306170"}],"wp:attachment":[{"href":"https:\/\/www.europesays.com\/fr\/wp-json\/wp\/v2\/media?parent=306169"}],"wp:term":[{"taxonomy":"category","embeddable":true,"href":"https:\/\/www.europesays.com\/fr\/wp-json\/wp\/v2\/categories?post=306169"},{"taxonomy":"post_tag","embeddable":true,"href":"https:\/\/www.europesays.com\/fr\/wp-json\/wp\/v2\/tags?post=306169"}],"curies":[{"name":"wp","href":"https:\/\/api.w.org\/{rel}","templated":true}]}}