{"id":306171,"date":"2025-08-08T23:55:10","date_gmt":"2025-08-08T23:55:10","guid":{"rendered":"https:\/\/www.europesays.com\/fr\/306171\/"},"modified":"2025-08-08T23:55:10","modified_gmt":"2025-08-08T23:55:10","slug":"previsions-du-samedi-9-aout-2025","status":"publish","type":"post","link":"https:\/\/www.europesays.com\/fr\/306171\/","title":{"rendered":"pr\u00e9visions du samedi 9 ao\u00fbt 2025"},"content":{"rendered":"<p>Un superbe soleil va briller sur Nice et ce, tout au long de la journ\u00e9e. Les temp\u00e9ratures avoisineront les 27\u00b0C. D\u00e8s le matin, les valeurs \u00e9volueront entre 26 et 30\u2009\u00b0C. Les temp\u00e9ratures seront comprises entre 26 et 30\u00b0C. Un l\u00e9ger vent de sud-est soufflera. Les valeurs maximums pr\u00e9vues l&rsquo;apr\u00e8s-midi sont importantes, avec 30\u00b0C. Les temp\u00e9ratures s&rsquo;\u00e9chelonneront entre 29 et 30\u00b0C. Intemp\u00e9ries : on annonce des pluies \u00e9parses pour le soir. Les temp\u00e9ratures seront de 26\u00b0C. C&rsquo;est un ciel limpide que conna\u00eetra la nuit de samedi \u00e0 dimanche.<\/p>\n<p>C&rsquo;est un soleil radieux qui va briller demain sur Nice. Les grosses chaleurs sont pr\u00e9sentes. Avec des valeurs \u00e9chelonn\u00e9es entre 24 et 30\u00b0C. Les temp\u00e9ratures afficheront entre 24 et 30\u00b0C. Le matin, de tr\u00e8s fortes chaleurs (entre 26\u00b0C et 30\u00b0C) sont annonc\u00e9es. Les valeurs seront de 26\u00b0C au plus bas et de 30\u00b0C au plus haut. Un vent de sud-est soufflera un peu, avec 6 km\/h. Attention \u00e0 la vague de chaud dans l&rsquo;apr\u00e8s-midi. Des temp\u00e9ratures de 27 \u00e0 30\u00b0C sont attendues. Les valeurs s&rsquo;\u00e9chelonneront de 27 \u00e0 30\u00b0C. Demain soir, le thermom\u00e8tre affichera 27\u00b0C en moyenne. Une l\u00e9g\u00e8re brise de nord sera ressentie par les habitants.<\/p>\n<p>Peu d&rsquo;\u00e9volutions pour la suite. Des temp\u00e9ratures dans les 32\u00b0C iront de pair avec un ciel ensoleill\u00e9.<\/p>\n<p><\/p>\n","protected":false},"excerpt":{"rendered":"Un superbe soleil va briller sur Nice et ce, tout au long de la journ\u00e9e. Les temp\u00e9ratures avoisineront&hellip;\n","protected":false},"author":2,"featured_media":306172,"comment_status":"","ping_status":"","sticky":false,"template":"","format":"standard","meta":{"footnotes":""},"categories":[2819],"tags":[1111,11,2898,1777,674,1011,27,12,2401,883,2119,882,25],"class_list":{"0":"post-306171","1":"post","2":"type-post","3":"status-publish","4":"format-standard","5":"has-post-thumbnail","7":"category-nice","8":"tag-actu","9":"tag-actualites","10":"tag-alpes-maritimes","11":"tag-eu","12":"tag-europe","13":"tag-fr","14":"tag-france","15":"tag-news","16":"tag-nice","17":"tag-paca","18":"tag-previsions-meteo","19":"tag-provence-alpes-cote-dazur","20":"tag-republique-francaise"},"share_on_mastodon":{"url":"","error":""},"_links":{"self":[{"href":"https:\/\/www.europesays.com\/fr\/wp-json\/wp\/v2\/posts\/306171","targetHints":{"allow":["GET"]}}],"collection":[{"href":"https:\/\/www.europesays.com\/fr\/wp-json\/wp\/v2\/posts"}],"about":[{"href":"https:\/\/www.europesays.com\/fr\/wp-json\/wp\/v2\/types\/post"}],"author":[{"embeddable":true,"href":"https:\/\/www.europesays.com\/fr\/wp-json\/wp\/v2\/users\/2"}],"replies":[{"embeddable":true,"href":"https:\/\/www.europesays.com\/fr\/wp-json\/wp\/v2\/comments?post=306171"}],"version-history":[{"count":0,"href":"https:\/\/www.europesays.com\/fr\/wp-json\/wp\/v2\/posts\/306171\/revisions"}],"wp:featuredmedia":[{"embeddable":true,"href":"https:\/\/www.europesays.com\/fr\/wp-json\/wp\/v2\/media\/306172"}],"wp:attachment":[{"href":"https:\/\/www.europesays.com\/fr\/wp-json\/wp\/v2\/media?parent=306171"}],"wp:term":[{"taxonomy":"category","embeddable":true,"href":"https:\/\/www.europesays.com\/fr\/wp-json\/wp\/v2\/categories?post=306171"},{"taxonomy":"post_tag","embeddable":true,"href":"https:\/\/www.europesays.com\/fr\/wp-json\/wp\/v2\/tags?post=306171"}],"curies":[{"name":"wp","href":"https:\/\/api.w.org\/{rel}","templated":true}]}}