{"id":306177,"date":"2025-08-08T23:57:12","date_gmt":"2025-08-08T23:57:12","guid":{"rendered":"https:\/\/www.europesays.com\/fr\/306177\/"},"modified":"2025-08-08T23:57:12","modified_gmt":"2025-08-08T23:57:12","slug":"previsions-du-samedi-9-aout-2025-2","status":"publish","type":"post","link":"https:\/\/www.europesays.com\/fr\/306177\/","title":{"rendered":"pr\u00e9visions du samedi 9 ao\u00fbt 2025"},"content":{"rendered":"<p>C&rsquo;est un soleil radieux qui va se montrer aujourd&rsquo;hui sur Nantes. Les valeurs seront comprises entre 14\u00b0C et 33\u00b0C. Les temp\u00e9ratures tourneront autour des 23\u00b0C au cours de la matin\u00e9e. Une petite brise de nord sera ressentie par les habitants. Le temps va se r\u00e9chauffer l&rsquo;apr\u00e8s-midi avec une augmentation de plusieurs degr\u00e9s. Les valeurs maximums attendues sont \u00e9lev\u00e9es, avec 33\u00b0C. Le soir, le mercure affichera 24\u00b0C en moyenne. Le passage de samedi \u00e0 dimanche s&rsquo;effectuera sous un ciel d\u00e9pourvu de nuages.<\/p>\n<p>Demain, les Nantais vont pouvoir profiter d&rsquo;un soleil magnifique. La p\u00e9riode d&rsquo;importantes chaleurs est bien l\u00e0, avec des temp\u00e9ratures qui pourront aller jusqu&rsquo;\u00e0 35\u00b0C. Les valeurs afficheront entre 12 et 35\u00b0C. Un vent de nord-est rafra\u00eechira quelque peu l&rsquo;atmosph\u00e8re. La matin\u00e9e va se trouver tr\u00e8s suffocante : pr\u00e8s de 30\u00b0C. On anticipe des temp\u00e9ratures avoisinant 22\u00b0C. Une m\u00e9t\u00e9o plus chaude est \u00e0 pr\u00e9voir demain apr\u00e8s-midi puisque le mercure va conna\u00eetre une hausse. Les valeurs \u00e9volueront entre 32 et 35\u2009\u00b0C. La ville va subir, demain soir, une vague de fortes chaleurs avec des temp\u00e9ratures qui atteindront parfois les 34\u00b0C.<\/p>\n<p>Peu de changements au fil des jours. Il fera 38\u00b0C en moyenne pour des journ\u00e9es avec une m\u00e9t\u00e9o ensoleill\u00e9e.<\/p>\n<p>Les fortes temp\u00e9ratures peuvent se r\u00e9v\u00e9ler dangereuses pour les a\u00een\u00e9s, les b\u00e9b\u00e9s et les jeunes enfants : ils sont susceptibles de souffrir de manque d&rsquo;hydratation. Soyez attentifs aux plus vuln\u00e9rables et n&rsquo;oubliez pas de leur proposer \u00e0 boire !<\/p>\n","protected":false},"excerpt":{"rendered":"C&rsquo;est un soleil radieux qui va se montrer aujourd&rsquo;hui sur Nantes. Les valeurs seront comprises entre 14\u00b0C et&hellip;\n","protected":false},"author":2,"featured_media":306178,"comment_status":"","ping_status":"","sticky":false,"template":"","format":"standard","meta":{"footnotes":""},"categories":[2818],"tags":[1111,11,1777,674,1011,27,3047,766,12,2636,2119,25],"class_list":{"0":"post-306177","1":"post","2":"type-post","3":"status-publish","4":"format-standard","5":"has-post-thumbnail","7":"category-nantes","8":"tag-actu","9":"tag-actualites","10":"tag-eu","11":"tag-europe","12":"tag-fr","13":"tag-france","14":"tag-loire-atlantique","15":"tag-nantes","16":"tag-news","17":"tag-pays-de-la-loire","18":"tag-previsions-meteo","19":"tag-republique-francaise"},"share_on_mastodon":{"url":"https:\/\/pubeurope.com\/@fr\/114995858252683547","error":""},"_links":{"self":[{"href":"https:\/\/www.europesays.com\/fr\/wp-json\/wp\/v2\/posts\/306177","targetHints":{"allow":["GET"]}}],"collection":[{"href":"https:\/\/www.europesays.com\/fr\/wp-json\/wp\/v2\/posts"}],"about":[{"href":"https:\/\/www.europesays.com\/fr\/wp-json\/wp\/v2\/types\/post"}],"author":[{"embeddable":true,"href":"https:\/\/www.europesays.com\/fr\/wp-json\/wp\/v2\/users\/2"}],"replies":[{"embeddable":true,"href":"https:\/\/www.europesays.com\/fr\/wp-json\/wp\/v2\/comments?post=306177"}],"version-history":[{"count":0,"href":"https:\/\/www.europesays.com\/fr\/wp-json\/wp\/v2\/posts\/306177\/revisions"}],"wp:featuredmedia":[{"embeddable":true,"href":"https:\/\/www.europesays.com\/fr\/wp-json\/wp\/v2\/media\/306178"}],"wp:attachment":[{"href":"https:\/\/www.europesays.com\/fr\/wp-json\/wp\/v2\/media?parent=306177"}],"wp:term":[{"taxonomy":"category","embeddable":true,"href":"https:\/\/www.europesays.com\/fr\/wp-json\/wp\/v2\/categories?post=306177"},{"taxonomy":"post_tag","embeddable":true,"href":"https:\/\/www.europesays.com\/fr\/wp-json\/wp\/v2\/tags?post=306177"}],"curies":[{"name":"wp","href":"https:\/\/api.w.org\/{rel}","templated":true}]}}