{"id":306185,"date":"2025-08-09T00:01:09","date_gmt":"2025-08-09T00:01:09","guid":{"rendered":"https:\/\/www.europesays.com\/fr\/306185\/"},"modified":"2025-08-09T00:01:09","modified_gmt":"2025-08-09T00:01:09","slug":"previsions-du-samedi-9-aout-2025-4","status":"publish","type":"post","link":"https:\/\/www.europesays.com\/fr\/306185\/","title":{"rendered":"pr\u00e9visions du samedi 9 ao\u00fbt 2025"},"content":{"rendered":"<p>La journ\u00e9e qui s&rsquo;annonce \u00e0 Toulouse, promet d&rsquo;\u00eatre belle et ensoleill\u00e9e ! Les valeurs afficheront entre 20\u00b0C et 40\u00b0C. La p\u00e9riode de fortes chaleurs est bien l\u00e0, avec des temp\u00e9ratures qui risqueront d&rsquo;aller \u00e0 35\u00b0C le matin. Un l\u00e9ger vent de sud-ouest soufflera. Une m\u00e9t\u00e9o plus chaude est pr\u00e9vue l&rsquo;apr\u00e8s-midi \u00e9tant donn\u00e9 que le mercure va enregistrer une augmentation. Les valeurs maximales annonc\u00e9es sont \u00e9lev\u00e9es, avec 40\u00b0C. La ville va subir, le soir, une vague de grosses chaleurs avec des temp\u00e9ratures qui atteindront parfois les 39\u00b0C. Un ciel clair est attendu dans la nuit reliant samedi et dimanche.<\/p>\n<p>Demain, les Toulousains vont pouvoir profiter d&rsquo;un soleil radieux. Une baisse des temp\u00e9ratures est \u00e0 pr\u00e9voir. Prenez garde \u00e0 la vague de chaud. Des valeurs de 18 \u00e0 40\u00b0C sont pr\u00e9vues. Les temp\u00e9ratures s&rsquo;\u00e9chelonneront entre 18 et 40\u00b0C. Les importantes chaleurs sont pr\u00e9sentes. Avec des valeurs \u00e9chelonn\u00e9es entre 19 et 34\u00b0C. Un vent de nord-ouest soufflera l\u00e9g\u00e8rement, avec 5 km\/h dans la matin\u00e9e. Les temp\u00e9ratures vont conna\u00eetre une hausse de plusieurs degr\u00e9s au cours de l&rsquo;apr\u00e8s-midi. Les valeurs \u00e9volueront entre 37 et 40\u2009\u00b0C. La soir\u00e9e va se trouver vraiment suffocante : jusqu&rsquo;\u00e0 38\u00b0C. Une brise de nord-ouest soufflera l\u00e9g\u00e8rement.<\/p>\n<p>Les jours se suivent et ne changent pas. Il va faire un temps relativement ensoleill\u00e9 avec des temp\u00e9ratures autour de 43\u00b0C.<\/p>\n<p>La chaleur affecte les vacanciers autant que les travailleurs : si vous avez une activit\u00e9 professionnelle en plein air, songez \u00e0 vous couvrir la t\u00eate et \u00e0 vous hydrater souvent. Soyez prudents, pour vos coll\u00e8gues et pour vous-m\u00eame.<\/p>\n","protected":false},"excerpt":{"rendered":"La journ\u00e9e qui s&rsquo;annonce \u00e0 Toulouse, promet d&rsquo;\u00eatre belle et ensoleill\u00e9e ! Les valeurs afficheront entre 20\u00b0C et&hellip;\n","protected":false},"author":2,"featured_media":306186,"comment_status":"","ping_status":"","sticky":false,"template":"","format":"standard","meta":{"footnotes":""},"categories":[2816],"tags":[1111,11,1777,674,1011,27,2722,2721,12,2680,2119,25,2312],"class_list":{"0":"post-306185","1":"post","2":"type-post","3":"status-publish","4":"format-standard","5":"has-post-thumbnail","7":"category-toulouse","8":"tag-actu","9":"tag-actualites","10":"tag-eu","11":"tag-europe","12":"tag-fr","13":"tag-france","14":"tag-haute-garonne","15":"tag-midi-pyrenees","16":"tag-news","17":"tag-occitanie","18":"tag-previsions-meteo","19":"tag-republique-francaise","20":"tag-toulouse"},"share_on_mastodon":{"url":"https:\/\/pubeurope.com\/@fr\/114995874067815150","error":""},"_links":{"self":[{"href":"https:\/\/www.europesays.com\/fr\/wp-json\/wp\/v2\/posts\/306185","targetHints":{"allow":["GET"]}}],"collection":[{"href":"https:\/\/www.europesays.com\/fr\/wp-json\/wp\/v2\/posts"}],"about":[{"href":"https:\/\/www.europesays.com\/fr\/wp-json\/wp\/v2\/types\/post"}],"author":[{"embeddable":true,"href":"https:\/\/www.europesays.com\/fr\/wp-json\/wp\/v2\/users\/2"}],"replies":[{"embeddable":true,"href":"https:\/\/www.europesays.com\/fr\/wp-json\/wp\/v2\/comments?post=306185"}],"version-history":[{"count":0,"href":"https:\/\/www.europesays.com\/fr\/wp-json\/wp\/v2\/posts\/306185\/revisions"}],"wp:featuredmedia":[{"embeddable":true,"href":"https:\/\/www.europesays.com\/fr\/wp-json\/wp\/v2\/media\/306186"}],"wp:attachment":[{"href":"https:\/\/www.europesays.com\/fr\/wp-json\/wp\/v2\/media?parent=306185"}],"wp:term":[{"taxonomy":"category","embeddable":true,"href":"https:\/\/www.europesays.com\/fr\/wp-json\/wp\/v2\/categories?post=306185"},{"taxonomy":"post_tag","embeddable":true,"href":"https:\/\/www.europesays.com\/fr\/wp-json\/wp\/v2\/tags?post=306185"}],"curies":[{"name":"wp","href":"https:\/\/api.w.org\/{rel}","templated":true}]}}