{"id":306189,"date":"2025-08-09T00:04:26","date_gmt":"2025-08-09T00:04:26","guid":{"rendered":"https:\/\/www.europesays.com\/fr\/306189\/"},"modified":"2025-08-09T00:04:26","modified_gmt":"2025-08-09T00:04:26","slug":"mercato-lille-et-lol-se-tirent-la-bourre-pour-un-crack-de-ligue-1-2","status":"publish","type":"post","link":"https:\/\/www.europesays.com\/fr\/306189\/","title":{"rendered":"Mercato, Lille et l&rsquo;OL se tirent la bourre pour un crack de Ligue 1"},"content":{"rendered":"<p class=\"mb-4 text-lg md:leading-8 break-words\">Sur le march\u00e9 des transferts, certaines rivalit\u00e9s d\u00e9passent les simples affrontements sur le terrain. Cet \u00e9t\u00e9, l\u2019Olympique Lyonnais et le LOSC se retrouvent une nouvelle fois face \u00e0 face dans une course haletante. Apr\u00e8s un premier duel sur un poste strat\u00e9gique, la bataille se d\u00e9place d\u00e9sormais vers un secteur offensif o\u00f9 le talent vis\u00e9 attise toutes les convoitises.<\/p>\n<p>Apr\u00e8s Dominik Greif, un nouveau front s\u2019ouvre entre Lille et Lyon<img alt=\"Apr\u00e8s Dominik Greif, un nouveau front s\u2019ouvre entre Lille et Lyon\" loading=\"lazy\" width=\"960\" height=\"540\" decoding=\"async\" data-nimg=\"1\" class=\"rounded-lg\" style=\"color:transparent\" src=\"https:\/\/www.europesays.com\/fr\/wp-content\/uploads\/2025\/08\/790caffa5a8cb8ae18249bbc48af72d9.jpeg\"\/><\/p>\n<p>Apr\u00e8s Dominik Greif, un nouveau front s\u2019ouvre entre Lille et Lyon<\/p>\n<p class=\"mb-4 text-lg md:leading-8 break-words\">Ces derniers jours,<a href=\"https:\/\/fr.news.yahoo.com\/sport\/mercato-cador-ligue-1-veut-120934386.html\" data-ylk=\"slk:\u00a0l\u2019OL et le LOSC se sont d\u00e9j\u00e0 livr\u00e9s un bras de fer sur le dossier Dominik Greif, portier du Real Majorque.;elm:context_link;itc:0;sec:content-canvas;outcm:mb_qualified_link;_E:mb_qualified_link;ct:story;\" class=\"link  yahoo-link\" target=\"_blank\" rel=\"noopener\">\u00a0l\u2019OL et le LOSC se sont d\u00e9j\u00e0 livr\u00e9s un bras de fer sur le dossier Dominik Greif, portier du Real Majorque.<\/a> <a href=\"https:\/\/fr.news.yahoo.com\/sport\/dominik-greif-%C3%A0-lol-cest-123759055.html\" data-ylk=\"slk:Un duel finalement remport\u00e9 par les Gones, qui sont parvenus \u00e0 convaincre le club espagnol de c\u00e9der son gardien slov\u00e8ne pour environ 4 M\u20ac plus bonus, comme rapport\u00e9 par Goal France plus t\u00f4t dans la journ\u00e9e.;elm:context_link;itc:0;sec:content-canvas;outcm:mb_qualified_link;_E:mb_qualified_link;ct:story;\" class=\"link  yahoo-link\" target=\"_blank\" rel=\"noopener\">Un duel finalement remport\u00e9 par les Gones, qui sont parvenus \u00e0 convaincre le club espagnol de c\u00e9der son gardien slov\u00e8ne pour environ 4 M\u20ac plus bonus, comme rapport\u00e9 par Goal France plus t\u00f4t dans la journ\u00e9e.<\/a><\/p>\n<p class=\"mb-4 text-lg md:leading-8 break-words\">Mais le mercato ne se limite pas aux cages. Les deux clubs, anim\u00e9s par l\u2019ambition d\u2019accrocher l\u2019Europe, scrutent d\u2019autres renforts. Et c\u2019est \u00e0 Toulouse que leurs regards se croisent \u00e0 nouveau.<\/p>\n<p>Yann Gboho au c\u0153ur d\u2019une nouvelle bataille entre Lille et l\u2019OL<img alt=\"Yann Gboho au c\u0153ur d\u2019une nouvelle bataille entre Lille et l\u2019OL\" loading=\"lazy\" width=\"960\" height=\"540\" decoding=\"async\" data-nimg=\"1\" class=\"rounded-lg\" style=\"color:transparent\" src=\"https:\/\/www.europesays.com\/fr\/wp-content\/uploads\/2025\/08\/3651dece311d0ff4c539c23b8f2c359e.jpeg\"\/><\/p>\n<p>Yann Gboho au c\u0153ur d\u2019une nouvelle bataille entre Lille et l\u2019OL<\/p>\n<p class=\"mb-4 text-lg md:leading-8 break-words\"><a href=\"https:\/\/www.footmercato.net\/a8086557772819586353-lol-et-le-losc-encore-a-la-bagarre-sur-une-piste-de-ligue-1\" rel=\"nofollow noopener\" target=\"_blank\" data-ylk=\"slk:D\u2019apr\u00e8s RMC Sport cit\u00e9 par Foot Mercato, Lille et Lyon se sont renseign\u00e9s sur Yann Gboho, un des leaders offensifs de Toulouse, encore sous contrat jusqu\u2019en 2027.;elm:context_link;itc:0;sec:content-canvas\" class=\"link \">D\u2019apr\u00e8s RMC Sport cit\u00e9 par Foot Mercato, Lille et Lyon se sont renseign\u00e9s sur Yann Gboho, un des leaders offensifs de Toulouse, encore sous contrat jusqu\u2019en 2027.<\/a> Dans un contexte o\u00f9 les droits TV de la Ligue 1 sont toujours incertains, les deux \u00e9curies privil\u00e9gient des cibles au rapport qualit\u00e9-prix int\u00e9ressant, tout en sachant que la concurrence s\u2019intensifie.<\/p>\n<p class=\"mb-4 text-lg md:leading-8 break-words\">Arriv\u00e9 du Cercle Bruges en janvier 2024 pour 2,5 M\u20ac, Yann Gboho s\u2019est impos\u00e9 en un temps record comme l\u2019atout num\u00e9ro un des Violets. Avec 52 matchs disput\u00e9s toutes comp\u00e9titions confondues, 9 buts et 8 passes d\u00e9cisives, l\u2019ancien rennais a port\u00e9 l\u2019attaque toulousaine et s\u2019est affirm\u00e9 comme l\u2019un des joueurs les plus en vue du championnat.<\/p>\n<p class=\"mb-4 text-lg md:leading-8 break-words\">\u00a0<\/p>\n<p class=\"mb-4 text-lg md:leading-8 break-words\">Pas \u00e9tonnant que le TFC fixe son prix \u00e0 12 M\u20ac minimum, d\u2019autant que Yann Gboho est \u00e9galement dans le viseur de Besiktas. Pour Lyon et Lille, c\u2019est un investissement cons\u00e9quent, mais potentiellement d\u00e9cisif pour viser plus haut en 2025-2026.<\/p>\n","protected":false},"excerpt":{"rendered":"Sur le march\u00e9 des transferts, certaines rivalit\u00e9s d\u00e9passent les simples affrontements sur le terrain. Cet \u00e9t\u00e9, l\u2019Olympique Lyonnais&hellip;\n","protected":false},"author":2,"featured_media":306190,"comment_status":"","ping_status":"","sticky":false,"template":"","format":"standard","meta":{"footnotes":""},"categories":[2815],"tags":[1111,11,43602,1777,674,1011,27,811,1307,2267,2428,44665,12,25,2312,44666],"class_list":{"0":"post-306189","1":"post","2":"type-post","3":"status-publish","4":"format-standard","5":"has-post-thumbnail","7":"category-lille","8":"tag-actu","9":"tag-actualites","10":"tag-dominik-greif","11":"tag-eu","12":"tag-europe","13":"tag-fr","14":"tag-france","15":"tag-hauts-de-france","16":"tag-lille","17":"tag-losc","18":"tag-lyon","19":"tag-marche-des-transferts","20":"tag-news","21":"tag-republique-francaise","22":"tag-toulouse","23":"tag-yann-gboho"},"share_on_mastodon":{"url":"https:\/\/pubeurope.com\/@fr\/114995885785612903","error":""},"_links":{"self":[{"href":"https:\/\/www.europesays.com\/fr\/wp-json\/wp\/v2\/posts\/306189","targetHints":{"allow":["GET"]}}],"collection":[{"href":"https:\/\/www.europesays.com\/fr\/wp-json\/wp\/v2\/posts"}],"about":[{"href":"https:\/\/www.europesays.com\/fr\/wp-json\/wp\/v2\/types\/post"}],"author":[{"embeddable":true,"href":"https:\/\/www.europesays.com\/fr\/wp-json\/wp\/v2\/users\/2"}],"replies":[{"embeddable":true,"href":"https:\/\/www.europesays.com\/fr\/wp-json\/wp\/v2\/comments?post=306189"}],"version-history":[{"count":0,"href":"https:\/\/www.europesays.com\/fr\/wp-json\/wp\/v2\/posts\/306189\/revisions"}],"wp:featuredmedia":[{"embeddable":true,"href":"https:\/\/www.europesays.com\/fr\/wp-json\/wp\/v2\/media\/306190"}],"wp:attachment":[{"href":"https:\/\/www.europesays.com\/fr\/wp-json\/wp\/v2\/media?parent=306189"}],"wp:term":[{"taxonomy":"category","embeddable":true,"href":"https:\/\/www.europesays.com\/fr\/wp-json\/wp\/v2\/categories?post=306189"},{"taxonomy":"post_tag","embeddable":true,"href":"https:\/\/www.europesays.com\/fr\/wp-json\/wp\/v2\/tags?post=306189"}],"curies":[{"name":"wp","href":"https:\/\/api.w.org\/{rel}","templated":true}]}}