{"id":306193,"date":"2025-08-09T00:06:14","date_gmt":"2025-08-09T00:06:14","guid":{"rendered":"https:\/\/www.europesays.com\/fr\/306193\/"},"modified":"2025-08-09T00:06:14","modified_gmt":"2025-08-09T00:06:14","slug":"om-mercato-aubameyang-a-fait-une-premiere-folie-a-marseille","status":"publish","type":"post","link":"https:\/\/www.europesays.com\/fr\/306193\/","title":{"rendered":"OM Mercato\u00a0: Aubameyang a fait une premi\u00e8re folie\u00a0\u00e0 Marseille\u00a0"},"content":{"rendered":"<p><strong>Fra\u00eechement revenu \u00e0 l\u2019<a href=\"https:\/\/www.butfootballclub.fr\/612466-om-mercato-greenwood-a-al-nassr-fabrizio-romano-lache-une-bombe\/\" rel=\"noopener nofollow\" target=\"_blank\">Olympique de Marseille<\/a>, Pierre-Emerick Aubameyang (36 ans) continue de faire parler de lui, cette fois-ci hors des terrains, avec une acquisition qui en jette.\u00a0<\/strong><\/p>\n<p>Pierre-Emerick Aubameyang est d\u00e9j\u00e0 dans le bling-bling \u00e0 Marseille. L\u2019attaquant gabonais vient en effet de s\u2019offrir un Mansory Pugnator, un bolide ultra-exclusif estim\u00e9 \u00e0 2 millions d\u2019euros. Ce v\u00e9hicule d\u2019exception est bas\u00e9 sur la Ferrari Purosangue, premier SUV de la marque au cheval cabr\u00e9, \u00e9quip\u00e9 d\u2019un impressionnant moteur V12 atmosph\u00e9rique d\u00e9veloppant 725 chevaux \u00e0 l\u2019origine. Mais la v\u00e9ritable particularit\u00e9 de cette voiture r\u00e9side dans la pr\u00e9paration sign\u00e9e Mansory, c\u00e9l\u00e8bre pour ses modifications extr\u00eames et luxueuses. Gr\u00e2ce \u00e0 ce passage entre les mains du pr\u00e9parateur allemand, la puissance grimpe jusqu\u2019\u00e0 910 chevaux, offrant des performances de haut vol dignes des supercars les plus radicales.\u00a0<\/p>\n<p>Au-del\u00e0 de la m\u00e9canique, le Mansory Pugnator se distingue par un design agressif et spectaculaire. Sa carrosserie est largement retravaill\u00e9e avec de nombreuses pi\u00e8ces en carbone forg\u00e9, qui am\u00e9liorent aussi bien l\u2019a\u00e9rodynamisme que l\u2019esth\u00e9tique. On retrouve des \u00e9l\u00e9ments comme un splitter avant imposant, des prises d\u2019air redessin\u00e9es, un diffuseur arri\u00e8re XXL, ainsi que des jantes exclusives qui accentuent encore plus son look radical.<\/p>\n<p>Cette acquisition s\u2019inscrit parfaitement dans l\u2019univers extravagant d\u2019Aubameyang, qui est bien connu pour son go\u00fbt pour les voitures rares et tape-\u00e0-l\u2019\u0153il. Le nouvel attaquant de l\u2019<a href=\"https:\/\/www.butfootballclub.fr\/612455-om-mercato-mccourt-pret-a-sortir-le-chequier-pour-deux-recrues-xxl\/\" rel=\"noopener nofollow\" target=\"_blank\">OM<\/a> ne cesse d\u2019\u00e9tonner ses fans en d\u00e9voilant r\u00e9guli\u00e8rement de nouvelles p\u00e9pites automobiles, souvent personnalis\u00e9es, qui illustrent son style de vie flamboyant. Avec un tel bolide, l\u2019ancien buteur de l\u2019<a href=\"https:\/\/www.butfootballclub.fr\/612453-asse-mercato-une-recrue-a-signe-en-catimini-officialisation-imminente\/\" rel=\"noopener nofollow\" target=\"_blank\">ASSE<\/a> ne passera jamais inaper\u00e7u, que ce soit sur les pelouses ou dans les rues.\u00a0<\/p>\n<blockquote class=\"instagram-media\" data-instgrm-captioned=\"\" data-instgrm-permalink=\"https:\/\/www.instagram.com\/p\/DMm3z-xqMC_\/?utm_source=ig_embed&amp;utm_campaign=loading\" data-instgrm-version=\"14\" style=\"background:#FFF;border:0;border-radius:3px;box-shadow:0 0 1px 0 rgba(0,0,0,0.5),0 1px 10px 0 rgba(0,0,0,0.15);margin:1px;max-width:540px;min-width:326px;padding:0;width:calc(100% - 2px)\"\/>\n<p><script async src=\"\/\/www.instagram.com\/embed.js\"><\/script><\/p>\n","protected":false},"excerpt":{"rendered":"Fra\u00eechement revenu \u00e0 l\u2019Olympique de Marseille, Pierre-Emerick Aubameyang (36 ans) continue de faire parler de lui, cette fois-ci&hellip;\n","protected":false},"author":2,"featured_media":306194,"comment_status":"","ping_status":"","sticky":false,"template":"","format":"standard","meta":{"footnotes":""},"categories":[2814],"tags":[1111,11,448,1777,674,63,1011,27,66,884,3388,12,882,25,10662],"class_list":{"0":"post-306193","1":"post","2":"type-post","3":"status-publish","4":"format-standard","5":"has-post-thumbnail","7":"category-marseille","8":"tag-actu","9":"tag-actualites","10":"tag-champions-league","11":"tag-eu","12":"tag-europe","13":"tag-football","14":"tag-fr","15":"tag-france","16":"tag-ligue-1","17":"tag-marseille","18":"tag-matchs","19":"tag-news","20":"tag-provence-alpes-cote-dazur","21":"tag-republique-francaise","22":"tag-transferts"},"share_on_mastodon":{"url":"https:\/\/pubeurope.com\/@fr\/114995893594943916","error":""},"_links":{"self":[{"href":"https:\/\/www.europesays.com\/fr\/wp-json\/wp\/v2\/posts\/306193","targetHints":{"allow":["GET"]}}],"collection":[{"href":"https:\/\/www.europesays.com\/fr\/wp-json\/wp\/v2\/posts"}],"about":[{"href":"https:\/\/www.europesays.com\/fr\/wp-json\/wp\/v2\/types\/post"}],"author":[{"embeddable":true,"href":"https:\/\/www.europesays.com\/fr\/wp-json\/wp\/v2\/users\/2"}],"replies":[{"embeddable":true,"href":"https:\/\/www.europesays.com\/fr\/wp-json\/wp\/v2\/comments?post=306193"}],"version-history":[{"count":0,"href":"https:\/\/www.europesays.com\/fr\/wp-json\/wp\/v2\/posts\/306193\/revisions"}],"wp:featuredmedia":[{"embeddable":true,"href":"https:\/\/www.europesays.com\/fr\/wp-json\/wp\/v2\/media\/306194"}],"wp:attachment":[{"href":"https:\/\/www.europesays.com\/fr\/wp-json\/wp\/v2\/media?parent=306193"}],"wp:term":[{"taxonomy":"category","embeddable":true,"href":"https:\/\/www.europesays.com\/fr\/wp-json\/wp\/v2\/categories?post=306193"},{"taxonomy":"post_tag","embeddable":true,"href":"https:\/\/www.europesays.com\/fr\/wp-json\/wp\/v2\/tags?post=306193"}],"curies":[{"name":"wp","href":"https:\/\/api.w.org\/{rel}","templated":true}]}}