{"id":306197,"date":"2025-08-09T00:08:16","date_gmt":"2025-08-09T00:08:16","guid":{"rendered":"https:\/\/www.europesays.com\/fr\/306197\/"},"modified":"2025-08-09T00:08:16","modified_gmt":"2025-08-09T00:08:16","slug":"politique-le-scrutin-a-lyon-change-avancee-ou-reforme-precipitee-les-arguments-des-pour-et-des-contre","status":"publish","type":"post","link":"https:\/\/www.europesays.com\/fr\/306197\/","title":{"rendered":"Politique. Le scrutin \u00e0 Lyon change\u00a0:\u00a0\u00abavanc\u00e9e\u00bb ou \u00abr\u00e9forme pr\u00e9cipit\u00e9e\u00bb, les arguments des pour et des contre"},"content":{"rendered":"<p>Comme il s\u2019en \u00e9tait pr\u00e9c\u00e9demment ouvert, Gr\u00e9gory Doucet n\u2019est <a href=\"https:\/\/www.leprogres.fr\/elections\/2025\/07\/10\/pas-une-priorite-pour-les-lyonnais-gregory-doucet-critique-l-adoption-de-la-loi-pml-qui-modifie-le-scrutin-des-elections-municipales\" target=\"_blank\" rel=\"nofollow noopener\">pas favorable \u00e0 la loi qui modifie le mode de scrutin \u00e9lectoral \u00e0 Lyon<\/a> , \u00e0 Marseille et \u00e0 Paris, les trois villes fran\u00e7aises dot\u00e9es d\u2019arrondissements. En f\u00e9vrier dernier, le maire de Lyon s\u2019\u00e9tait rendu \u00e0 Paris pour \u00eatre consult\u00e9 sur le projet de r\u00e9forme \u00e0 l\u2019invitation du Premier ministre lors d\u2019un t\u00eate \u00e0 t\u00eate. Dans un communiqu\u00e9 diffus\u00e9 ce vendredi 8\u00a0ao\u00fbt, Gr\u00e9gory Doucet d\u00e9plore une \u00ab\u00a0r\u00e9forme pr\u00e9cipit\u00e9e, brouillonne et \u00e9loign\u00e9e des v\u00e9ritables priorit\u00e9s des habitants\u00a0\u00bb, qui maintient \u00ab\u00a0un r\u00e9gime \u00e9lectoral d\u2019exception\u00a0\u00bb.<\/p>\n<p>\u00ab\u00a0Loin de renforcer la d\u00e9mocratie de proximit\u00e9, elle fragilise le r\u00f4le et l\u2019existence m\u00eame des mairies d\u2019arrondissement, sans clarifier leurs comp\u00e9tences\u00a0\u00bb, poursuit l\u2019\u00e9lu, sans d\u00e9tailler son propos. \u00ab\u00a0J\u2019ai toujours d\u00e9fendu l\u2019id\u00e9e qu\u2019une r\u00e9forme institutionnelle d\u2019une telle port\u00e9e devait \u00eatre construite avec les territoires concern\u00e9s, dans un esprit de concertation et de transparence\u00a0\u00bb fait \u00e9galement savoir le maire de Lyon avant de rappeler que \u00ab\u00a0les Lyonnais voteront trois fois en mars\u00a02026\u00a0: pour l\u2019arrondissement, la ville et la M\u00e9tropole\u00a0\u00bb, trois \u00e9chelons \u00ab\u00a0pour conjuguer transition \u00e9cologique, justice sociale et vitalit\u00e9 d\u00e9mocratique\u00a0\u00bb.<\/p>\n<p>  B\u00e9atrice de Montille, conseill\u00e8re municipale (LR)\u00a0:<\/p>\n<p>\u00ab\u00a0Cette r\u00e9forme est une avanc\u00e9e\u00a0: elle permet aux Lyonnais d\u2019\u00e9lire directement leur maire\u00a0\u00bb, confie l\u2019\u00e9lue (Les R\u00e9publicains). En r\u00e9alit\u00e9, c\u2019est bien toujours le conseil municipal qui \u00e9lira son maire, comme dans toutes les communes de France. Mais cette fois, les \u00e9lecteurs \u00ab\u00a0vont gagner en clart\u00e9 gr\u00e2ce \u00e0 l\u2019organisation de deux scrutins diff\u00e9renci\u00e9s pour \u00e9lire les \u00e9lus d\u2019arrondissement et les conseillers municipaux\u00a0\u00bb pr\u00e9cise B\u00e9atrice de Montille. Avec ce fl\u00e9chage, \u00ab\u00a0les \u00e9lecteurs sauront qui va voter pour le maire de Lyon\u00a0\u00bb.<\/p>\n<p>Cette r\u00e9forme du scrutin \u00ab\u00a0pousse aussi \u00e0 avoir une vision globale pour la ville plut\u00f4t que de mettre en \u0153uvre des strat\u00e9gies \u00e9lectorales pour faire basculer un arrondissement dans son camp\u00a0\u00bb, analyse \u00e9galement la conseill\u00e8re municipale d\u2019opposition.<\/p>\n<p>Autre avanc\u00e9e, selon elle, la loi \u00ab\u00a0r\u00e9\u00e9quilibre la repr\u00e9sentation des arrondissements, \u00e9chelon essentiel en prise avec la population, en fonction de l\u2019\u00e9volution d\u00e9mographique\u00a0\u00bb poursuit l\u2019\u00e9lue. Il est vrai que le nombre de conseillers par arrondissements, fig\u00e9 en 1982, a \u00e9t\u00e9 modifi\u00e9 par le texte pour tenir compte de la fluctuation du nombre des habitants dans les neuf arrondissements.<\/p>\n<p>\u00ab\u00a0Je me r\u00e9jouis que le mode de scrutin soit enfin clarifi\u00e9. Nous pouvons d\u00e9sormais entrer pleinement en campagne\u00a0!\u00a0\u00bb conclut B\u00e9atrice de Montille, proche du nouvel homme fort de la droite, <a href=\"https:\/\/www.leprogres.fr\/p\/bruno-retailleau\" target=\"_blank\" rel=\"nofollow noopener\">Bruno Retailleau<\/a> et de David Lisnard, le pr\u00e9sident de Nouvelle \u00c9nergie.<\/p>\n","protected":false},"excerpt":{"rendered":"Comme il s\u2019en \u00e9tait pr\u00e9c\u00e9demment ouvert, Gr\u00e9gory Doucet n\u2019est pas favorable \u00e0 la loi qui modifie le mode&hellip;\n","protected":false},"author":2,"featured_media":306198,"comment_status":"","ping_status":"","sticky":false,"template":"","format":"standard","meta":{"footnotes":""},"categories":[1889],"tags":[1111,11,2430,2757,4188,1777,674,107,1011,27,2428,2756,12,316,25,2429],"class_list":{"0":"post-306197","1":"post","2":"type-post","3":"status-publish","4":"format-standard","5":"has-post-thumbnail","7":"category-lyon","8":"tag-actu","9":"tag-actualites","10":"tag-auvergne-rhone-alpes","11":"tag-edition-lyon-villeurbanne","12":"tag-elections-municipales","13":"tag-eu","14":"tag-europe","15":"tag-fil-info","16":"tag-fr","17":"tag-france","18":"tag-lyon","19":"tag-lyon-bassin","20":"tag-news","21":"tag-politique","22":"tag-republique-francaise","23":"tag-rhone"},"share_on_mastodon":{"url":"https:\/\/pubeurope.com\/@fr\/114995901385994302","error":""},"_links":{"self":[{"href":"https:\/\/www.europesays.com\/fr\/wp-json\/wp\/v2\/posts\/306197","targetHints":{"allow":["GET"]}}],"collection":[{"href":"https:\/\/www.europesays.com\/fr\/wp-json\/wp\/v2\/posts"}],"about":[{"href":"https:\/\/www.europesays.com\/fr\/wp-json\/wp\/v2\/types\/post"}],"author":[{"embeddable":true,"href":"https:\/\/www.europesays.com\/fr\/wp-json\/wp\/v2\/users\/2"}],"replies":[{"embeddable":true,"href":"https:\/\/www.europesays.com\/fr\/wp-json\/wp\/v2\/comments?post=306197"}],"version-history":[{"count":0,"href":"https:\/\/www.europesays.com\/fr\/wp-json\/wp\/v2\/posts\/306197\/revisions"}],"wp:featuredmedia":[{"embeddable":true,"href":"https:\/\/www.europesays.com\/fr\/wp-json\/wp\/v2\/media\/306198"}],"wp:attachment":[{"href":"https:\/\/www.europesays.com\/fr\/wp-json\/wp\/v2\/media?parent=306197"}],"wp:term":[{"taxonomy":"category","embeddable":true,"href":"https:\/\/www.europesays.com\/fr\/wp-json\/wp\/v2\/categories?post=306197"},{"taxonomy":"post_tag","embeddable":true,"href":"https:\/\/www.europesays.com\/fr\/wp-json\/wp\/v2\/tags?post=306197"}],"curies":[{"name":"wp","href":"https:\/\/api.w.org\/{rel}","templated":true}]}}