{"id":30621,"date":"2025-04-17T02:56:09","date_gmt":"2025-04-17T02:56:09","guid":{"rendered":"https:\/\/www.europesays.com\/fr\/30621\/"},"modified":"2025-04-17T02:56:09","modified_gmt":"2025-04-17T02:56:09","slug":"finances-bornes-de-recharge-electrique-chantiers-en-cours-ce-quil-faut-retenir-du-conseil-municipal-de-sollies-ville","status":"publish","type":"post","link":"https:\/\/www.europesays.com\/fr\/30621\/","title":{"rendered":"Finances, bornes de recharge \u00e9lectrique, chantiers en cours&#8230; Ce qu&rsquo;il faut retenir du conseil municipal de Solli\u00e8s-Ville"},"content":{"rendered":"<p>Avec un r\u00e9sultat de cl\u00f4ture de 2,8 millions d\u2019euros en fonctionnement et 261.000\u2005euros en investissement, Solli\u00e8s-Ville d\u00e9gage un exc\u00e9dent de 2,7 millions. Le maire Nicolas G\u00e9rardin a pr\u00e9cis\u00e9: \u00ab\u00a0Le budget primitif de pr\u00e8s de 8 millions d\u00e9montre une bonne ma\u00eetrise des d\u00e9penses (4,78 millions en fonctionnement, 3,1 millions en investissement). En d\u00e9pit d\u2019une l\u00e9g\u00e8re baisse des dotations d\u2019Etat de 3\u2005%, la commune a pris le parti de ne pas alourdir le poids de la fiscalit\u00e9. Les recettes seront compl\u00e9t\u00e9es en cours d\u2019ann\u00e9e par la mobilisation de subventions affect\u00e9es aux projets en cours et aux projets r\u00e9alisables \u00e0 moyen terme.\u00a0\u00bb <\/p>\n<p>Les d\u00e9penses d\u2019investissement sont essentiellement d\u00e9volues aux travaux d\u2019entretien et de mise aux normes du patrimoine immobilier, de voirie et des \u00e9quipements communaux. Mais elles anticipent aussi les \u00ab\u00a0gros dossiers\u00a0\u00bb auxquels la prochaine \u00e9quipe municipale devra faire face.<\/p>\n<p>Le maire a pr\u00e9cis\u00e9 qu\u2019aucune signature de march\u00e9 ne sera faite avant la fin de son mandat. Il a rappel\u00e9 les difficult\u00e9s rencontr\u00e9es pour la mise en \u0153uvre du chantier de la maison de la sant\u00e9 dont les march\u00e9s avaient \u00e9t\u00e9 engag\u00e9s durant le mandat pr\u00e9c\u00e9dent et ensuite difficilement ma\u00eetrisables par la nouvelle \u00e9quipe.<\/p>\n<p>On trouve ainsi dans les provisions d\u2019investissement le projet du futur centre de loisirs et la r\u00e9fection du toit de l\u2019\u00e9glise dont les co\u00fbts avoisinent respectivement 1,1 million et 650.000\u2005euros.<\/p>\n<p>Pour l\u2019\u00e9glise, 50.000\u2005euros seront investis d\u2019ici juin pour lancer la ma\u00eetrise d\u2019\u0153uvre. Nicolas G\u00e9rardin a soulign\u00e9: \u00ab\u00a0La capacit\u00e9 d\u2019endettement est bonne avec un encours de 23\u2005360\u2005euros pour 2025 qui tombera \u00e0 18\u2005455\u2005euros en 2026 et ainsi, l\u2019ex\u00e9cution budg\u00e9taire permettra de conclure une ann\u00e9e pr\u00e9\u00e9lectorale sur un budget sain et efficace.\u00a0\u00bb <\/p>\n<p>Bient\u00f4t des bornes de recharge \u00e9lectrique <\/p>\n<p>Pour les chantiers en cours ou \u00e0 venir, on notera la r\u00e9fection du pont des Daix, l\u2019ach\u00e8vement des travaux de vid\u00e9osurveillance, les parkings des Aiguiers et de la Calade.<\/p>\n<p>Des bornes de recharge \u00e9lectrique devraient \u00eatre install\u00e9es d\u2019ici la fin de l\u2019ann\u00e9e sur les parkings des Aiguiers et de la Burli\u00e8re et les trois panneaux d\u2019information \u00e9lectronique seront remplac\u00e9s.<\/p>\n<p>Les \u00e9lus ont \u00e9galement adopt\u00e9 les nouvelles tarifications pour la cantine (3,60 euros par enfant et 7,20 euros par adulte) et pour l\u2019ODEL Var (110\u2005euros par enfant, quel que soit le quotient familial).<\/p>\n","protected":false},"excerpt":{"rendered":"Avec un r\u00e9sultat de cl\u00f4ture de 2,8 millions d\u2019euros en fonctionnement et 261.000\u2005euros en investissement, Solli\u00e8s-Ville d\u00e9gage un&hellip;\n","protected":false},"author":2,"featured_media":30622,"comment_status":"","ping_status":"","sticky":false,"template":"","format":"standard","meta":{"footnotes":""},"categories":[9619],"tags":[1111,11,1777,674,1011,27,12,882,25,2310,3366],"class_list":{"0":"post-30621","1":"post","2":"type-post","3":"status-publish","4":"format-standard","5":"has-post-thumbnail","7":"category-toulon","8":"tag-actu","9":"tag-actualites","10":"tag-eu","11":"tag-europe","12":"tag-fr","13":"tag-france","14":"tag-news","15":"tag-provence-alpes-cote-dazur","16":"tag-republique-francaise","17":"tag-toulon","18":"tag-vie-locale"},"share_on_mastodon":{"url":"https:\/\/pubeurope.com\/@fr\/114351058746558900","error":""},"_links":{"self":[{"href":"https:\/\/www.europesays.com\/fr\/wp-json\/wp\/v2\/posts\/30621","targetHints":{"allow":["GET"]}}],"collection":[{"href":"https:\/\/www.europesays.com\/fr\/wp-json\/wp\/v2\/posts"}],"about":[{"href":"https:\/\/www.europesays.com\/fr\/wp-json\/wp\/v2\/types\/post"}],"author":[{"embeddable":true,"href":"https:\/\/www.europesays.com\/fr\/wp-json\/wp\/v2\/users\/2"}],"replies":[{"embeddable":true,"href":"https:\/\/www.europesays.com\/fr\/wp-json\/wp\/v2\/comments?post=30621"}],"version-history":[{"count":0,"href":"https:\/\/www.europesays.com\/fr\/wp-json\/wp\/v2\/posts\/30621\/revisions"}],"wp:featuredmedia":[{"embeddable":true,"href":"https:\/\/www.europesays.com\/fr\/wp-json\/wp\/v2\/media\/30622"}],"wp:attachment":[{"href":"https:\/\/www.europesays.com\/fr\/wp-json\/wp\/v2\/media?parent=30621"}],"wp:term":[{"taxonomy":"category","embeddable":true,"href":"https:\/\/www.europesays.com\/fr\/wp-json\/wp\/v2\/categories?post=30621"},{"taxonomy":"post_tag","embeddable":true,"href":"https:\/\/www.europesays.com\/fr\/wp-json\/wp\/v2\/tags?post=30621"}],"curies":[{"name":"wp","href":"https:\/\/api.w.org\/{rel}","templated":true}]}}