{"id":306211,"date":"2025-08-09T00:17:13","date_gmt":"2025-08-09T00:17:13","guid":{"rendered":"https:\/\/www.europesays.com\/fr\/306211\/"},"modified":"2025-08-09T00:17:13","modified_gmt":"2025-08-09T00:17:13","slug":"ladministration-americaine-est-en-train-de-reviser-des-rapports-cruciaux-sur-le-climat","status":"publish","type":"post","link":"https:\/\/www.europesays.com\/fr\/306211\/","title":{"rendered":"L&rsquo;administration am\u00e9ricaine est en train de r\u00e9viser des rapports cruciaux sur le climat"},"content":{"rendered":"<p class=\"c-chapo \">\n  Cette d\u00e9cision survient quelques mois apr\u00e8s le renvoi par l&rsquo;administration en avril des auteurs de la sixi\u00e8me \u00e9dition de ce rapport, qui devait sortir en 2027.\n<\/p>\n<p>            lire plus tard<\/p>\n<p id=\"dialog__title\" class=\"dialog__title\">Pour sauvegarder cet article, connectez-vous ou cr\u00e9ez un compte franceinfo<\/p>\n<p class=\"dialog__description\">Sans paiement. Sans abonnement.<\/p>\n<p>        Fermer la fen\u00eatre d\u2019activation des notifications France Info<\/p>\n<p>            cr\u00e9er votre compte<\/p>\n<p>            se connecter<\/p>\n<p>        Fermer la fen\u00eatre de pr\u00e9sentation<\/p>\n<p>    <img loading=\"lazy\" decoding=\"async\" class=\"signature__image lazyload\" width=\"100\" height=\"100\" data- alt=\"\" src=\"https:\/\/www.europesays.com\/fr\/wp-content\/uploads\/2025\/05\/64a68815cd1a7_placeholder-36b69ec8.png\"\/><\/p>\n<p>    Publi\u00e9 le 08\/08\/2025 23:41<\/p>\n<p>        Temps de lecture : 1min<\/p>\n<p>    <img decoding=\"async\"  alt=\"Le secr\u00e9taire \u00e0 l'Energie am\u00e9ricain, Chris Wright, marche avec un assistant \u00e0 l'exterieur de la Maison Blanche \u00e0 Washington, aux Etats-Unis, le 8 juillet 2025. (ANDREW CABALLERO-REYNOLDS \/ AFP)\" width=\"432\" height=\"243\" src=\"https:\/\/www.europesays.com\/fr\/wp-content\/uploads\/2025\/08\/000-667x928-68966ce55b600182374085.jpg\" fetchpriority=\"high\"\/><\/p>\n<p>      Le secr\u00e9taire \u00e0 l&rsquo;Energie am\u00e9ricain, Chris Wright, marche avec un assistant \u00e0 l&rsquo;exterieur de la Maison Blanche \u00e0 Washington, aux Etats-Unis, le 8 juillet 2025. (ANDREW CABALLERO-REYNOLDS \/ AFP)<\/p>\n<p>C&rsquo;est une d\u00e9marche in\u00e9dite. L&rsquo;administration du pr\u00e9sident am\u00e9ricain <a href=\"https:\/\/www.franceinfo.fr\/monde\/usa\/presidentielle\/donald-trump\/donald-trump-un-climatoscepticisme-assume-et-une-politique-environnementale-controversee_7343712.html\" rel=\"nofollow noopener\" target=\"_blank\">Donald Trump, notoirement climatosceptique<\/a>, a annonc\u00e9 jeudi 7 ao\u00fbt, r\u00e9\u00e9valuer des rapports scientifiques de r\u00e9f\u00e9rence sur le climat, ouvrant la voie \u00e0 leur r\u00e9vision, dans une nouvelle tentative de <a href=\"https:\/\/www.franceinfo.fr\/environnement\/crise-climatique\/cop-climat\/je-n-ai-jamais-vu-ce-genre-d-attaques-a-la-cop29-les-scientifiques-craignent-un-recul-de-la-place-de-la-science-dans-les-negociations-sur-le-climat_6912860.html\" rel=\"nofollow noopener\" target=\"_blank\">remise en cause du consensus scientifique sur le sujet<\/a>.<\/p>\n<p>Le ministre de l&rsquo;Energie, Chris Wright, \u00e9tait interrog\u00e9 mardi sur <a href=\"https:\/\/edition.cnn.com\/2025\/08\/07\/climate\/wright-national-climate-assessments-updating\" target=\"_blank\" rel=\"noopener nofollow\">CNN<\/a> sur le retrait d&rsquo;internet des rapports d&rsquo;\u00e9valuation nationale du climat, des documents utilis\u00e9s depuis 25 ans dans l&rsquo;\u00e9laboration des politiques de r\u00e9ponse au r\u00e9chauffement climatique aux Etats-Unis. C&rsquo;est \u00ab\u00a0parce que nous sommes en train de les r\u00e9viser, et nous publierons des rapports mis \u00e0 jour et accompagn\u00e9s de commentaires\u00a0\u00bb, a-t-il r\u00e9pondu.<\/p>\n<p>Une d\u00e9marche qui survient quelques mois apr\u00e8s le renvoi par <a href=\"https:\/\/www.franceinfo.fr\/environnement\/crise-climatique\/le-gouvernement-de-donald-trump-congedie-les-auteurs-d-un-rapport-crucial-sur-le-climat_7217574.html\" rel=\"nofollow noopener\" target=\"_blank\">l&rsquo;administration en avril des auteurs de la sixi\u00e8me \u00e9dition de ce rapport<\/a>, qui devait sortir en 2027. Publi\u00e9s tous les cinq ans, ces rapports auxquels contribuent diff\u00e9rentes agences f\u00e9d\u00e9rales ainsi que des centaines de chercheurs ext\u00e9rieurs sont des documents de r\u00e9f\u00e9rence sur les impacts du changement climatique d&rsquo;origine humaine dans tous les domaines, notamment \u00e9conomiques.<\/p>\n<p>Bien qu&rsquo;ils ne soient pas contraignants, ces rapports jouent un r\u00f4le majeur aupr\u00e8s des l\u00e9gislateurs, entreprises et gouvernements locaux, les aiguillant dans leur planification de mesures de r\u00e9silience climatique.<\/p>\n<p class=\"related-tags__title\" role=\"heading\" aria-level=\"2\">les mots-cl\u00e9s associ\u00e9s \u00e0 cet article\n    <\/p>\n","protected":false},"excerpt":{"rendered":"Cette d\u00e9cision survient quelques mois apr\u00e8s le renvoi par l&rsquo;administration en avril des auteurs de la sixi\u00e8me \u00e9dition&hellip;\n","protected":false},"author":2,"featured_media":306212,"comment_status":"","ping_status":"","sticky":false,"template":"","format":"standard","meta":{"footnotes":""},"categories":[1589],"tags":[11,73,1866,12,1864,1865,1863,308],"class_list":{"0":"post-306211","1":"post","2":"type-post","3":"status-publish","4":"format-standard","5":"has-post-thumbnail","7":"category-etats-unis","8":"tag-actualites","9":"tag-etats-unis","10":"tag-etats-unis-damerique","11":"tag-news","12":"tag-united-states","13":"tag-united-states-of-america","14":"tag-us","15":"tag-usa"},"share_on_mastodon":{"url":"https:\/\/pubeurope.com\/@fr\/114995936908441900","error":""},"_links":{"self":[{"href":"https:\/\/www.europesays.com\/fr\/wp-json\/wp\/v2\/posts\/306211","targetHints":{"allow":["GET"]}}],"collection":[{"href":"https:\/\/www.europesays.com\/fr\/wp-json\/wp\/v2\/posts"}],"about":[{"href":"https:\/\/www.europesays.com\/fr\/wp-json\/wp\/v2\/types\/post"}],"author":[{"embeddable":true,"href":"https:\/\/www.europesays.com\/fr\/wp-json\/wp\/v2\/users\/2"}],"replies":[{"embeddable":true,"href":"https:\/\/www.europesays.com\/fr\/wp-json\/wp\/v2\/comments?post=306211"}],"version-history":[{"count":0,"href":"https:\/\/www.europesays.com\/fr\/wp-json\/wp\/v2\/posts\/306211\/revisions"}],"wp:featuredmedia":[{"embeddable":true,"href":"https:\/\/www.europesays.com\/fr\/wp-json\/wp\/v2\/media\/306212"}],"wp:attachment":[{"href":"https:\/\/www.europesays.com\/fr\/wp-json\/wp\/v2\/media?parent=306211"}],"wp:term":[{"taxonomy":"category","embeddable":true,"href":"https:\/\/www.europesays.com\/fr\/wp-json\/wp\/v2\/categories?post=306211"},{"taxonomy":"post_tag","embeddable":true,"href":"https:\/\/www.europesays.com\/fr\/wp-json\/wp\/v2\/tags?post=306211"}],"curies":[{"name":"wp","href":"https:\/\/api.w.org\/{rel}","templated":true}]}}