{"id":306223,"date":"2025-08-09T00:24:21","date_gmt":"2025-08-09T00:24:21","guid":{"rendered":"https:\/\/www.europesays.com\/fr\/306223\/"},"modified":"2025-08-09T00:24:21","modified_gmt":"2025-08-09T00:24:21","slug":"pour-mettre-fin-a-la-gangsterisation-et-a-linertie-institutionnelle-de-la-france-la-proposition-de-loi-choc-presentee-par-deux-senateurs","status":"publish","type":"post","link":"https:\/\/www.europesays.com\/fr\/306223\/","title":{"rendered":"Pour mettre fin \u00e0 la \u00abgangst\u00e9risation\u00bb et \u00e0 \u00abl\u2019inertie institutionnelle\u00bb de la France, la proposition de loi choc pr\u00e9sent\u00e9e par deux s\u00e9nateurs"},"content":{"rendered":"<p><strong>EXCLUSIF <\/strong>&#8211; Les s\u00e9nateurs de l\u2019Orne et du Lot Nathalie Goulet et Rapha\u00ebl Daubet d\u00e9plorent un \u00abcloisonnement des administrations\u00bb qui \u00abentrave toute politique efficace de lutte\u00bb contre le blanchiment.<\/p>\n<p class=\"fig-paragraph\">\u00abLe S\u00e9nat d\u00e9nonce une absence de strat\u00e9gie globale, un cloisonnement des administrations, une fragmentation normative et une inertie institutionnelle qui entravent toute politique efficace de lutte contre l\u2019<a href=\"https:\/\/www.lefigaro.fr\/international\/a-chypre-les-autorites-et-le-fbi-traquent-l-argent-sale-russe-20231228\" target=\"_blank\" data-fig-type=\"Article\" rel=\"noopener\" data-gtm-custom-categorie=\"navigation\" data-gtm-custom-action=\"crossclick\" data-gtm-custom-label=\"Contextuel\" data-gtm-event=\"customEventSPE\" data-fig-domain=\"LEFIGARO\">argent sale<\/a> \u00bb en France. Ce constat choc ouvre l\u2019expos\u00e9 des motifs d\u2019une toute nouvelle proposition de loi visant \u00e0 lutter contre la \u00abgangst\u00e9risation\u00bb de la France, d\u00e9pos\u00e9e il y a quelques jours \u00e0 peine par la s\u00e9natrice UDI de l\u2019Orne\u00a0<a href=\"http:\/\/www.lefigaro.fr\/actualite-france\/nathalie-goulet-bloquer-la-contribution-francaise-a-l-union-europeenne-pour-obtenir-l-arret-du-financement-des-freres-musulmans-20250507\" target=\"_blank\" data-fig-type=\"Article\" rel=\"noopener\" data-gtm-custom-categorie=\"navigation\" data-gtm-custom-action=\"crossclick\" data-gtm-custom-label=\"Contextuel\" data-gtm-event=\"customEventSPE\" data-fig-domain=\"LEFIGARO\">Nathalie Goulet<\/a>, sp\u00e9cialis\u00e9e dans la\u00a0<a href=\"http:\/\/www.lefigaro.fr\/actualite-france\/entre-israel-et-la-france-un-accord-pour-lutter-contre-la-grande-delinquance-economique-et-financiere-20221026\" target=\"_blank\" data-fig-type=\"Article\" rel=\"noopener\" data-gtm-custom-categorie=\"navigation\" data-gtm-custom-action=\"crossclick\" data-gtm-custom-label=\"Contextuel\" data-gtm-event=\"customEventSPE\" data-fig-domain=\"LEFIGARO\">d\u00e9linquance financi\u00e8re<\/a>\u00a0et auteur de L\u2019argent du terrorisme (\u00e9ditions du Cherche Midi, 2025), et le s\u00e9nateur RDSE du Lot Rapha\u00ebl Daubet.<\/p>\n<p class=\"fig-paragraph\">\u00abLe dispositif actuel souffre d\u2019un empilement de r\u00e8gles, d\u2019une sous-dotation chronique des organes de r\u00e9gulation, d\u2019un manque d\u2019interop\u00e9rabilit\u00e9 entre les fichiers publics et d\u2019un retard dans la mise en \u0153uvre des technologies de d\u00e9tection\u00bb, poursuit ce texte l\u00e9gislatif, d\u00e9pos\u00e9 au S\u00e9nat le 31 juillet, un mois apr\u00e8s la remise \u00e0\u00a0<a href=\"http:\/\/www.lefigaro.fr\/politique\/guillaume-tabard-gerard-larcher-et-yael-braun-pivet-veulent-conjurer-l-immobilisme-20250617\" target=\"_blank\" data-fig-type=\"Article\" rel=\"noopener\" data-gtm-custom-categorie=\"navigation\" data-gtm-custom-action=\"crossclick\" data-gtm-custom-label=\"Contextuel\" data-gtm-event=\"customEventSPE\" data-fig-domain=\"LEFIGARO\">G\u00e9rard Larcher<\/a>\u00a0d\u2019un long rapport intitul\u00e9 \u00abCes dizaines de milliards\u2026<\/p>\n<p class=\"fig-premium-paywall__infos\">\n        Cet article est r\u00e9serv\u00e9 aux abonn\u00e9s.        Il vous reste 86% \u00e0 d\u00e9couvrir.\n    <\/p>\n<p>                <img  data- alt=\"Le Figaro\" class=\"fig-img--complete fig-img\"\/><\/p>\n<p class=\"fig-premium-paywall__title\">Vous avez envie de lire la suite ?<\/p>\n<p class=\"fig-premium-paywall__subtitle\">D\u00e9bloquez tous les articles imm\u00e9diatement.<\/p>\n<p class=\"fig-premium-paywall__connect\">\n                D\u00e9j\u00e0 abonn\u00e9\u00a0?                <a class=\"fig-premium-paywall__connect-link\" href=\"https:\/\/connect.lefigaro.fr\/login?client=horizon_web&amp;type=main&amp;redirect_uri=https%3A%2F%2Fwww.lefigaro.fr%2Factualite-france%2Fpour-mettre-fin-a-la-gangsterisation-et-a-l-inertie-institutionnelle-de-la-france-la-proposition-de-loi-choc-presentee-par-deux-senateurs-20250808\" data-js-gtm=\"{&quot;customCategorie&quot;: &quot;conversion&quot;, &quot;customAction&quot;: &quot;before_Landing_Connexion_paywall_auto&quot;, &quot;customLabel&quot;: &quot;bGVmaWdhcm8uZnJfXzFmMDc0NmJhLTNjMGUtNmViYy04Yjc5LWJmZmUyYjIyMGQ1Nl9fQXJ0aWNsZQ==_Pour mettre fin \u00e0 la \u00abgangst\u00e9risation\u00bb et \u00e0 \u00abl\u2019inertie institutionnelle\u00bb de la France, la proposition de loi choc pr\u00e9sent\u00e9e par deux s\u00e9nateurs_387&quot;, &quot;customIDSPE&quot;: &quot;bGVmaWdhcm8uZnJfXzFmMDc0NmJhLTNjMGUtNmViYy04Yjc5LWJmZmUyYjIyMGQ1Nl9fQXJ0aWNsZQ==&quot;, &quot;event&quot;: &quot;customEventSPE&quot;}\" target=\"_blank\" rel=\"noopener\"><br \/>\n                    Connectez-vous<br \/>\n                <\/a>\n            <\/p>\n","protected":false},"excerpt":{"rendered":"EXCLUSIF &#8211; Les s\u00e9nateurs de l\u2019Orne et du Lot Nathalie Goulet et Rapha\u00ebl Daubet d\u00e9plorent un \u00abcloisonnement des&hellip;\n","protected":false},"author":2,"featured_media":306224,"comment_status":"","ping_status":"","sticky":false,"template":"","format":"standard","meta":{"footnotes":""},"categories":[4],"tags":[11,1261,3849,2951,1011,27,12,25],"class_list":{"0":"post-306223","1":"post","2":"type-post","3":"status-publish","4":"format-standard","5":"has-post-thumbnail","7":"category-france","8":"tag-actualites","9":"tag-argent","10":"tag-blanchiment","11":"tag-criminalite","12":"tag-fr","13":"tag-france","14":"tag-news","15":"tag-republique-francaise"},"share_on_mastodon":{"url":"https:\/\/pubeurope.com\/@fr\/114995965058267248","error":""},"_links":{"self":[{"href":"https:\/\/www.europesays.com\/fr\/wp-json\/wp\/v2\/posts\/306223","targetHints":{"allow":["GET"]}}],"collection":[{"href":"https:\/\/www.europesays.com\/fr\/wp-json\/wp\/v2\/posts"}],"about":[{"href":"https:\/\/www.europesays.com\/fr\/wp-json\/wp\/v2\/types\/post"}],"author":[{"embeddable":true,"href":"https:\/\/www.europesays.com\/fr\/wp-json\/wp\/v2\/users\/2"}],"replies":[{"embeddable":true,"href":"https:\/\/www.europesays.com\/fr\/wp-json\/wp\/v2\/comments?post=306223"}],"version-history":[{"count":0,"href":"https:\/\/www.europesays.com\/fr\/wp-json\/wp\/v2\/posts\/306223\/revisions"}],"wp:featuredmedia":[{"embeddable":true,"href":"https:\/\/www.europesays.com\/fr\/wp-json\/wp\/v2\/media\/306224"}],"wp:attachment":[{"href":"https:\/\/www.europesays.com\/fr\/wp-json\/wp\/v2\/media?parent=306223"}],"wp:term":[{"taxonomy":"category","embeddable":true,"href":"https:\/\/www.europesays.com\/fr\/wp-json\/wp\/v2\/categories?post=306223"},{"taxonomy":"post_tag","embeddable":true,"href":"https:\/\/www.europesays.com\/fr\/wp-json\/wp\/v2\/tags?post=306223"}],"curies":[{"name":"wp","href":"https:\/\/api.w.org\/{rel}","templated":true}]}}