{"id":306225,"date":"2025-08-09T00:25:32","date_gmt":"2025-08-09T00:25:32","guid":{"rendered":"https:\/\/www.europesays.com\/fr\/306225\/"},"modified":"2025-08-09T00:25:32","modified_gmt":"2025-08-09T00:25:32","slug":"cameron-young-bien-parti-pour-remporter-son-premier-titre-les-francais-decroches-dans-la-course-aux-playoffs","status":"publish","type":"post","link":"https:\/\/www.europesays.com\/fr\/306225\/","title":{"rendered":"Cameron Young bien parti pour remporter son premier titre, les Fran\u00e7ais d\u00e9croch\u00e9s dans la course aux playoffs"},"content":{"rendered":"<p>\t\t\t\t\t\t<img width=\"770\" height=\"556\" src=\"https:\/\/www.europesays.com\/fr\/wp-content\/uploads\/2025\/08\/afp__20250802__2228237998__v1__midres__wyndhamchampionship2025roundthree-770x556.jpg\" class=\"img-responsive wp-post-image\" alt=\"Photo by Jared C. Tilton \/ GETTY IMAGES NORTH AMERICA \/ Getty Images via AFP\" decoding=\"async\" fetchpriority=\"high\"  \/>\t\t\t\t\t<\/p>\n<p>\t\t\t\t\t\t Partager cet article <\/p>\n<p class=\"screen-reader-text juiz_sps_maybe_hidden_text\">Partager la publication \u00ab\u00a0Cameron Young bien parti pour remporter son premier titre, les Fran\u00e7ais d\u00e9croch\u00e9s dans la course aux playoffs\u00a0\u00bb<\/p>\n<p><strong>Cameron Young compte cinq coups d\u2019avance avant le dernier tour du Wyndham Championship, et entrevoit enfin sa premi\u00e8re victoire sur le PGA Tour et une participation \u00e0 la Ryder Cup dans son jardin de Bethpage Black. Dans un contexte de qualifications pour les playoffs ultra-serr\u00e9, les Fran\u00e7ais sont distanc\u00e9s.<\/strong><\/p>\n<p>\t\t\t\t\t<a id=\"181426\" href=\"https:\/\/leclub-golf.com\/fr\/green-fees?online=1&amp;utm_source=golf+planete&amp;utm_medium=referral&amp;utm_campaign=green+fee+en+ligne&amp;utm_id=green+fee+en+ligne_golf+planete_referral_banner\" target=\"_blank\" rel=\"sponsorised nofollow noopener\"><img decoding=\"async\" src=\"data:image\/svg+xml,%3Csvg%20xmlns=\" http:=\"\" class=\"img-responsive\" alt=\"\" data-lazy-src=\"https:\/\/www.europesays.com\/fr\/wp-content\/uploads\/2025\/08\/leclubgolf-e09-effet-classique-1170x275png.png\"\/><\/a><\/p>\n<p><strong>Cameron Young<\/strong> s\u2019est offert samedi une occasion en or de d\u00e9crocher enfin une victoire tant attendue sur le <strong>PGA Tour<\/strong>, en prenant les commandes du <strong>Wyndham Championship<\/strong> \u00e0 Greensboro, en Caroline du Nord. Apr\u00e8s la fin du 2e tour, repouss\u00e9e \u00e0 samedi matin en raison des orages vendredi, l\u2019Am\u00e9ricain a parfaitement n\u00e9goci\u00e9 son 3e tour, affichant un jeu solide et une ma\u00eetrise impressionnante, notamment par son toucher autour des greens.<\/p>\n<p><a href=\"https:\/\/www.pgatour.com\/tournaments\/2025\/wyndham-championship\/R2025013\/leaderboard\" rel=\"nofollow noopener\" target=\"_blank\">Retrouvez le classement complet<\/a><\/p>\n<p>Consid\u00e9r\u00e9 comme le meilleur joueur \u00e0 n\u2019avoir jamais remport\u00e9 de tournoi avec d\u00e9j\u00e0 sept places de 2e depuis ses d\u00e9buts en 2021, notamment un volet des <strong>World Golf Championships<\/strong> et le <strong>British Open<\/strong> de 2022 \u00e0 <strong>St. Andrews<\/strong>, Cameron Young a su g\u00e9rer la pression lors de cette avant-derni\u00e8re journ\u00e9e d\u00e9cisive. Apr\u00e8s 40 trous sans bogey, il a rebondi d\u2019un rare accroc au 14 pour creuser l\u2019\u00e9cart gr\u00e2ce \u00e0 un birdie au 15 et reprendre jusqu\u2019\u00e0 sept coups d\u2019avance \u00e0 un moment donn\u00e9. Le Colombien <strong>Nico Echavarria <\/strong>a cependant r\u00e9duit l\u2019\u00e9cart \u00e0 cinq unit\u00e9s en jouant 64 (-6).<\/p>\n<p>Le spectacle est aussi venu de <strong>Sami V\u00e4lim\u00e4ki<\/strong>, auteur d\u2019un eagle sur le par 4 du 17 en rentrant son approche depuis 140 m\u00e8tres.<\/p>\n<p>\t\t\t\t\t<a id=\"181434\" href=\"https:\/\/www.omegaeuropeanmasters.com\/fr\/tickets\/tickets\" target=\"_blank\" rel=\"sponsorised nofollow noopener\"><img decoding=\"async\" src=\"data:image\/svg+xml,%3Csvg%20xmlns=\" http:=\"\" class=\"img-responsive\" alt=\"\" data-lazy-src=\"https:\/\/www.europesays.com\/fr\/wp-content\/uploads\/2025\/08\/omegamasters-e02-billetterie-om25-1170x275-1.jpg\"\/><\/a><\/p>\n<blockquote class=\"twitter-tweet\" data-media-max-width=\"560\">\n<p dir=\"ltr\" lang=\"fi\">All the way from Finland \ud83c\uddeb\ud83c\uddee<\/p>\n<p>Sami V\u00e4lim\u00e4ki holes out from 153 yards for eagle at the <a href=\"https:\/\/twitter.com\/WyndhamChamp?ref_src=twsrc%5Etfw\" rel=\"nofollow noopener\" target=\"_blank\">@WyndhamChamp<\/a>!<\/p>\n<p>\ud83d\udcfa CBS <a href=\"https:\/\/t.co\/28S5LNIvWO\" rel=\"nofollow\">pic.twitter.com\/28S5LNIvWO<\/a><\/p>\n<p>\u2014 PGA TOUR (@PGATOUR) <a href=\"https:\/\/twitter.com\/PGATOUR\/status\/1951726867259576738?ref_src=twsrc%5Etfw\" rel=\"nofollow noopener\" target=\"_blank\">August 2, 2025<\/a><\/p>\n<\/blockquote>\n<p>\t\t\t\t\t<a id=\"181417\" href=\"https:\/\/cabotbordeaux.com\/fr\/booking\/training-golf\" target=\"_blank\" rel=\"sponsorised nofollow noopener\"><img decoding=\"async\" src=\"data:image\/svg+xml,%3Csvg%20xmlns=\" http:=\"\" class=\"img-responsive\" alt=\"\" data-lazy-src=\"https:\/\/www.europesays.com\/fr\/wp-content\/uploads\/2025\/08\/cabot-e04-stage-septembre-1170x275-1.gif\"\/><\/a><br \/>\nLa Ryder Cup en ligne de mire<\/p>\n<p>\u00ab\u00a0J\u2019ai termin\u00e9 deuxi\u00e8me \u00e0 plusieurs reprises. Je me suis souvent fait battre. Dans tous ces cas, j\u2019ai bien jou\u00e9 le dimanche, a-t-il d\u00e9clar\u00e9. C\u2019est tout ce que je vais essayer de faire demain. Je vais partir d\u2019une bonne position, donc je vais juste essayer de battre le deuxi\u00e8me par le plus grand nombre de points possible.\u00a0\u00bb<\/p>\n<p>Cameron Young n\u2019a besoin que d\u2019un 67 pour \u00e9tablir un nouveau record dans ce tournoi mais ce qui compte pour lui, c\u2019est un titre du PGA Tour. Surtout que son objectif ultime est de faire partie de l\u2019\u00e9quipe de la <strong>Ryder Cup<\/strong> au <strong>Bethpage Black<\/strong>, o\u00f9 son p\u00e8re a longtemps \u00e9t\u00e9 le head pro et il est devenu le premier amateur \u00e0 remporter le <strong>New York State Open<\/strong> en 2017, \u00e9tablissant un record du parcours \u00e0 l\u2019\u00e9poque avec un 64\u2026.<\/p>\n<p>\u00ab Cela a \u00e9t\u00e9 un objectif toute l\u2019ann\u00e9e, a-t-il ajout\u00e9. Dans un coin de ma t\u00eate, j\u2019essaie de m\u2019imaginer faire partie de cette \u00e9quipe. \u00bb<\/p>\n<p>\t\t\t\t\t<a id=\"181452\" href=\"https:\/\/www.fourseasonsmegevecollectionproam.com\/\" target=\"_blank\" rel=\"sponsorised nofollow noopener\"><img decoding=\"async\" src=\"data:image\/svg+xml,%3Csvg%20xmlns=\" http:=\"\" class=\"img-responsive\" alt=\"\" data-lazy-src=\"https:\/\/www.europesays.com\/fr\/wp-content\/uploads\/2025\/08\/swing-e05-proam-megeve25-1170x275-1.gif\"\/><\/a><\/p>\n<p>\t\t\t\t\t<a id=\"181442\" href=\"https:\/\/www.formigolf.fr\/voyage-pays~fairplay_golf__spa_resort_5etoiles_cadiz~199~espagne\" target=\"_blank\" rel=\"sponsorised nofollow noopener\"><img decoding=\"async\" src=\"data:image\/svg+xml,%3Csvg%20xmlns=\" http:=\"\" class=\"img-responsive\" alt=\"\" data-lazy-src=\"https:\/\/www.europesays.com\/fr\/wp-content\/uploads\/2025\/08\/formigolf-e08-andalousie-cadiz-1170x275-1.gif\"\/><\/a><br \/>\nDes places pour les playoffs tr\u00e8s ch\u00e8res<\/p>\n<p>Si les chances de rejoindre les playoffs de la <strong>FedExCup<\/strong> sont devenues tr\u00e8s minces, pour ne pas dire inexistantes c\u00f4t\u00e9 tricolore, la bataille fait rage. <a href=\"https:\/\/www.golfplanete.com\/actualites\/pga-tour-fedex-cup-les-francais-qualifies-pour-les-playoffs-si\/\" rel=\"nofollow noopener\" target=\"_blank\">Pour rappel, <strong>Matthieu Pavon<\/strong> et <strong>Victor Perez<\/strong> ont besoin d\u2019une victoire<\/a> (une 2e place peut suffire \u00e0 Victor Perez selon les cas) pour se qualifier pour le <strong>FedEx St. Jude Championship<\/strong> (7 au 10 ao\u00fbt), premier tournoi des playoffs.<\/p>\n<p>Le Tarbais s\u2019est certes hiss\u00e9 au 36e rang en signant un 69 (-1) ponctu\u00e9 de deux birdies et un bogey, mais le Bordelais a recul\u00e9 de 35 places apr\u00e8s avoir jou\u00e9 74 (+4). Apr\u00e8s un aller boucl\u00e9 en 32 (-3), Matthieu Pavon a jou\u00e9 +7 au retour avec notamment deux double bogeys au 15 et au 18.<\/p>\n<p>Respectivement 3e et 9e, <strong>Chris Kirk <\/strong>et<strong> Gary Woodland<\/strong>, tous deux en dehors du top 70 (qualificatif) de la FedEx Cup avant le tournoi, semblent bien partis pour rallier Memphis. 13e, l\u2019Allemand <strong>Matti Schmid<\/strong> est projet\u00e9 \u00e0 la 65e place, huit points devant <strong>Nicolai H\u00f8jgaard<\/strong>, tandis que son fr\u00e8re <strong>Rasmus <\/strong>semble distanc\u00e9. Mais une place dans le champ du St. Jude la semaine prochaine se jouera sur un rien.<\/p>\n<p>\t\t\t\t<img loading=\"lazy\" decoding=\"async\" src=\"data:image\/svg+xml,%3Csvg%20xmlns=\" http:=\"\" attributionsrc=\"\" border=\"0\" height=\"1\" width=\"1\" alt=\"Advertisement\" data-lazy-src=\"https:\/\/www.europesays.com\/fr\/wp-content\/uploads\/2025\/08\/B33661776.421948095;dc_trk_aid=614321628;dc_trk_cid=235413172;ord=[timestamp];dc_lat=;dc_rdid=;tag_f.gif\"\/><\/p>\n<p>\t\t\t\t\t<a id=\"174697\" href=\"https:\/\/ad.doubleclick.net\/ddm\/trackclk\/N6600.3770024GOLFPLANATE\/B33661776.421948095;dc_trk_aid=614321628;dc_trk_cid=235413172;dc_lat=;dc_rdid=;tag_for_child_directed_treatment=;tfua=;gdpr=${GDPR};gdpr_consent=${GDPR_CONSENT_755};ltd=;dc_tdv=1\" target=\"_blank\" rel=\"sponsorised nofollow noopener\"><img fetchpriority=\"high\" decoding=\"async\" src=\"https:\/\/www.europesays.com\/fr\/wp-content\/uploads\/2025\/06\/amundi-e01-retraite-2506-1170x275-1.jpg\" class=\"img-responsive\" alt=\"\"\/><\/a><br \/>\nLe leaderboard\u00a0<\/p>\n<p><img loading=\"lazy\" decoding=\"async\" class=\"aligncenter wp-image-181353 size-full\" src=\"data:image\/svg+xml,%3Csvg%20xmlns=\" http:=\"\" alt=\"\" width=\"775\" height=\"1156\" data-lazy- data-lazy- data-lazy-src=\"https:\/\/www.europesays.com\/fr\/wp-content\/uploads\/2025\/08\/wyndham-tour-3.jpg\"\/><\/p>\n<p>Photo Jared C. Tilton \/ Getty Images via AFP<\/p>\n<p>\t\t\t<script async src=\"https:\/\/platform.twitter.com\/widgets.js\" charset=\"utf-8\"><\/script><\/p>\n","protected":false},"excerpt":{"rendered":"Partager cet article Partager la publication \u00ab\u00a0Cameron Young bien parti pour remporter son premier titre, les Fran\u00e7ais d\u00e9croch\u00e9s&hellip;\n","protected":false},"author":2,"featured_media":306226,"comment_status":"","ping_status":"","sticky":false,"template":"","format":"standard","meta":{"footnotes":""},"categories":[1418],"tags":[1011,27,1472,60],"class_list":{"0":"post-306225","1":"post","2":"type-post","3":"status-publish","4":"format-standard","5":"has-post-thumbnail","7":"category-golf","8":"tag-fr","9":"tag-france","10":"tag-golf","11":"tag-sports"},"share_on_mastodon":{"url":"https:\/\/pubeurope.com\/@fr\/114995968327051597","error":""},"_links":{"self":[{"href":"https:\/\/www.europesays.com\/fr\/wp-json\/wp\/v2\/posts\/306225","targetHints":{"allow":["GET"]}}],"collection":[{"href":"https:\/\/www.europesays.com\/fr\/wp-json\/wp\/v2\/posts"}],"about":[{"href":"https:\/\/www.europesays.com\/fr\/wp-json\/wp\/v2\/types\/post"}],"author":[{"embeddable":true,"href":"https:\/\/www.europesays.com\/fr\/wp-json\/wp\/v2\/users\/2"}],"replies":[{"embeddable":true,"href":"https:\/\/www.europesays.com\/fr\/wp-json\/wp\/v2\/comments?post=306225"}],"version-history":[{"count":0,"href":"https:\/\/www.europesays.com\/fr\/wp-json\/wp\/v2\/posts\/306225\/revisions"}],"wp:featuredmedia":[{"embeddable":true,"href":"https:\/\/www.europesays.com\/fr\/wp-json\/wp\/v2\/media\/306226"}],"wp:attachment":[{"href":"https:\/\/www.europesays.com\/fr\/wp-json\/wp\/v2\/media?parent=306225"}],"wp:term":[{"taxonomy":"category","embeddable":true,"href":"https:\/\/www.europesays.com\/fr\/wp-json\/wp\/v2\/categories?post=306225"},{"taxonomy":"post_tag","embeddable":true,"href":"https:\/\/www.europesays.com\/fr\/wp-json\/wp\/v2\/tags?post=306225"}],"curies":[{"name":"wp","href":"https:\/\/api.w.org\/{rel}","templated":true}]}}