{"id":306227,"date":"2025-08-09T00:26:09","date_gmt":"2025-08-09T00:26:09","guid":{"rendered":"https:\/\/www.europesays.com\/fr\/306227\/"},"modified":"2025-08-09T00:26:09","modified_gmt":"2025-08-09T00:26:09","slug":"volleyball-can-u20-dames-les-lioncelles-dominent-louganda-3-0-et-rejoignent-les-1-2-finale","status":"publish","type":"post","link":"https:\/\/www.europesays.com\/fr\/306227\/","title":{"rendered":"Volleyball &#8211; CAN U20 Dames &#8211; Les Lioncelles dominent l&rsquo;Ouganda (3-0) et rejoignent les 1\/2 finale"},"content":{"rendered":"<p>Le S\u00e9n\u00e9gal a r\u00e9ussi \u00e0 se hisser dans le carr\u00e9 d\u2019as de la Coupe d\u2019Afrique des Nations U20 de volleyball. Les Lioncelles ont pris le dessus sur l\u2019Ouganda, ce vendredi matin sur le score de 3 sets \u00e0 0.<\/p>\n<p>Dans un match d\u00e9cisif ce vendredi matin contre l\u2019Ouganda, le S\u00e9n\u00e9gal a marqu\u00e9 encore une fois le pas. En match de qualification pour les demi-finales de la CAN de volleyball U20, l\u2019\u00e9quipe s\u00e9n\u00e9galaise a domin\u00e9 son adversaire sur le score de 3 sets \u00e0 0.<\/p>\n<p>Une victoire qui permet aux Lioncelles de rejoindre le dernier carr\u00e9 de la comp\u00e9tition. Pour l\u2019heure, l\u2019adversaire en demies n\u2019est pas encore connu, mais le S\u00e9n\u00e9gal devrait disputer sa demi-finale ce week-end.<\/p>\n<p>\u00a0<\/p>\n<p>wiwsport.com<\/p>\n","protected":false},"excerpt":{"rendered":"Le S\u00e9n\u00e9gal a r\u00e9ussi \u00e0 se hisser dans le carr\u00e9 d\u2019as de la Coupe d\u2019Afrique des Nations U20&hellip;\n","protected":false},"author":2,"featured_media":306228,"comment_status":"","ping_status":"","sticky":false,"template":"","format":"standard","meta":{"footnotes":""},"categories":[1417],"tags":[1011,27,60,1470,1469],"class_list":{"0":"post-306227","1":"post","2":"type-post","3":"status-publish","4":"format-standard","5":"has-post-thumbnail","7":"category-volley","8":"tag-fr","9":"tag-france","10":"tag-sports","11":"tag-volley","12":"tag-volleyball"},"share_on_mastodon":{"url":"","error":""},"_links":{"self":[{"href":"https:\/\/www.europesays.com\/fr\/wp-json\/wp\/v2\/posts\/306227","targetHints":{"allow":["GET"]}}],"collection":[{"href":"https:\/\/www.europesays.com\/fr\/wp-json\/wp\/v2\/posts"}],"about":[{"href":"https:\/\/www.europesays.com\/fr\/wp-json\/wp\/v2\/types\/post"}],"author":[{"embeddable":true,"href":"https:\/\/www.europesays.com\/fr\/wp-json\/wp\/v2\/users\/2"}],"replies":[{"embeddable":true,"href":"https:\/\/www.europesays.com\/fr\/wp-json\/wp\/v2\/comments?post=306227"}],"version-history":[{"count":0,"href":"https:\/\/www.europesays.com\/fr\/wp-json\/wp\/v2\/posts\/306227\/revisions"}],"wp:featuredmedia":[{"embeddable":true,"href":"https:\/\/www.europesays.com\/fr\/wp-json\/wp\/v2\/media\/306228"}],"wp:attachment":[{"href":"https:\/\/www.europesays.com\/fr\/wp-json\/wp\/v2\/media?parent=306227"}],"wp:term":[{"taxonomy":"category","embeddable":true,"href":"https:\/\/www.europesays.com\/fr\/wp-json\/wp\/v2\/categories?post=306227"},{"taxonomy":"post_tag","embeddable":true,"href":"https:\/\/www.europesays.com\/fr\/wp-json\/wp\/v2\/tags?post=306227"}],"curies":[{"name":"wp","href":"https:\/\/api.w.org\/{rel}","templated":true}]}}